{"id":444,"date":"2004-08-09T07:00:00","date_gmt":"2004-08-09T07:00:00","guid":{"rendered":"https:\/\/moir.org.co\/web\/reforma-tributaria-hara-colapsar-cultivo-del-arroz-en-colombia\/"},"modified":"2004-08-09T07:00:00","modified_gmt":"2004-08-09T07:00:00","slug":"reforma-tributaria-hara-colapsar-cultivo-del-arroz-en-colombia","status":"publish","type":"post","link":"https:\/\/moir.com.co\/web\/reforma-tributaria-hara-colapsar-cultivo-del-arroz-en-colombia\/","title":{"rendered":"&#8220;REFORMA TRIBUTARIA HAR\u00c1 COLAPSAR CULTIVO DEL ARROZ EN COLOMBIA&#8221;"},"content":{"rendered":"<p>Asociaci\u00f3n Nacional por la Salvaci\u00f3n Agropecuaria, Ibagu\u00e9, octubre 1 de 2002.<\/p>\n<p>Cuando termin\u00f3 la d\u00e9cada de los 90 con la borrasca de la apertura, que borr\u00f3 de un tajo cultivos transitorios como el ma\u00edz, algod\u00f3n, sorgo y soya entre otros, y dej\u00f3 agonizando el caf\u00e9, arroz y hortalizas, no mencionando el trigo que desapareci\u00f3 por la misma causa en la d\u00e9cada de los 60; los arroceros pens\u00e1bamos que ya lo peor hab\u00eda pasado, nuestros mayores problemas eran los insumos y los costos del cultivo que incrementaban su precio en un 20 por ciento anual mientras el de nuestras cosechas \u00fanicamente se incrementaba a la mitad de esa tasa, colaborando siempre con la baja inflaci\u00f3n que proyectaban los diferentes gobiernos.<\/p>\n<p>Sufrimos mucho con la importaci\u00f3n de arroz del Ecuador y de Estados Unidos, adem\u00e1s del contrabando; ni que hablar del calvario de la sobreproducci\u00f3n del Meta y Casanare a mitad de a\u00f1o, siempre lo llevamos a cuestas bajando nuestros precios c\u00edclicamente, pero a pesar de todo hab\u00edamos logrado subsistir con m\u00e1rgenes de rentabilidad muy bajos. En este a\u00f1o al bajar el precio del arroz en el mes de agosto de 67 mil a 63 mil pesos la carga de paddy, ni siquiera la intervenci\u00f3n de la Federaci\u00f3n de arroceros en la compra de 50 mil toneladas de paddy hizo mover el mercado, lo cual hab\u00edamos anunciado, a la gran moliner\u00eda y a los comerciantes no los ha inmutado esa medida, al gobierno menos; por esta raz\u00f3n a principios de septiembre nos alarmamos con la noticia de la importaci\u00f3n de 150 mil toneladas de arroz del Ecuador que llegar\u00e1n a partir de febrero del 2003, la explicaci\u00f3n es que nunca nos hab\u00edan anunciado esta maldici\u00f3n con tanta anticipaci\u00f3n.<\/p>\n<p>Nunca pas\u00f3 por nuestra mente que al men\u00fa de males anteriormente mencionados se le podr\u00edan adicionar otros peores. \u00a1Pues s\u00ed! Pensamos que con el pretendido ingreso de Colombia al ALCA, el gobierno iba a velar por hacernos m\u00e1s competitivos. \u00a1Pues no! Imag\u00ednense que la Reforma Tributaria que present\u00f3 el gobierno la semana pasada, a consideraci\u00f3n del Congreso de la Rep\u00fablica, donde se grava toda la cadena del arroz, desde el impuesto al patrimonio (o sea a nuestras tierras y viviendas), y a la renta, hasta el IVA del cinco por ciento para el agua de riego, semillas y siembra de cosechas, arrendamientos, fumigaci\u00f3n a\u00e9rea y terrestre, o sea los de los cacorros o bombas de espalda, es decir los m\u00e1s pobres de los pobres; la trilla y secamiento de productos agr\u00edcolas, asistencia t\u00e9cnica del sector agropecuario, maquinar\u00eda agr\u00edcola, recolecci\u00f3n, preparaci\u00f3n de la tierra, insecticidas, herbicidas, fungicidas; abonos qu\u00edmicos, nitrogenados, fosfatados y pot\u00e1sicos; administraci\u00f3n, operaci\u00f3n y conservaci\u00f3n de los distritos de riego, es decir, toda la cadena de producci\u00f3n del arroz, lo cual nos representa la bobadita de m\u00e1s de 200 mil pesos por hect\u00e1rea, lo que significa, toda la rentabilidad que daba un cultivo de arroz con producci\u00f3n de 120 bultos por hect\u00e1rea que no es nada f\u00e1cil de producir, con los costos de cultivo que hab\u00edan antes del incremento de los insumos que hubo en el mes de agosto (entre el 6 y 8 por ciento). Lo que significa ni m\u00e1s ni menos, que la desaparici\u00f3n de la viabilidad del cultivo de arroz.<\/p>\n<p>\u00a1Pero ojo!, que no todo termina aqu\u00ed, adem\u00e1s de gravar toda la cadena de la producci\u00f3n y algunos insumos y servicios doblemente, tambi\u00e9n gravan con IVA del cinco por ciento el producto terminado, o sea, el arroz blanco y empaquetado.<\/p>\n<p>Este adefesio o proyecto de Reforma Tributaria nos debe unir a todos los agricultores con el prop\u00f3sito de que sea retirado del Congreso de la Rep\u00fablica y m\u00e1s bien presenten uno que conceda todos los est\u00edmulos y subsidios no solamente al arroz, sino a todos los cultivos, s\u00ed es que pretenden que alg\u00fan d\u00eda Colombia se integre en la globalizaci\u00f3n al Area del Libre Comercio de las Am\u00e9ricas ALCA.<\/p>\n<p>Con costos en los insumos agroqu\u00edmicos superiores en un 50 por ciento a los que tienen nuestros pa\u00edses vecinos con los cuales nos pretenden integrar, y adicion\u00e1ndole una Reforma Tributaria de este corte, terminamos de perder lo que nos queda de la seguridad alimentaria y de la soberan\u00eda en el agro colombiano.<\/p>\n<p>ANGEL MARIA CABALLERO<br \/>\nPresidente<\/p>\n","protected":false},"excerpt":{"rendered":"<p>Asociaci\u00f3n Nacional por la Salvaci\u00f3n Agropecuaria, Ibagu\u00e9, octubre 1 de 2002. Cuando termin\u00f3 la d\u00e9cada de los 90 con la borrasca de la apertura, que borr\u00f3 de un tajo cultivos transitorios como el ma\u00edz, algod\u00f3n, sorgo y soya entre otros, y dej\u00f3 agonizando el caf\u00e9, arroz y hortalizas, no mencionando el trigo que desapareci\u00f3 por [&hellip;]<\/p>\n","protected":false},"author":1,"featured_media":0,"comment_status":"open","ping_status":"open","sticky":false,"template":"","format":"standard","meta":{"advanced_seo_description":"","jetpack_seo_html_title":"","jetpack_seo_noindex":false,"_jetpack_memberships_contains_paid_content":false,"footnotes":""},"categories":[7],"tags":[],"class_list":["post-444","post","type-post","status-publish","format-standard","hentry","category-pronunciamientos-de-organizaciones-sociales"],"jetpack_featured_media_url":"","jetpack-related-posts":[{"id":443,"url":"https:\/\/moir.com.co\/web\/golpe-mortal-al-agro-nacional-a-los-cultivadores-de-arroz-y-distritos-de-riego\/","url_meta":{"origin":444,"position":0},"title":"&#8220;GOLPE MORTAL AL AGRO NACIONAL, A LOS CULTIVADORES DE ARROZ Y DISTRITOS DE RIEGO&#8221;","author":"admin","date":"agosto 9, 2004","format":false,"excerpt":"Asociaci\u00f3n Nacional por la Salvaci\u00f3n Agropecuaria, Ibagu\u00e9, septiembre 24 de 2002. No nos hemos repuesto del bajonazo en el precio del arroz en el mes de agosto, cuando Minagricultura al iniciar septiembre nos sacudi\u00f3 en plena cosecha del Llano, con la importaci\u00f3n de 150 mil toneladas de arroz ecuatoriano a\u2026","rel":"","context":"En \u00abPronunciamientos de Organizaciones Sociales\u00bb","block_context":{"text":"Pronunciamientos de Organizaciones Sociales","link":"https:\/\/moir.com.co\/web\/category\/pronunciamientos-de-organizaciones-sociales\/"},"img":{"alt_text":"","src":"","width":0,"height":0},"classes":[]},{"id":447,"url":"https:\/\/moir.com.co\/web\/angel-maria-caballero-hizo-energicas-declaraciones-salvacion-agropecuaria-dice-no-al-servilismo-de-la-sac\/","url_meta":{"origin":444,"position":1},"title":"ANGEL MAR\u00cdA CABALLERO HIZO EN\u00c9RGICAS DECLARACIONES. SALVACI\u00d3N AGROPECUARIA DICE: NO AL &#8220;SERVILISMO&#8221; DE LA SAC","author":"admin","date":"agosto 9, 2004","format":false,"excerpt":"La Asociaci\u00f3n Nacional por la Salvaci\u00f3n Agropecuaria expres\u00f3 ayer su inconformismo por las declaraciones dadas por Rafael Hern\u00e1ndez Lozano, presidente de la Sociedad de Agricultores de Colombia, SAC, en el sentido de apoyar las iniciativas del Gobierno nacional que seg\u00fan este dirigente, \"buscan fomentar el crecimiento del sector y el\u2026","rel":"","context":"En \u00abPronunciamientos de Organizaciones Sociales\u00bb","block_context":{"text":"Pronunciamientos de Organizaciones Sociales","link":"https:\/\/moir.com.co\/web\/category\/pronunciamientos-de-organizaciones-sociales\/"},"img":{"alt_text":"","src":"","width":0,"height":0},"classes":[]},{"id":680,"url":"https:\/\/moir.com.co\/web\/se-perdio-el-encanto-y-llegamos-a-la-cruel-realidad\/","url_meta":{"origin":444,"position":2},"title":"SE PERDIO EL ENCANTO Y LLEGAMOS A LA CRUEL REALIDAD","author":"admin","date":"agosto 11, 2004","format":false,"excerpt":"Salvaci\u00f3n Agropecuaria, agosto 18 de 2004 Para los que so\u00f1\u00e1bamos con la exclusi\u00f3n del arroz de las negociaciones del TLC, qued\u00f3 claro que NO. Hernando Jos\u00e9 G\u00f3mez Jefe de las negociaciones por parte de Colombia as\u00ed lo expreso en Ibagu\u00e9 el pasado 14 de Agosto ante la sociedad colombiana de\u2026","rel":"","context":"En \u00abPronunciamientos de Organizaciones Sociales\u00bb","block_context":{"text":"Pronunciamientos de Organizaciones Sociales","link":"https:\/\/moir.com.co\/web\/category\/pronunciamientos-de-organizaciones-sociales\/"},"img":{"alt_text":"","src":"","width":0,"height":0},"classes":[]},{"id":462,"url":"https:\/\/moir.com.co\/web\/el-cultivo-del-arroz-y-las-siete-plagas-de-egipto\/","url_meta":{"origin":444,"position":3},"title":"EL CULTIVO DEL ARROZ Y LAS SIETE PLAGAS DE EGIPTO","author":"admin","date":"agosto 9, 2004","format":false,"excerpt":"Asociaci\u00f3n Nacional por la Salvaci\u00f3n Agropeciaria, Ibagu\u00e9, diciembre 13 de 2002. Agoniza el Cultivo del Arroz entre la Demagogia del Gobierno, la Falta de Semillas, la Antit\u00e9cnica, los Costos de los Insumos, los Ruinosos Precios del Grano, la Carga Tributaria y los Tratados Internacionales (Pacto Andino y ALCA). El incremento\u2026","rel":"","context":"En \u00abPronunciamientos de Organizaciones Sociales\u00bb","block_context":{"text":"Pronunciamientos de Organizaciones Sociales","link":"https:\/\/moir.com.co\/web\/category\/pronunciamientos-de-organizaciones-sociales\/"},"img":{"alt_text":"","src":"","width":0,"height":0},"classes":[]},{"id":668,"url":"https:\/\/moir.com.co\/web\/precio-del-arroz-es-un-fiasco\/","url_meta":{"origin":444,"position":4},"title":"&#8220;PRECIO DEL ARROZ ES UN FIASCO&#8221;","author":"admin","date":"agosto 11, 2004","format":false,"excerpt":"Redacci\u00f3n local, El Nuevo D\u00eda, Ibagu\u00e9, julio 4 de 2004 El precio de la carga de paddy verde, de 70 mil pesos, fijado por el Gobierno nacional el primero de julio para los Llanos Orientales, caus\u00f3 una gran frustraci\u00f3n en los productores de arroz de los distritos de riego en\u2026","rel":"","context":"En \u00abPronunciamientos de Organizaciones Sociales\u00bb","block_context":{"text":"Pronunciamientos de Organizaciones Sociales","link":"https:\/\/moir.com.co\/web\/category\/pronunciamientos-de-organizaciones-sociales\/"},"img":{"alt_text":"","src":"","width":0,"height":0},"classes":[]},{"id":5819,"url":"https:\/\/moir.com.co\/web\/plagas-del-arroz-tienen-causas-economicas-y-sociales-no-solo-climaticas-afirma-el-senador-robledo\/","url_meta":{"origin":444,"position":5},"title":"Plagas del arroz tienen causas econ\u00f3micas y sociales, no solo clim\u00e1ticas, afirma el senador Robledo","author":"admin","date":"agosto 2, 2011","format":false,"excerpt":"P\u00e9rdidas multimillonarias. Hoy, 400 mil hect\u00e1reas menos de cultivos que en 1990, seg\u00fan el DANE. Dice el ministro Restrepo que, aunque el arroz colombiano no sea competitivo frente al de EU, de todos modos habr\u00e1 TLC. Se crea la Asociaci\u00f3n por la Dignidad Arrocera. Las plagas que hoy infestan los\u2026","rel":"","context":"En \u00abJorge Enrique Robledo\u00bb","block_context":{"text":"Jorge Enrique Robledo","link":"https:\/\/moir.com.co\/web\/category\/jorge-enrique-robledo\/"},"img":{"alt_text":"","src":"https:\/\/i0.wp.com\/img.youtube.com\/vi\/99g_yZmp650\/0.jpg?resize=350%2C200","width":350,"height":200},"classes":[]}],"jetpack_sharing_enabled":true,"_links":{"self":[{"href":"https:\/\/moir.com.co\/web\/wp-json\/wp\/v2\/posts\/444","targetHints":{"allow":["GET"]}}],"collection":[{"href":"https:\/\/moir.com.co\/web\/wp-json\/wp\/v2\/posts"}],"about":[{"href":"https:\/\/moir.com.co\/web\/wp-json\/wp\/v2\/types\/post"}],"author":[{"embeddable":true,"href":"https:\/\/moir.com.co\/web\/wp-json\/wp\/v2\/users\/1"}],"replies":[{"embeddable":true,"href":"https:\/\/moir.com.co\/web\/wp-json\/wp\/v2\/comments?post=444"}],"version-history":[{"count":0,"href":"https:\/\/moir.com.co\/web\/wp-json\/wp\/v2\/posts\/444\/revisions"}],"wp:attachment":[{"href":"https:\/\/moir.com.co\/web\/wp-json\/wp\/v2\/media?parent=444"}],"wp:term":[{"taxonomy":"category","embeddable":true,"href":"https:\/\/moir.com.co\/web\/wp-json\/wp\/v2\/categories?post=444"},{"taxonomy":"post_tag","embeddable":true,"href":"https:\/\/moir.com.co\/web\/wp-json\/wp\/v2\/tags?post=444"}],"curies":[{"name":"wp","href":"https:\/\/api.w.org\/{rel}","templated":true}]}}