{"id":443,"date":"2004-08-09T07:00:00","date_gmt":"2004-08-09T07:00:00","guid":{"rendered":"https:\/\/moir.org.co\/web\/golpe-mortal-al-agro-nacional-a-los-cultivadores-de-arroz-y-distritos-de-riego\/"},"modified":"2004-08-09T07:00:00","modified_gmt":"2004-08-09T07:00:00","slug":"golpe-mortal-al-agro-nacional-a-los-cultivadores-de-arroz-y-distritos-de-riego","status":"publish","type":"post","link":"https:\/\/moir.com.co\/web\/golpe-mortal-al-agro-nacional-a-los-cultivadores-de-arroz-y-distritos-de-riego\/","title":{"rendered":"&#8220;GOLPE MORTAL AL AGRO NACIONAL, A LOS CULTIVADORES DE ARROZ Y DISTRITOS DE RIEGO&#8221;"},"content":{"rendered":"<p>Asociaci\u00f3n Nacional por la Salvaci\u00f3n Agropecuaria, Ibagu\u00e9, septiembre 24 de 2002.<\/p>\n<p>No nos hemos repuesto del bajonazo en el precio del arroz en el mes de agosto, cuando Minagricultura al iniciar septiembre nos sacudi\u00f3 en plena cosecha del Llano, con la importaci\u00f3n de 150 mil toneladas de arroz ecuatoriano a partir del 1\u00ba de febrero del a\u00f1o entrante, pero como decimos: \u201cToda situaci\u00f3n por grave que sea es susceptible a empeorar\u201d. El gobierno nacional acaba de presentar a consideraci\u00f3n del Congreso de la Rep\u00fablica una nueva Reforma Tributaria, la cual debe recaudar en los pr\u00f3ximos cuatro a\u00f1os, 11 billones de pesos. Adem\u00e1s del grav\u00e1men o nuevo impuesto al patrimonio l\u00edquido del 1.2 por ciento que grava nuestras tierras y propiedades, se pretende imponer IVA del 5 por ciento a los siguientes bienes y servicios del agro colombiano:<\/p>\n<p>Harina de arroz y otros cereales, Arroz, Semillas para siembra, Abonos minerales o qu\u00edmicos nitrogenados, fosfatados o pot\u00e1sicos; Plaguicidas e insecticidas, Neum\u00e1ticos para tractores, Empaques de yute, c\u00e1\u00f1amo, fique y cabuya del mismo; Herramientas de mano agr\u00edcola; Coque, Aparatos para riego, M\u00e1quinas y artefactos agr\u00edcolas para la preparaci\u00f3n, trabajo del suelo o para el cultivo; M\u00e1quinas para cosechar o trillar, Guada\u00f1adoras, Tractores agr\u00edcolas, Remolques para uso agr\u00edcola, Dise\u00f1os de sistemas de riego, su instalaci\u00f3n, construcci\u00f3n, operaci\u00f3n, administraci\u00f3n y conservaci\u00f3n, Preparaci\u00f3n y limpieza de terrenos para siembra, control de plagas, enfermedades y malezas, incluida fumigaci\u00f3n a\u00e9rea y terrestre de cultivos, corte y recolecci\u00f3n mecanizada de productos agropecuarios, Trilla y secamiento de productos agr\u00edcolas, la siembra de cosechas, Construcci\u00f3n de drenajes para agricultura, selecci\u00f3n, clasificaci\u00f3n y el empaque de productos agropecuarios sin procesamiento industrial, Asistencia t\u00e9cnica del sector agropecuario, Comisiones que se realicen a trav\u00e9s de la Bolsa de Productos Agropecuarios legalmente constituidas.<\/p>\n<p>Como si fuera poco, en el mes de agosto se autoriz\u00f3 por parte del Ministerio de Agricultura, incremento en los insumos, entre el 6 y el 8 por ciento.<\/p>\n<p>No import\u00f3 que el 80 por ciento de los pobladores del campo sean pobres y el 50 por ciento vivan en la miseria, o que haya 2.5 millones de campesinos desplazados en los cinturones de miseria de las ciudades; no qued\u00f3 casi animal o especie vegetal campesina o agropecuaria que no fuera gravada. Seg\u00fan el Presidente de la SAC, este gravamen y los dem\u00e1s que vienen, como el de la Renta que sube un 10 por ciento, van a hacer m\u00e1s competitivas a las cadenas productivas. \u00bfEn qu\u00e9 mundo vive?.<\/p>\n<p>\u00bfPor qu\u00e9 no incrementan los aranceles para desestimular las importaciones de alimentos?<\/p>\n<p>\u00bfPor qu\u00e9 no controlan los incrementos en los costos de los insumos?<\/p>\n<p>\u00bfSer\u00e1 l\u00f3gico, que mientras los pa\u00edses industrializados incrementan los subsidios al agro para el ingreso al ALCA, nosotros incrementamos los impuestos?.<\/p>\n<p>Ante la magnitud del desastre que padecemos, en el cual est\u00e1 en juego la seguridad alimentaria, el empleo rural y la propia soberan\u00eda nacional, no nos queda la menor duda que esta Reforma Tributaria va a terminar de marchitar al agro y a traer m\u00e1s desempleo y miseria a nuestros campos, por lo cual expresamos nuestro m\u00e1s en\u00e9rgico rechazo y, muy especialmente le solicitamos al gobierno nacional, retirar de ella todos los puntos que gravan con IVA los insumos, bienes y servicios del agro colombiano.<\/p>\n<p>ANGEL MARIA CABALLERO<br \/>\nPresidente<\/p>\n<p>AURELIO SUAREZ MONTOYA<br \/>\nCoordinador Nacional<\/p>\n","protected":false},"excerpt":{"rendered":"<p>Asociaci\u00f3n Nacional por la Salvaci\u00f3n Agropecuaria, Ibagu\u00e9, septiembre 24 de 2002. No nos hemos repuesto del bajonazo en el precio del arroz en el mes de agosto, cuando Minagricultura al iniciar septiembre nos sacudi\u00f3 en plena cosecha del Llano, con la importaci\u00f3n de 150 mil toneladas de arroz ecuatoriano a partir del 1\u00ba de febrero [&hellip;]<\/p>\n","protected":false},"author":1,"featured_media":0,"comment_status":"open","ping_status":"open","sticky":false,"template":"","format":"standard","meta":{"advanced_seo_description":"","jetpack_seo_html_title":"","jetpack_seo_noindex":false,"_jetpack_memberships_contains_paid_content":false,"footnotes":""},"categories":[7],"tags":[],"class_list":["post-443","post","type-post","status-publish","format-standard","hentry","category-pronunciamientos-de-organizaciones-sociales"],"jetpack_featured_media_url":"","jetpack-related-posts":[{"id":444,"url":"https:\/\/moir.com.co\/web\/reforma-tributaria-hara-colapsar-cultivo-del-arroz-en-colombia\/","url_meta":{"origin":443,"position":0},"title":"&#8220;REFORMA TRIBUTARIA HAR\u00c1 COLAPSAR CULTIVO DEL ARROZ EN COLOMBIA&#8221;","author":"admin","date":"agosto 9, 2004","format":false,"excerpt":"Asociaci\u00f3n Nacional por la Salvaci\u00f3n Agropecuaria, Ibagu\u00e9, octubre 1 de 2002. Cuando termin\u00f3 la d\u00e9cada de los 90 con la borrasca de la apertura, que borr\u00f3 de un tajo cultivos transitorios como el ma\u00edz, algod\u00f3n, sorgo y soya entre otros, y dej\u00f3 agonizando el caf\u00e9, arroz y hortalizas, no mencionando\u2026","rel":"","context":"En \u00abPronunciamientos de Organizaciones Sociales\u00bb","block_context":{"text":"Pronunciamientos de Organizaciones Sociales","link":"https:\/\/moir.com.co\/web\/category\/pronunciamientos-de-organizaciones-sociales\/"},"img":{"alt_text":"","src":"","width":0,"height":0},"classes":[]},{"id":999,"url":"https:\/\/moir.com.co\/web\/se-cocina-paro-nacional-arrocero\/","url_meta":{"origin":443,"position":1},"title":"SE COCINA PARO NACIONAL ARROCERO","author":"admin","date":"septiembre 7, 2004","format":false,"excerpt":"Oscar Var\u00f3n, El NUevo D\u00eda, Ibagu\u00e9, septiembre 13 de 2004 La semana arranc\u00f3 con una nueva reducci\u00f3n de los precios de arroz en el pa\u00eds. Esto desencadenar\u00e1 un paro nacional de los productores del cereal, del cual se definir\u00e1 su hora cero el pr\u00f3ximo jueves 16 de septiembre cuando diferentes\u2026","rel":"","context":"En \u00abPronunciamientos de Organizaciones Sociales\u00bb","block_context":{"text":"Pronunciamientos de Organizaciones Sociales","link":"https:\/\/moir.com.co\/web\/category\/pronunciamientos-de-organizaciones-sociales\/"},"img":{"alt_text":"","src":"","width":0,"height":0},"classes":[]},{"id":20095,"url":"https:\/\/moir.com.co\/web\/gran-jornada-por-la-defensa-del-arroz\/","url_meta":{"origin":443,"position":2},"title":"GRAN JORNADA POR LA DEFENSA DEL ARROZ","author":"admin","date":"septiembre 16, 2004","format":false,"excerpt":"Miles de arroceros de los distritos de riego del Tolima y el Huila, dirigentes de decenas de municipios, alcaldes, concejales y diputados, transportadores, comerciantes y trabajadores agr\u00edcolas de la zona, organizaciones sociales y sindicales de los departamentos de Tolima y Huila y los afiliados a la Asociacion Nacional por la\u2026","rel":"","context":"En \u00abTribuna Roja N\u00ba 97; septiembre 28 de 2004\u00bb","block_context":{"text":"Tribuna Roja N\u00ba 97; septiembre 28 de 2004","link":"https:\/\/moir.com.co\/web\/category\/tribuna-roja\/ediciones-2000-2004\/tribuna-roja-no-97-septiembre-28-de-2004\/"},"img":{"alt_text":"","src":"","width":0,"height":0},"classes":[]},{"id":668,"url":"https:\/\/moir.com.co\/web\/precio-del-arroz-es-un-fiasco\/","url_meta":{"origin":443,"position":3},"title":"&#8220;PRECIO DEL ARROZ ES UN FIASCO&#8221;","author":"admin","date":"agosto 11, 2004","format":false,"excerpt":"Redacci\u00f3n local, El Nuevo D\u00eda, Ibagu\u00e9, julio 4 de 2004 El precio de la carga de paddy verde, de 70 mil pesos, fijado por el Gobierno nacional el primero de julio para los Llanos Orientales, caus\u00f3 una gran frustraci\u00f3n en los productores de arroz de los distritos de riego en\u2026","rel":"","context":"En \u00abPronunciamientos de Organizaciones Sociales\u00bb","block_context":{"text":"Pronunciamientos de Organizaciones Sociales","link":"https:\/\/moir.com.co\/web\/category\/pronunciamientos-de-organizaciones-sociales\/"},"img":{"alt_text":"","src":"","width":0,"height":0},"classes":[]},{"id":3330,"url":"https:\/\/moir.com.co\/web\/senador-robledo-defiende-la-produccion-arrocera-y-demas-produccion-agropecuaria-y-la-industrial\/","url_meta":{"origin":443,"position":4},"title":"SENADOR ROBLEDO DEFIENDE LA PRODUCCI\u00d3N ARROCERA Y DEM\u00c1S PRODUCCI\u00d3N AGROPECUARIA Y LA INDUSTRIAL","author":"admin","date":"julio 29, 2009","format":false,"excerpt":"Ayer, en la plenaria del Senado, el senador Jorge Enrique Robledo explic\u00f3 c\u00f3mo el \u201clibre comercio\u201d sigue haci\u00e9ndole un grave da\u00f1o a la producci\u00f3n nacional. Mostr\u00f3 como ejemplo del desastre agropecuaria a la producci\u00f3n arrocera, y calific\u00f3 de \u201cgrav\u00edsima\u201d la crisis de este importante rengl\u00f3n agr\u00edcola. El congresista del Polo\u2026","rel":"","context":"En \u00abJorge Enrique Robledo\u00bb","block_context":{"text":"Jorge Enrique Robledo","link":"https:\/\/moir.com.co\/web\/category\/jorge-enrique-robledo\/"},"img":{"alt_text":"","src":"","width":0,"height":0},"classes":[]},{"id":650,"url":"https:\/\/moir.com.co\/web\/politicas-de-uribe-afectan-sector-arrocero\/","url_meta":{"origin":443,"position":5},"title":"POL\u00cdTICAS DE URIBE AFECTAN SECTOR ARROCERO","author":"admin","date":"agosto 11, 2004","format":false,"excerpt":"En la agon\u00eda del gobierno Gaviria los ministros de aquella \u00e9poca se comprometieron en la OMC (Organizaci\u00f3n Mundial del Comercio), que a partir del 1 de enero de 2004 \"la fijaci\u00f3n de precios de absorci\u00f3n de cosechas quede ligada a los precios internacionales\", es decir se abandona el criterio con\u2026","rel":"","context":"En \u00abPronunciamientos de Organizaciones Sociales\u00bb","block_context":{"text":"Pronunciamientos de Organizaciones Sociales","link":"https:\/\/moir.com.co\/web\/category\/pronunciamientos-de-organizaciones-sociales\/"},"img":{"alt_text":"","src":"","width":0,"height":0},"classes":[]}],"jetpack_sharing_enabled":true,"_links":{"self":[{"href":"https:\/\/moir.com.co\/web\/wp-json\/wp\/v2\/posts\/443","targetHints":{"allow":["GET"]}}],"collection":[{"href":"https:\/\/moir.com.co\/web\/wp-json\/wp\/v2\/posts"}],"about":[{"href":"https:\/\/moir.com.co\/web\/wp-json\/wp\/v2\/types\/post"}],"author":[{"embeddable":true,"href":"https:\/\/moir.com.co\/web\/wp-json\/wp\/v2\/users\/1"}],"replies":[{"embeddable":true,"href":"https:\/\/moir.com.co\/web\/wp-json\/wp\/v2\/comments?post=443"}],"version-history":[{"count":0,"href":"https:\/\/moir.com.co\/web\/wp-json\/wp\/v2\/posts\/443\/revisions"}],"wp:attachment":[{"href":"https:\/\/moir.com.co\/web\/wp-json\/wp\/v2\/media?parent=443"}],"wp:term":[{"taxonomy":"category","embeddable":true,"href":"https:\/\/moir.com.co\/web\/wp-json\/wp\/v2\/categories?post=443"},{"taxonomy":"post_tag","embeddable":true,"href":"https:\/\/moir.com.co\/web\/wp-json\/wp\/v2\/tags?post=443"}],"curies":[{"name":"wp","href":"https:\/\/api.w.org\/{rel}","templated":true}]}}