{"id":442,"date":"2004-08-09T07:00:00","date_gmt":"2004-08-09T07:00:00","guid":{"rendered":"https:\/\/moir.org.co\/web\/la-asociacion-nacional-por-la-salvacion-agropecuaria-ratifica-su-participacion-en-la-jornada-del-16-de-septiembre-proximo-po\/"},"modified":"2004-08-09T07:00:00","modified_gmt":"2004-08-09T07:00:00","slug":"la-asociacion-nacional-por-la-salvacion-agropecuaria-ratifica-su-participacion-en-la-jornada-del-16-de-septiembre-proximo-po","status":"publish","type":"post","link":"https:\/\/moir.com.co\/web\/la-asociacion-nacional-por-la-salvacion-agropecuaria-ratifica-su-participacion-en-la-jornada-del-16-de-septiembre-proximo-po\/","title":{"rendered":"LA ASOCIACI\u00d3N NACIONAL POR LA SALVACI\u00d3N AGROPECUARIA RATIFICA SU PARTICIPACI\u00d3N EN LA JORNADA DEL 16 DE SEPTIEMBRE PR\u00d3XIMO PO"},"content":{"rendered":"<p>Luego de haberse desarrollado una Audiencia de discusi\u00f3n en la Comisi\u00f3n Quinta de la C\u00e1mara de Representantes, sobre las pol\u00edticas oficiales hacia el sector agrario entre distintas organizaciones de productores y campesinos y el ministro de Agricultura, Carlos Gustavo Cano, la Asociaci\u00f3n Nacional por la Salvaci\u00f3n Agropecuaria mantuvo su decisi\u00f3n de adelantar la Jornada prevista para el 16 de Septiembre. En dicha sesi\u00f3n se hizo evidente que el gobierno actual contin\u00faa adelantando las mismas pol\u00edticas neoliberales que en los \u00faltimos a\u00f1os llevaron a la bancarrota al principal sector primario del pa\u00eds. Esas pol\u00edticas, que disminuyeron, entre  1990 y 2000, m\u00e1s de un 40% el n\u00famero de kilogramos de cereales y productos alimentarios b\u00e1sicos por habitante, que redujeron la superficie cultivada en casi un mill\u00f3n de hect\u00e1reas, que han significado la p\u00e9rdida de m\u00e1s de 200.000 empleos rurales y que han llevado a una concentraci\u00f3n escandalosa en el cr\u00e9dito, eliminando al peque\u00f1o productor de los m\u00ednimos recursos de capital, encontraron en este gobierno un ferviente continuador.   <\/p>\n<p>Tres hechos, en apenas un mes de gobierno, ratifican la afirmaci\u00f3n anterior. Primero, el ACUERDO suscrito entre el gobierno y la Federaci\u00f3n de Cafeteros que rebaja el precio interno al disminuir el subsidio de apoyo y que elimina la protecci\u00f3n estatal a los programas de renovaci\u00f3n, asistencia t\u00e9cnica y cr\u00e9dito. Segundo, el convenio con el gobierno ecuatoriano de permitir a partir de febrero de 2003, la importaci\u00f3n de 150.000 toneladas de arroz, importaci\u00f3n decretada en plena recolecci\u00f3n de la cosecha del Meta, Casanare y Tolima y la cual comenzar\u00e1 a llegar en el periodo en que se culminar\u00eda la recolecci\u00f3n de la gran cosecha del centro del pa\u00eds, adem\u00e1s de un incremento en el mes de agosto de los insumos agropecuarios entre el seis y el ocho por ciento. Todos demuestran que siguen los mismos par\u00e1metros alrededor del comercio exterior agr\u00edcola y de la p\u00e9rdida de la  soberan\u00eda alimentaria.   <\/p>\n<p>Pero el m\u00e1s importante atentado reciente contra el agro nacional es la actitud condescendiente con las exigencias de la multinacionales de agroqu\u00edmicos, representadas en el gobierno norteamericano, quienes est\u00e1n exigiendo la prohibici\u00f3n del comercio de agroqu\u00edmicos gen\u00e9ricos en Colombia. Esta exigencia desmedida reclama la &#8220;propiedad intelectual&#8221; sobre productos de conocimiento universal al permitir s\u00f3lo la venta de las presentaciones comerciales de las f\u00f3rmulas compuestas de los agentes qu\u00edmicos activos. Es una agresi\u00f3n similar a la que van a imponer las multinacionales de la industria farmac\u00e9utica a todos los colombianos en el caso de los medicamentos. Para renglones como la papa, el fr\u00edjol y el arroz, donde los costos de los insumos equivalen a m\u00e1s del 40% del total, o en el ma\u00edz, el algod\u00f3n y la palma africana, donde se acercan al 30%, la supresi\u00f3n del comercio de gen\u00e9ricos los har\u00eda pr\u00e1cticamente inviables ante la competencia internacional, m\u00e1xime cuando hoy los plaguicidas y fertilizantes en Colombia son casi los m\u00e1s caros de Am\u00e9rica del Sur.   <\/p>\n<p>Bajo el chantaje de los &#8220;beneficios del ATPA&#8221; se quiere obligar a trasladarle, mediante el mecanismo prohibitivo, 500 millones de d\u00f3lares m\u00e1s a los 600 que vale hoy en el pa\u00eds el mercado de agroqu\u00edmicos manejado por las firmas internacionales. Ardides, como el de satisfacer solamente por tres a\u00f1os tales gabelas, deben entenderse como una prerrogativa temporal en tanto entre a operar el ALCA en el 2005, acuerdo que consagrar\u00e1 de modo permanente ese nuevo instrumento de enriquecimiento denominado de &#8220;cobro de la propiedad intelectual&#8221;.   <\/p>\n<p>La Asociaci\u00f3n Nacional por la Salvaci\u00f3n Agropecuaria entiende la Jornada del pr\u00f3ximo 16 de Septiembre dentro de su t\u00e1ctica de Resistencia Civil que adelantar\u00e1 mediante conferencias, asambleas, desfiles y movilizaciones en la mayor\u00eda de las regiones del pa\u00eds.   <\/p>\n<p>Ibagu\u00e9, 14 de Septiembre de 2002<\/p>\n<p>ANGEL MARIA CABALLERO<br \/>\nPresidente<br \/>\nAURELIO SU\u00c1REZ MONTOYA<br \/>\nDirector Ejecutivo<\/p>\n","protected":false},"excerpt":{"rendered":"<p>Luego de haberse desarrollado una Audiencia de discusi\u00f3n en la Comisi\u00f3n Quinta de la C\u00e1mara de Representantes, sobre las pol\u00edticas oficiales hacia el sector agrario entre distintas organizaciones de productores y campesinos y el ministro de Agricultura, Carlos Gustavo Cano, la Asociaci\u00f3n Nacional por la Salvaci\u00f3n Agropecuaria mantuvo su decisi\u00f3n de adelantar la Jornada prevista [&hellip;]<\/p>\n","protected":false},"author":1,"featured_media":0,"comment_status":"open","ping_status":"open","sticky":false,"template":"","format":"standard","meta":{"advanced_seo_description":"","jetpack_seo_html_title":"","jetpack_seo_noindex":false,"_jetpack_memberships_contains_paid_content":false,"footnotes":""},"categories":[7],"tags":[],"class_list":["post-442","post","type-post","status-publish","format-standard","hentry","category-pronunciamientos-de-organizaciones-sociales"],"jetpack_featured_media_url":"","jetpack-related-posts":[{"id":429,"url":"https:\/\/moir.com.co\/web\/por-la-defensa-de-la-produccion-agropecuaria-y-contra-el-alca\/","url_meta":{"origin":442,"position":0},"title":"POR LA DEFENSA DE LA PRODUCCION AGROPECUARIA Y CONTRA EL ALCA","author":"admin","date":"agosto 8, 2004","format":false,"excerpt":"Asociaci\u00f3n Nacional por la Salvaci\u00f3n Agropecuaria, Ibagu\u00e9, julio 6 de 2002 Las pol\u00edticas antiagrarias que han predominado en el pa\u00eds, especialmente a partir de 1990, desde cuando Estados Unidos, el FMI y las dem\u00e1s agencias internacionales de cr\u00e9dito impusieron la globalizaci\u00f3n neoliberal, se intensificar\u00e1n con la entrada en vigor de\u2026","rel":"","context":"En \u00abPronunciamientos de Organizaciones Sociales\u00bb","block_context":{"text":"Pronunciamientos de Organizaciones Sociales","link":"https:\/\/moir.com.co\/web\/category\/pronunciamientos-de-organizaciones-sociales\/"},"img":{"alt_text":"","src":"","width":0,"height":0},"classes":[]},{"id":433,"url":"https:\/\/moir.com.co\/web\/exitosa-y-fructifera-reunion-de-la-junta-nacional-de-la-asociacion-por-la-salvacion-agropecuaria\/","url_meta":{"origin":442,"position":1},"title":"EXITOSA Y FRUCTIFERA REUNI\u00d3N DE LA JUNTA NACIONAL DE LA ASOCIACI\u00d3N POR LA SALVACI\u00d3N AGROPECUARIA","author":"admin","date":"agosto 8, 2004","format":false,"excerpt":"Ibagu\u00e9, julio 9 de 2002 Luego de que la mayor\u00eda de los delegados a la Junta Nacional de la Asociaci\u00f3n por la Salvaci\u00f3n Agropecuaria asistieran el viernes 5 de julio al Tercer Foro Nacional Agropecuario convocado por la Gobernaci\u00f3n del Tolima en la ciudad de Ibagu\u00e9 y, el cual fue\u2026","rel":"","context":"En \u00abPronunciamientos de Organizaciones Sociales\u00bb","block_context":{"text":"Pronunciamientos de Organizaciones Sociales","link":"https:\/\/moir.com.co\/web\/category\/pronunciamientos-de-organizaciones-sociales\/"},"img":{"alt_text":"","src":"","width":0,"height":0},"classes":[]},{"id":550,"url":"https:\/\/moir.com.co\/web\/miles-de-agricultores-indigenas-y-productores-agropecuarios-desfilaran-en-bogota-contra-el-alca-en-martes-12-de-agosto\/","url_meta":{"origin":442,"position":2},"title":"MILES DE AGRICULTORES IND\u00cdGENAS Y PRODUCTORES AGROPECUARIOS DESFILAR\u00c1N EN BOGOT\u00c1 CONTRA EL ALCA EN MARTES 12 DE AGOSTO","author":"admin","date":"agosto 10, 2004","format":false,"excerpt":"Salvaci\u00f3n Agropecuaria, agosto 8 de 2003 Delegaciones de m\u00e1s de 20 departamentos, de cerca de 200 municipios, representando a los productores colombianos de caf\u00e9, arroz, panela, leche, hortalizas, banano y pl\u00e1tano y de los principales g\u00e9neros agropecuarios, desfilar\u00e1n el martes 12 de agosto, despu\u00e9s del medio d\u00eda, por las calles\u2026","rel":"","context":"En \u00abPronunciamientos de Organizaciones Sociales\u00bb","block_context":{"text":"Pronunciamientos de Organizaciones Sociales","link":"https:\/\/moir.com.co\/web\/category\/pronunciamientos-de-organizaciones-sociales\/"},"img":{"alt_text":"","src":"","width":0,"height":0},"classes":[]},{"id":20094,"url":"https:\/\/moir.com.co\/web\/congreso-de-la-asociacion-nacional-por-la-salvacion-agropecuaria-en-caldas\/","url_meta":{"origin":442,"position":3},"title":"CONGRESO DE LA ASOCIACI\u00d3N NACIONAL POR LA SALVACI\u00d3N AGROPECUARIA EN CALDAS","author":"admin","date":"septiembre 16, 2004","format":false,"excerpt":"Con 160 delegados de quince municipios del departamento y nueve organizaciones del sector agrario, la Asociaci\u00f3n Nacional por la Salvaci\u00f3n Agropecuaria, cap\u00edtulo Caldas, celebr\u00f3 el pasado 06 de septiembre en la ciudad de Manizales su Primer Congreso Departamental Agrario \u00abEl agro caldense frente al ALCA y al TLC\u00bb, para analizar\u2026","rel":"","context":"En \u00abTribuna Roja N\u00ba 97; septiembre 28 de 2004\u00bb","block_context":{"text":"Tribuna Roja N\u00ba 97; septiembre 28 de 2004","link":"https:\/\/moir.com.co\/web\/category\/tribuna-roja\/ediciones-2000-2004\/tribuna-roja-no-97-septiembre-28-de-2004\/"},"img":{"alt_text":"","src":"","width":0,"height":0},"classes":[]},{"id":1279,"url":"https:\/\/moir.com.co\/web\/los-agricultores-de-colombia-presentes-en-la-jornada-nacional-del-12-de-octubre\/","url_meta":{"origin":442,"position":4},"title":"LOS AGRICULTORES DE COLOMBIA PRESENTES EN LA JORNADA NACIONAL DEL 12 DE OCTUBRE","author":"admin","date":"septiembre 28, 2005","format":false,"excerpt":"Asociaci\u00f3n Nacional por la Salvaci\u00f3n Agropecuaria, Ibagu\u00e9, octubre 8 de 2005 Una vez el presidente \u00c1lvaro Uribe ha manifestado la determinaci\u00f3n de firmar como sea el Tratado de Libre Comercio con Estados Unidos, inclusive reconociendo de manera t\u00e1cita que el sector agropecuario nacional se puede afectar sobremanera, es menester que\u2026","rel":"","context":"En \u00abPronunciamientos de Organizaciones Sociales\u00bb","block_context":{"text":"Pronunciamientos de Organizaciones Sociales","link":"https:\/\/moir.com.co\/web\/category\/pronunciamientos-de-organizaciones-sociales\/"},"img":{"alt_text":"","src":"","width":0,"height":0},"classes":[]},{"id":487,"url":"https:\/\/moir.com.co\/web\/convocatoria-de-la-vii-junta-directiva-nacional-de-la-asociacion-nacional-por-la-salvacion-agropecuaria\/","url_meta":{"origin":442,"position":5},"title":"CONVOCATORIA DE LA VII JUNTA DIRECTIVA NACIONAL DE LA ASOCIACI\u00d3N NACIONAL POR LA SALVACI\u00d3N AGROPECUARIA","author":"admin","date":"agosto 9, 2004","format":false,"excerpt":"Asociaci\u00f3n Nacional por la Salvaci\u00f3n Agropecuaria, Ibagu\u00e9, marzo 11 de 2003 Despu\u00e9s de transcurridos m\u00e1s de ocho meses de la posesi\u00f3n de Alvaro Uribe V\u00e9lez en la Presidencia de la Rep\u00fablica, el sector agropecuario colombiano debe hacer un balance de las medidas que han emanado del gobierno en este periodo\u2026","rel":"","context":"En \u00abPronunciamientos de Organizaciones Sociales\u00bb","block_context":{"text":"Pronunciamientos de Organizaciones Sociales","link":"https:\/\/moir.com.co\/web\/category\/pronunciamientos-de-organizaciones-sociales\/"},"img":{"alt_text":"","src":"","width":0,"height":0},"classes":[]}],"jetpack_sharing_enabled":true,"_links":{"self":[{"href":"https:\/\/moir.com.co\/web\/wp-json\/wp\/v2\/posts\/442","targetHints":{"allow":["GET"]}}],"collection":[{"href":"https:\/\/moir.com.co\/web\/wp-json\/wp\/v2\/posts"}],"about":[{"href":"https:\/\/moir.com.co\/web\/wp-json\/wp\/v2\/types\/post"}],"author":[{"embeddable":true,"href":"https:\/\/moir.com.co\/web\/wp-json\/wp\/v2\/users\/1"}],"replies":[{"embeddable":true,"href":"https:\/\/moir.com.co\/web\/wp-json\/wp\/v2\/comments?post=442"}],"version-history":[{"count":0,"href":"https:\/\/moir.com.co\/web\/wp-json\/wp\/v2\/posts\/442\/revisions"}],"wp:attachment":[{"href":"https:\/\/moir.com.co\/web\/wp-json\/wp\/v2\/media?parent=442"}],"wp:term":[{"taxonomy":"category","embeddable":true,"href":"https:\/\/moir.com.co\/web\/wp-json\/wp\/v2\/categories?post=442"},{"taxonomy":"post_tag","embeddable":true,"href":"https:\/\/moir.com.co\/web\/wp-json\/wp\/v2\/tags?post=442"}],"curies":[{"name":"wp","href":"https:\/\/api.w.org\/{rel}","templated":true}]}}