{"id":441,"date":"2004-08-09T07:00:00","date_gmt":"2004-08-09T07:00:00","guid":{"rendered":"https:\/\/moir.org.co\/web\/a-proposito-de-las-elecciones-cafeteras-de-2002\/"},"modified":"2004-08-09T07:00:00","modified_gmt":"2004-08-09T07:00:00","slug":"a-proposito-de-las-elecciones-cafeteras-de-2002","status":"publish","type":"post","link":"https:\/\/moir.com.co\/web\/a-proposito-de-las-elecciones-cafeteras-de-2002\/","title":{"rendered":"A PROP\u00d3SITO DE LAS ELECCIONES CAFETERAS DE 2002"},"content":{"rendered":"<p>Unidad Cafetera Nacional, Pereira, septiembre 24 de 2002<\/p>\n<p>El pr\u00f3ximo fin de semana, el s\u00e1bado 28 y el domingo 29 de septiembre, en casi 600 municipios de Colombia se elegir\u00e1n los representantes de los caficultores a los Comit\u00e9s de Cafeteros. Durante d\u00e9cadas el sistema de elecci\u00f3n ha sido el m\u00e1s cuestionado de cuantos rigen para la amplia gama de instituciones que hay en el pa\u00eds, tanto que se hizo c\u00e9lebre el \u201c yo te elijo para que t\u00fa me elijas\u201d. Aunque ahora por lo menos, los carnetizados pueden votar para elegir a los miembros de esas dos instancias, los mecanismos vigentes para el \u00e1mbito departamental, violando las sentencias que al respecto ha dictado la Corte Constitucional, no contemplan la ley del cuociente electoral de aceptaci\u00f3n universal como medio m\u00e1s democr\u00e1tico para resolver las relaciones entre las mayor\u00edas y las minor\u00edas. Con el procedimiento de las circunscripciones, que seleccionan un delegado por cada una de ellas, puede acontecer que, aunque las opiniones minoritarias obtengan el 49% de los votos totales en una regi\u00f3n o departamento, no logren ninguna expresi\u00f3n en estos organismos cuya principal funci\u00f3n es administrar los recursos de todos los caficultores. Se sabe que por ese motivo est\u00e1 en curso, ya admitida en un juzgado en Medell\u00edn, una Acci\u00f3n Popular que exige la correcci\u00f3n inmediata de ese m\u00e9todo.<\/p>\n<p>La vigencia plena de la democracia al interior de las instituciones cafeteras no es un capricho, es una necesidad m\u00e1s apremiante que nunca en tanto las graves dificultades que atraviesan la caficultura colombiana y el pa\u00eds exigen la m\u00e1s f\u00e9rreas compactaci\u00f3n y unidad gremiales en aras de resistir las iniciativas globales de los grandes consorcios internacionales y de los pa\u00edses consumidores para envilecer el precio del caf\u00e9 verde, el costo de su materia prima, y por tanto el ingreso de los productores. En ese sentido deben rechazarse las pr\u00e1cticas electorales \u201cgamonalescas\u201d que subsisten en muchas zonas para las elecciones cafeteras, que pretenden a la vez favorecer a candidatos considerados como \u201coficiales\u201d y descalificar o recurrir a ardides como decretar \u201cinhabilidades\u201d extempor\u00e1neas a los candidatos catalogados como \u201cdisidentes\u201d. Infortunadamente en Risaralda abundan denuncias y cr\u00edticas fundamentadas a tan condenables pr\u00e1cticas.<\/p>\n<p>UNIDAD CAFETERA llama a los productores de caf\u00e9 de Colombia carnetizados a votar por los candidatos que en sus programas correspondientes incluyan como principales los puntos que atienden las reivindicaciones centrales del gremio, la defensa de las instituciones y la prestaci\u00f3n para todos los 550.000 cafeteros, sin excepci\u00f3n, de los servicios esenciales que deben recibir para el progreso y bienestar de la industria nacional del caf\u00e9, de sus cultivos y de sus familias.<\/p>\n<p>AURELIO SUAREZ MONTOYA<br \/>\nPresidente Nacional <\/p>\n","protected":false},"excerpt":{"rendered":"<p>Unidad Cafetera Nacional, Pereira, septiembre 24 de 2002 El pr\u00f3ximo fin de semana, el s\u00e1bado 28 y el domingo 29 de septiembre, en casi 600 municipios de Colombia se elegir\u00e1n los representantes de los caficultores a los Comit\u00e9s de Cafeteros. Durante d\u00e9cadas el sistema de elecci\u00f3n ha sido el m\u00e1s cuestionado de cuantos rigen para [&hellip;]<\/p>\n","protected":false},"author":1,"featured_media":0,"comment_status":"open","ping_status":"open","sticky":false,"template":"","format":"standard","meta":{"advanced_seo_description":"","jetpack_seo_html_title":"","jetpack_seo_noindex":false,"_jetpack_memberships_contains_paid_content":false,"footnotes":""},"categories":[7],"tags":[],"class_list":["post-441","post","type-post","status-publish","format-standard","hentry","category-pronunciamientos-de-organizaciones-sociales"],"jetpack_featured_media_url":"","jetpack-related-posts":[{"id":214,"url":"https:\/\/moir.com.co\/web\/cosecha-cafetera-2002-2003-precios-bajos-y-nuevas-cargas\/","url_meta":{"origin":441,"position":0},"title":"COSECHA CAFETERA 2002-2003: PRECIOS BAJOS Y NUEVAS CARGAS","author":"admin","date":"agosto 7, 2004","format":false,"excerpt":"Se cree que las exigencias gremiales, cuando se acerca el principal periodo de recolecci\u00f3n de la cosecha cafetera anual, constituyen un ritual de ocasi\u00f3n. Tales reclamos han elevado el tono desde 1.989 cuando se elimin\u00f3 el Pacto Internacional de Cuotas y se han plasmado en masivas protestas como el Paro\u2026","rel":"","context":"En \u00abTemas\u00bb","block_context":{"text":"Temas","link":"https:\/\/moir.com.co\/web\/category\/temas\/"},"img":{"alt_text":"","src":"","width":0,"height":0},"classes":[]},{"id":4912,"url":"https:\/\/moir.com.co\/web\/elecciones-cafeteras-2010-sin-principios-democraticos\/","url_meta":{"origin":441,"position":1},"title":"Elecciones cafeteras 2010, sin principios democr\u00e1ticos.","author":"admin","date":"octubre 19, 2010","format":false,"excerpt":"El 26 de septiembre culmin\u00f3 la elecci\u00f3n de miembros de comit\u00e9s municipales y departamentales de la Federaci\u00f3n de Cafeteros -tambi\u00e9n delegados al Congreso Cafetero-, con vigencia por cuatro a\u00f1os. Como siempre, los voceros oficiales las calificaron como \u201cgran evento democr\u00e1tico\u201d. Desde cuando se aplic\u00f3 el voto directo para eligir estos\u2026","rel":"","context":"En \u00abTemas\u00bb","block_context":{"text":"Temas","link":"https:\/\/moir.com.co\/web\/category\/temas\/"},"img":{"alt_text":"","src":"","width":0,"height":0},"classes":[]},{"id":321,"url":"https:\/\/moir.com.co\/web\/politica-cafetera-temporal-focalizada-y-decreciente\/","url_meta":{"origin":441,"position":2},"title":"POL\u00cdTICA CAFETERA: TEMPORAL, FOCALIZADA Y DECRECIENTE.","author":"admin","date":"agosto 7, 2004","format":false,"excerpt":"Aurelio Su\u00e1rez Montoya, agosto 10 de 2003 Hace cerca de dos meses, con la participaci\u00f3n de los principales involucrados en la producci\u00f3n del caf\u00e9 en Colombia, se realiz\u00f3 en Manizales un foro sobre esta industria. Aunque la disertaci\u00f3n de la organizaci\u00f3n OXFAM sobre el inicuo modelo del actual comercio mundial\u2026","rel":"","context":"En \u00abTemas\u00bb","block_context":{"text":"Temas","link":"https:\/\/moir.com.co\/web\/category\/temas\/"},"img":{"alt_text":"","src":"","width":0,"height":0},"classes":[]},{"id":8198,"url":"https:\/\/moir.com.co\/web\/declaracion-de-la-xii-asamblea-nacional-de-dignidad-cafetera-no-mas-dilaciones-que-se-cumpla-lo-acordado\/","url_meta":{"origin":441,"position":3},"title":"Declaraci\u00f3n de la XII Asamblea Nacional de Dignidad Cafetera: No m\u00e1s dilaciones, que se cumpla lo acordado","author":"admin","date":"enero 28, 2014","format":false,"excerpt":"M\u00e1s de 200 delegados de 12 departamentos, reunidos en Manizales, despu\u00e9s de hacer un an\u00e1lisis de la dif\u00edcil situaci\u00f3n que atraviesa la caficultura, declaramos: Un balance de resultados del a\u00f1o anterior deja claro que, a m\u00e1s de la renovaci\u00f3n de 90 mil hect\u00e1reas de cafetales, el aumento de la producci\u00f3n\u2026","rel":"","context":"En \u00abPronunciamientos de Organizaciones Sociales\u00bb","block_context":{"text":"Pronunciamientos de Organizaciones Sociales","link":"https:\/\/moir.com.co\/web\/category\/pronunciamientos-de-organizaciones-sociales\/"},"img":{"alt_text":"","src":"","width":0,"height":0},"classes":[]},{"id":353,"url":"https:\/\/moir.com.co\/web\/las-mentiras-no-piadosas-del-lxiii-congreso-cafetero\/","url_meta":{"origin":441,"position":4},"title":"LAS &#8220;MENTIRAS NO PIADOSAS&#8221; DEL LXIII CONGRESO CAFETERO","author":"admin","date":"agosto 7, 2004","format":false,"excerpt":"El gobierno nacional, principalmente a trav\u00e9s del ministro de hacienda, Alberto Carrasquilla, y de los voceros oficiales de la Federaci\u00f3n de Cafeteros ha venido insistiendo tanto en debates p\u00fablicos como en el \u00faltimo Congreso Cafetero en que la caficultura colombiana ha iniciado \"la senda de la recuperaci\u00f3n\". Esa afirmaci\u00f3n se\u2026","rel":"","context":"En \u00abTemas\u00bb","block_context":{"text":"Temas","link":"https:\/\/moir.com.co\/web\/category\/temas\/"},"img":{"alt_text":"","src":"","width":0,"height":0},"classes":[]},{"id":16013,"url":"https:\/\/moir.com.co\/web\/presidente-duque-no-se-burle-mas-de-los-cafeteros-robledo\/","url_meta":{"origin":441,"position":5},"title":"Presidente Duque, no se burle m\u00e1s de los cafeteros: Robledo","author":"admin","date":"septiembre 26, 2018","format":false,"excerpt":"Oficina de prensa del senador Jorge Enrique Robledo, Bogot\u00e1, septiembre 25 de 2018 560 mil familias sufren por la crisis cafetera; se necesitan 800 mil millones; Duque desaprovech\u00f3 la visita a la ONU \u201cLos cafeteros colombianos necesitan respaldo del gobierno pero que sea suficiente y les llegue ya,\u201d expres\u00f3 el\u2026","rel":"","context":"En \u00abAgro\u00bb","block_context":{"text":"Agro","link":"https:\/\/moir.com.co\/web\/category\/temas\/agro\/"},"img":{"alt_text":"","src":"https:\/\/i0.wp.com\/moir.com.co\/web\/wp-content\/uploads\/2018\/09\/cafeterosdebaterobledo2018.png?fit=555%2C465&ssl=1&resize=350%2C200","width":350,"height":200,"srcset":"https:\/\/i0.wp.com\/moir.com.co\/web\/wp-content\/uploads\/2018\/09\/cafeterosdebaterobledo2018.png?fit=555%2C465&ssl=1&resize=350%2C200 1x, https:\/\/i0.wp.com\/moir.com.co\/web\/wp-content\/uploads\/2018\/09\/cafeterosdebaterobledo2018.png?fit=555%2C465&ssl=1&resize=525%2C300 1.5x"},"classes":[]}],"jetpack_sharing_enabled":true,"_links":{"self":[{"href":"https:\/\/moir.com.co\/web\/wp-json\/wp\/v2\/posts\/441","targetHints":{"allow":["GET"]}}],"collection":[{"href":"https:\/\/moir.com.co\/web\/wp-json\/wp\/v2\/posts"}],"about":[{"href":"https:\/\/moir.com.co\/web\/wp-json\/wp\/v2\/types\/post"}],"author":[{"embeddable":true,"href":"https:\/\/moir.com.co\/web\/wp-json\/wp\/v2\/users\/1"}],"replies":[{"embeddable":true,"href":"https:\/\/moir.com.co\/web\/wp-json\/wp\/v2\/comments?post=441"}],"version-history":[{"count":0,"href":"https:\/\/moir.com.co\/web\/wp-json\/wp\/v2\/posts\/441\/revisions"}],"wp:attachment":[{"href":"https:\/\/moir.com.co\/web\/wp-json\/wp\/v2\/media?parent=441"}],"wp:term":[{"taxonomy":"category","embeddable":true,"href":"https:\/\/moir.com.co\/web\/wp-json\/wp\/v2\/categories?post=441"},{"taxonomy":"post_tag","embeddable":true,"href":"https:\/\/moir.com.co\/web\/wp-json\/wp\/v2\/tags?post=441"}],"curies":[{"name":"wp","href":"https:\/\/api.w.org\/{rel}","templated":true}]}}