{"id":440,"date":"2004-08-09T07:00:00","date_gmt":"2004-08-09T07:00:00","guid":{"rendered":"https:\/\/moir.org.co\/web\/el-acuerdo-entre-el-gobierno-y-la-federacion-de-cafeteros-es-regresivo-y-neoliberal-y-debe-desecharse\/"},"modified":"2004-08-09T07:00:00","modified_gmt":"2004-08-09T07:00:00","slug":"el-acuerdo-entre-el-gobierno-y-la-federacion-de-cafeteros-es-regresivo-y-neoliberal-y-debe-desecharse","status":"publish","type":"post","link":"https:\/\/moir.com.co\/web\/el-acuerdo-entre-el-gobierno-y-la-federacion-de-cafeteros-es-regresivo-y-neoliberal-y-debe-desecharse\/","title":{"rendered":"EL ACUERDO ENTRE EL GOBIERNO Y LA FEDERACI\u00d3N DE CAFETEROS ES  REGRESIVO Y NEOLIBERAL Y DEBE DESECHARSE"},"content":{"rendered":"<p>Unidad Cafetera Nacional, Pereira, septiembre 4 de 2.002<\/p>\n<p>Luego de conocerse el \u201cAcuerdo entre el gobierno y la Federaci\u00f3n Nacional de Cafeteros\u201d y de su discusi\u00f3n en el Senado de la Rep\u00fablica el d\u00eda martes 3 de septiembre; existe consenso, con excepci\u00f3n de los sectores m\u00e1s abyectos al gobierno y de los miembros del gabinete ministerial, en que las disposiciones de pol\u00edtica cafetera all\u00ed consignadas constituyen un claro retroceso en la atenci\u00f3n y apoyo del Estado que el gremio caficultor requiere en sus peores tiempos. Ese retroceso se manifiesta en las medidas tomadas tanto para el corto como para el mediano y largo plazo.<\/p>\n<p>Con relaci\u00f3n a las primeras, la disminuci\u00f3n del subsidio al precio interno de $30.000 a $25.000 por carga es, de hecho, una reducci\u00f3n del monto que los cafeteros recibir\u00e1n en adelante por su producto en la pr\u00f3xima cosecha y que los lesionar\u00e1 gravemente dado el peso que el subsidio tiene para todos los productores en su rentabilidad e ingreso familiares. Otras disposiciones, amparadas en el lema de \u201cfavorecer a los m\u00e1s pobres\u201d, recortan a grupos claves del gremio los apoyos especiales en asistencia t\u00e9cnica, renovaci\u00f3n y cr\u00e9dito, el \u00faltimo de los cuales pr\u00e1cticamente desaparece del todo dentro de los servicios con los que contaban. Con la \u201csisbenizaci\u00f3n\u201d, como criterio para otorgar los soportes necesarios al sector, se inicia en la caficultura un proceso similar al cumplido en \u00e1reas como la educaci\u00f3n y la salud, en las que, a la larga, toda la comunidad sali\u00f3 burlada al llegarse hoy a la plena privatizaci\u00f3n.<\/p>\n<p>Las reformas estructurales acordadas tienden a ir abandonando poco a poco a los cafeteros \u201ca su propia suerte\u201d al conformarse los respectivos fondos de estabilizaci\u00f3n con sus propios aportes e ir excluyendo los directos del Estado. Las contribuciones fijadas as\u00ed para tales fines afectar\u00e1n tambi\u00e9n al precio interno del caf\u00e9. Con ese sistema se omite una l\u00f3gica retribuci\u00f3n que, como lo afirm\u00f3 el propio Gerente de la Federaci\u00f3n, Gabriel Silva, merecen los cafeteros que trasladaron de sus recursos al Erario m\u00e1s de 11 mil millones de d\u00f3lares en los \u00faltimos cincuenta a\u00f1os.<\/p>\n<p>Las muy promocionadas pol\u00edticas de largo plazo, como las estrategias de comercializaci\u00f3n referidas a la calidad de nuestro grano, a los caf\u00e9s gourmet y a las medidas de \u201cflexibilizaci\u00f3n\u201d de las condiciones comerciales para exportadores particulares, ins\u00f3litamente no aparecen acompa\u00f1adas de la m\u00e1s importante de las tareas internacionales: la necesaria ofensiva contra la iniciativa de inducir la superproducci\u00f3n para envilecer las cotizaciones por cuenta de los oligopolios internacionales que controlan el negocio global. Existe unanimidad en que, si el gobierno nacional en cabeza del presidente, como representante del pa\u00eds ante el mundo, no acomete dicha labor, ninguna de las dem\u00e1s acciones adelantada retornar\u00e1 los frutos esperados. No puede dejarse esa funci\u00f3n crucial en manos de la Federaci\u00f3n, ha de constituirse en pol\u00edtica de Estado.<\/p>\n<p>De lo anterior puede concluirse que se trata de un Acuerdo regresivo y de evidente estirpe neoliberal, el cual, a la vez que debe desecharse ha de reemplazarse por otro que s\u00ed consulte los reales intereses de los caficultores sin distinci\u00f3n alguna y vele por su protecci\u00f3n y desarrollo arm\u00f3nicos. Su naturaleza es tan retr\u00f3grada que ni siquiera las enga\u00f1osas promesas electorales de Alvaro Uribe a los cafeteros se respetaron. Por cuarta vez en 12 a\u00f1os, \u00e9stos son convertidos en burlesco por los gobiernos de los candidatos ganadores que los halagaron en \u00e9pocas electorales. Igual ha acontecido con las regiones cafeteras que ver\u00e1n menguadas sus econom\u00edas con la menor circulaci\u00f3n de dinero.<\/p>\n<p>Las graves circunstancias que viven las 550.000 familias que producen caf\u00e9 en sus fincas, de nuevo desatendidas, justifican que UNIDAD CAFETERA convoque con mayor fuerza a todos sus miembros a la Jornada por la Defensa de la Producci\u00f3n y contra el ALCA que ha citado la Asociaci\u00f3n Nacional por la Salvaci\u00f3n Agropecuaria para el lunes 16 de septiembre. Dicha participaci\u00f3n debe convertirse en oportunidad para denunciar el nuevo engendro neoliberal, plasmado en el mencionado Acuerdo, y reivindicar los puntos program\u00e1ticos fundamentales de los cafeteros en materia de precio, de condonaci\u00f3n de las deudas, del indispensable apoyo oficial en los factores principales para el \u00e9xito de sus faenas agr\u00edcolas, por el fortalecimiento de las instituciones a su servicio, en contra del debilitamiento o desaparici\u00f3n de las mismas y de rechazo a nuevos impuestos como el de la tasa retributiva.<\/p>\n<p>AURELIO SUAREZ MONTOYA<br \/>\nPresidente Nacional \u2013 Unidad Cafetera Nacional<\/p>\n","protected":false},"excerpt":{"rendered":"<p>Unidad Cafetera Nacional, Pereira, septiembre 4 de 2.002 Luego de conocerse el \u201cAcuerdo entre el gobierno y la Federaci\u00f3n Nacional de Cafeteros\u201d y de su discusi\u00f3n en el Senado de la Rep\u00fablica el d\u00eda martes 3 de septiembre; existe consenso, con excepci\u00f3n de los sectores m\u00e1s abyectos al gobierno y de los miembros del gabinete [&hellip;]<\/p>\n","protected":false},"author":1,"featured_media":0,"comment_status":"open","ping_status":"open","sticky":false,"template":"","format":"standard","meta":{"advanced_seo_description":"","jetpack_seo_html_title":"","jetpack_seo_noindex":false,"_jetpack_memberships_contains_paid_content":false,"footnotes":""},"categories":[7],"tags":[],"class_list":["post-440","post","type-post","status-publish","format-standard","hentry","category-pronunciamientos-de-organizaciones-sociales"],"jetpack_featured_media_url":"","jetpack-related-posts":[{"id":8198,"url":"https:\/\/moir.com.co\/web\/declaracion-de-la-xii-asamblea-nacional-de-dignidad-cafetera-no-mas-dilaciones-que-se-cumpla-lo-acordado\/","url_meta":{"origin":440,"position":0},"title":"Declaraci\u00f3n de la XII Asamblea Nacional de Dignidad Cafetera: No m\u00e1s dilaciones, que se cumpla lo acordado","author":"admin","date":"enero 28, 2014","format":false,"excerpt":"M\u00e1s de 200 delegados de 12 departamentos, reunidos en Manizales, despu\u00e9s de hacer un an\u00e1lisis de la dif\u00edcil situaci\u00f3n que atraviesa la caficultura, declaramos: Un balance de resultados del a\u00f1o anterior deja claro que, a m\u00e1s de la renovaci\u00f3n de 90 mil hect\u00e1reas de cafetales, el aumento de la producci\u00f3n\u2026","rel":"","context":"En \u00abPronunciamientos de Organizaciones Sociales\u00bb","block_context":{"text":"Pronunciamientos de Organizaciones Sociales","link":"https:\/\/moir.com.co\/web\/category\/pronunciamientos-de-organizaciones-sociales\/"},"img":{"alt_text":"","src":"","width":0,"height":0},"classes":[]},{"id":7972,"url":"https:\/\/moir.com.co\/web\/carta-de-dignidad-cafetera-al-mininterior\/","url_meta":{"origin":440,"position":1},"title":"Carta de Dignidad Cafetera al mininterior","author":"admin","date":"octubre 7, 2013","format":false,"excerpt":"Se\u00f1or Aurelio Iragorri Ministro del Interior y de Gobierno Bogot\u00e1 Se\u00f1or Ministro En comunicado de prensa publicado en la p\u00e1gina web de la Presidencia de la Rep\u00fablica se lee que: \u201cEl Ministro del Interior, Aurelio Iragorri, afirm\u00f3 que el Gobierno Nacional s\u00ed est\u00e1 cumpliendo los compromisos acordados con los campesinos\u2026","rel":"","context":"En \u00abPronunciamientos de Organizaciones Sociales\u00bb","block_context":{"text":"Pronunciamientos de Organizaciones Sociales","link":"https:\/\/moir.com.co\/web\/category\/pronunciamientos-de-organizaciones-sociales\/"},"img":{"alt_text":"","src":"","width":0,"height":0},"classes":[]},{"id":2491,"url":"https:\/\/moir.com.co\/web\/el-acuerdo-cafetero-es-insuficiente-y-enganoso\/","url_meta":{"origin":440,"position":2},"title":"El ACUERDO CAFETERO ES INSUFICIENTE Y ENGA\u00d1OSO","author":"admin","date":"septiembre 2, 2008","format":false,"excerpt":"Unidad Cafetera, Bogot\u00e1, septiembre 2 de 2008 A pesar del despliegue que se le quiere dar al anuncio de que \u201chabr\u00e1 1,4 billones de pesos\u201d para los caficultores en los pr\u00f3ximos cuatro a\u00f1os, el contenido del Acuerdo entre el Gobierno y la Federaci\u00f3n de Cafeteros evidencia que no consulta los\u2026","rel":"","context":"En \u00abPronunciamientos de Organizaciones Sociales\u00bb","block_context":{"text":"Pronunciamientos de Organizaciones Sociales","link":"https:\/\/moir.com.co\/web\/category\/pronunciamientos-de-organizaciones-sociales\/"},"img":{"alt_text":"","src":"","width":0,"height":0},"classes":[]},{"id":7581,"url":"https:\/\/moir.com.co\/web\/cafeteros-proponen-unidad-por-la-defensa-del-agro\/","url_meta":{"origin":440,"position":3},"title":"Cafeteros proponen Unidad por la Defensa del Agro","author":"admin","date":"mayo 22, 2013","format":false,"excerpt":"La VII Asamblea Nacional del Movimiento por la Defensa y la Dignidad Cafetera, reunida en la ciudad de Popay\u00e1n, Cauca, con la presencia de delegaciones de 12 departamentos y una vez analizado el desarrollo de los acuerdos que permitieron el levantamiento del Paro C\u00edvico Cafetero Nacional quiere hacer las siguientes\u2026","rel":"","context":"En \u00abPronunciamientos de Organizaciones Sociales\u00bb","block_context":{"text":"Pronunciamientos de Organizaciones Sociales","link":"https:\/\/moir.com.co\/web\/category\/pronunciamientos-de-organizaciones-sociales\/"},"img":{"alt_text":"","src":"","width":0,"height":0},"classes":[]},{"id":8180,"url":"https:\/\/moir.com.co\/web\/la-asamblea-cafetera-de-manizales\/","url_meta":{"origin":440,"position":4},"title":"La Asamblea Cafetera de Manizales","author":"admin","date":"enero 21, 2014","format":false,"excerpt":"Se realizar\u00e1 el lunes 27 de enero, la X Asamblea Nacional de Dirigentes de Dignidad Cafetera. La coyuntura en la que se re\u00fane la dirigencia cafetera, en cuanto lo acordado con el gobierno nacional, merece un an\u00e1lisis que permita el debate necesario que ayude a orientar las decisiones a tomar.\u2026","rel":"","context":"En \u00abOscar Guti\u00e9rrez Reyes\u00bb","block_context":{"text":"Oscar Guti\u00e9rrez Reyes","link":"https:\/\/moir.com.co\/web\/category\/bitacoras\/oscar-gutierrez-reyes\/"},"img":{"alt_text":"","src":"","width":0,"height":0},"classes":[]},{"id":7326,"url":"https:\/\/moir.com.co\/web\/movimiento-por-la-dignidad-cafetera-anuncia-que-el-paro-continua\/","url_meta":{"origin":440,"position":5},"title":"Movimiento por la Dignidad Cafetera anuncia que el paro contin\u00faa","author":"admin","date":"marzo 2, 2013","format":false,"excerpt":"Una completa farsa es el anuncio del gobierno nacional y la federaci\u00f3n nacional de cafeteros sobre el levantamiento del paro nacional. El gobierno rompi\u00f3 unilateralmente los di\u00e1logos con los voceros del movimiento dej\u00e1ndolos plantados en la segunda reuni\u00f3n de la jornada del d\u00eda 1 de marzo, convoc\u00f3 entonces a una\u2026","rel":"","context":"En \u00abPronunciamientos de Organizaciones Sociales\u00bb","block_context":{"text":"Pronunciamientos de Organizaciones Sociales","link":"https:\/\/moir.com.co\/web\/category\/pronunciamientos-de-organizaciones-sociales\/"},"img":{"alt_text":"","src":"","width":0,"height":0},"classes":[]}],"jetpack_sharing_enabled":true,"_links":{"self":[{"href":"https:\/\/moir.com.co\/web\/wp-json\/wp\/v2\/posts\/440","targetHints":{"allow":["GET"]}}],"collection":[{"href":"https:\/\/moir.com.co\/web\/wp-json\/wp\/v2\/posts"}],"about":[{"href":"https:\/\/moir.com.co\/web\/wp-json\/wp\/v2\/types\/post"}],"author":[{"embeddable":true,"href":"https:\/\/moir.com.co\/web\/wp-json\/wp\/v2\/users\/1"}],"replies":[{"embeddable":true,"href":"https:\/\/moir.com.co\/web\/wp-json\/wp\/v2\/comments?post=440"}],"version-history":[{"count":0,"href":"https:\/\/moir.com.co\/web\/wp-json\/wp\/v2\/posts\/440\/revisions"}],"wp:attachment":[{"href":"https:\/\/moir.com.co\/web\/wp-json\/wp\/v2\/media?parent=440"}],"wp:term":[{"taxonomy":"category","embeddable":true,"href":"https:\/\/moir.com.co\/web\/wp-json\/wp\/v2\/categories?post=440"},{"taxonomy":"post_tag","embeddable":true,"href":"https:\/\/moir.com.co\/web\/wp-json\/wp\/v2\/tags?post=440"}],"curies":[{"name":"wp","href":"https:\/\/api.w.org\/{rel}","templated":true}]}}