{"id":439,"date":"2004-08-09T07:00:00","date_gmt":"2004-08-09T07:00:00","guid":{"rendered":"https:\/\/moir.org.co\/web\/por-la-desobediencia-civil-de-los-cafeteros-contra-la-tasa-retributiva\/"},"modified":"2004-08-09T07:00:00","modified_gmt":"2004-08-09T07:00:00","slug":"por-la-desobediencia-civil-de-los-cafeteros-contra-la-tasa-retributiva","status":"publish","type":"post","link":"https:\/\/moir.com.co\/web\/por-la-desobediencia-civil-de-los-cafeteros-contra-la-tasa-retributiva\/","title":{"rendered":"POR LA DESOBEDIENCIA CIVIL DE LOS CAFETEROS CONTRA LA TASA RETRIBUTIVA"},"content":{"rendered":"<p>Ma\u00f1ana, viernes 2 de agosto, la Unidad Cafetera Nacional en el departamento de Caldas ha programado un desfile, desde el parque Olaya Herrera hasta el parque de Caldas, contra la implantaci\u00f3n del cobro de la tasa retributiva a los caficultores de ese departamento.   <\/p>\n<p>La oposici\u00f3n a dicha medida, aplicada por CORPOCALDAS, bajo los supuestos de la descontaminaci\u00f3n de los recursos h\u00eddricos en ese departamento, parte de las siguientes consideraciones:   <\/p>\n<p>1.- Dado que una pol\u00edtica ambiental nacional debe velar  por  una mejor calidad vida de los ciudadanos, para cualquiera que conozca la actual situaci\u00f3n de la econom\u00eda cafetera es claro que el principal problema, que hoy tienen los caficultores para  alcanzar ese objetivo, radica en su muy dif\u00edcil situaci\u00f3n econ\u00f3mica originada en una crisis de ingresos por los bajos precios de su producto, tanto en el mercado nacional como en el mercado internacional. En ese sentido, los problemas ambientales no son otra cosa que la expresi\u00f3n de los problemas sociales. El deterioro ambiental debe mirarse fundamentalmente como una manifestaci\u00f3n de problemas econ\u00f3micos, sociales y pol\u00edticos. El agravamiento de lo que puede llamarse &#8220;crisis ecol\u00f3gica&#8221; no puede explicarse  sino bajo el marco de las crisis econ\u00f3micas.   <\/p>\n<p>2.- La tasa retributiva para el sector primario cafetero y para otras actividades econ\u00f3micas se encuentra enmarcada dentro de una pol\u00edtica ambiental oficial,  plasmada en la Ley 99 de 1.993 y reglamentaciones subsidiarias, la cual ha omitido las consideraciones relacionadas con la viabilidad financiera y los efectos sociales de su aplicaci\u00f3n. La discusi\u00f3n puede trascender, incluso,  a confrontar el esp\u00edritu de dicha legislaci\u00f3n, en tanto si ella adopta las verdaderas necesidades ambientales de Colombia o simplemente se ha plegado al discurso ambiental global, el cual, bajo los par\u00e1metros obligatorios de producci\u00f3n limpia para pa\u00edses como el nuestro, obstaculiza y entraba,  con otro mecanismo m\u00e1s, nuestro desarrollo y progreso mientras las econom\u00edas m\u00e1s avanzadas se constituyen en  las fuentes principales de contaminaci\u00f3n y deterioro de origen antr\u00f3pico.   <\/p>\n<p>3.- Adicionalmente, muchos ejercicios de la llamada econom\u00eda ambiental han demostrado que los instrumentos de control para &#8220;la descontaminaci\u00f3n&#8221; terminan convertidos en un impuesto m\u00e1s y en mayores cargas que gravan a los productores y a la poblaci\u00f3n sin resolver las supuestas preocupaciones en materia de conservaci\u00f3n. Existe abundante evidencia que el incentivo econ\u00f3mico puede ser mucho m\u00e1s efectivo, aunque lo primordial es que tales acciones corran por cuenta principalmente del Estado. Por ejemplo, el gobierno de los Estados Unidos, entre 1.997 y 2003, trasladar\u00e1 en forma de subsidios a sus agricultores un total de 13.360 millones de d\u00f3lares para programas de conservaci\u00f3n.    <\/p>\n<p>Todas estas consideraciones ratifican que la desobediencia civil declarada por los caficultores de Caldas  contra el cobro de la tasa retributiva est\u00e1 plenamente justificada.   <\/p>\n<p>Aurelio Su\u00e1rez Montoya<br \/>\nPresidente Nacional<br \/>\nPereira, Agosto 1 de 2.002           <\/p>\n<p>Organizaci\u00f3n miembro de la Asociaci\u00f3n Nacional por la Salvaci\u00f3n Agropecuaria<\/p>\n","protected":false},"excerpt":{"rendered":"<p>Ma\u00f1ana, viernes 2 de agosto, la Unidad Cafetera Nacional en el departamento de Caldas ha programado un desfile, desde el parque Olaya Herrera hasta el parque de Caldas, contra la implantaci\u00f3n del cobro de la tasa retributiva a los caficultores de ese departamento. La oposici\u00f3n a dicha medida, aplicada por CORPOCALDAS, bajo los supuestos de [&hellip;]<\/p>\n","protected":false},"author":1,"featured_media":0,"comment_status":"open","ping_status":"open","sticky":false,"template":"","format":"standard","meta":{"advanced_seo_description":"","jetpack_seo_html_title":"","jetpack_seo_noindex":false,"_jetpack_memberships_contains_paid_content":false,"footnotes":""},"categories":[7],"tags":[],"class_list":["post-439","post","type-post","status-publish","format-standard","hentry","category-pronunciamientos-de-organizaciones-sociales"],"jetpack_featured_media_url":"","jetpack-related-posts":[{"id":406,"url":"https:\/\/moir.com.co\/web\/no-al-cobro-del-nuevo-impuesto-llamado-tasa-retributiva\/","url_meta":{"origin":439,"position":0},"title":"NO AL COBRO DEL NUEVO IMPUESTO LLAMADO &#8220;TASA RETRIBUTIVA&#8221;","author":"admin","date":"agosto 8, 2004","format":false,"excerpt":"Por decisi\u00f3n de Corpocaldas, a los propietarios de predios rurales de los municipios de Manizales, Villamar\u00eda, Neira, Palestina y Chinchin\u00e1, bien sean peque\u00f1os, medianos o grandes, les est\u00e1n llegando las facturas de un nuevo impuesto: la tasa retributiva. M\u00e1s adelante les llegar\u00e1 tambi\u00e9n a los del resto del departamento. El\u2026","rel":"","context":"En \u00abPronunciamientos de Organizaciones Sociales\u00bb","block_context":{"text":"Pronunciamientos de Organizaciones Sociales","link":"https:\/\/moir.com.co\/web\/category\/pronunciamientos-de-organizaciones-sociales\/"},"img":{"alt_text":"","src":"","width":0,"height":0},"classes":[]},{"id":1593,"url":"https:\/\/moir.com.co\/web\/recuperacion-cafetera-para-la-galeria\/","url_meta":{"origin":439,"position":1},"title":"\u201cRECUPERACI\u00d3N CAFETERA\u201d PARA LA GALER\u00cdA","author":"admin","date":"enero 15, 2007","format":false,"excerpt":"Aurelio Su\u00e1rez Montoya, La Tarde, enero 16 de 2007 En titular propio de la fecha en la cual apareci\u00f3, el 28 de diciembre \u2013 D\u00eda de los Inocentes-, un diario de circulaci\u00f3n nacional anunci\u00f3, \"Los cafeteros salen de la crisis\". El desarrollo de la noticia se restringe a mostrar en\u2026","rel":"","context":"En \u00abTemas\u00bb","block_context":{"text":"Temas","link":"https:\/\/moir.com.co\/web\/category\/temas\/"},"img":{"alt_text":"","src":"","width":0,"height":0},"classes":[]},{"id":7206,"url":"https:\/\/moir.com.co\/web\/continua-la-rebeldia-cafetera-apoyemos-el-paro-civico-cafetero-nacional\/","url_meta":{"origin":439,"position":2},"title":"Contin\u00faa la rebeld\u00eda cafetera: Apoyemos el Paro C\u00edvico Cafetero Nacional","author":"admin","date":"enero 31, 2013","format":false,"excerpt":"En febrero de 2012, dirigentes cafeteros de seis departamentos se reunieron en Pereira para analizar la propuesta que, por esos d\u00edas, hac\u00edan el Gobierno Nacional y la Federaci\u00f3n de Cafeteros, consistente en aumentar la llamada contribuci\u00f3n cafetera, de 6 a 12 centavos de d\u00f3lar. Despu\u00e9s de analizar la grave situaci\u00f3n\u2026","rel":"","context":"En \u00abPronunciamientos de Organizaciones Sociales\u00bb","block_context":{"text":"Pronunciamientos de Organizaciones Sociales","link":"https:\/\/moir.com.co\/web\/category\/pronunciamientos-de-organizaciones-sociales\/"},"img":{"alt_text":"","src":"","width":0,"height":0},"classes":[]},{"id":6759,"url":"https:\/\/moir.com.co\/web\/carta-abierta-a-juan-manuel-santos-pliego-de-peticiones-de-los-cafeteros-colombianos\/","url_meta":{"origin":439,"position":3},"title":"Carta abierta a Juan Manuel Santos: Pliego de peticiones de los Cafeteros Colombianos","author":"admin","date":"agosto 14, 2012","format":false,"excerpt":"Doctor Juan Manuel Santos Calder\u00f3n Presidente de la Rep\u00fablica de Colombia E. S. M. Se\u00f1or Presidente: Las decenas de miles de caficultores, representando a los m\u00e1s importantes municipios productores de todo el pa\u00eds y reunidos hoy en esta ciudad, estamos expresando la situaci\u00f3n de ruina a la que nos estamos\u2026","rel":"","context":"En \u00abPronunciamientos de Organizaciones Sociales\u00bb","block_context":{"text":"Pronunciamientos de Organizaciones Sociales","link":"https:\/\/moir.com.co\/web\/category\/pronunciamientos-de-organizaciones-sociales\/"},"img":{"alt_text":"","src":"","width":0,"height":0},"classes":[]},{"id":2342,"url":"https:\/\/moir.com.co\/web\/carta-de-union-cafetera-al-ministro-de-hacienda\/","url_meta":{"origin":439,"position":4},"title":"CARTA DE UNI\u00d3N CAFETERA AL MINISTRO DE HACIENDA","author":"admin","date":"mayo 15, 2008","format":false,"excerpt":"Uni\u00f3n Cafetera Colombiana, Bogot\u00e1, mayo 8 de 2008 Bogot\u00e1 D.C. 8 de Mayo de 2008 Doctor \u00d3scar Iv\u00e1n Zuluaga Ministro de Hacienda y Cr\u00e9dito P\u00fablico Presidente Comit\u00e9 Nacional de la Federaci\u00f3n Nacional de Cafeteros Bogot\u00e1 Se\u00f1or ministro: La Junta Nacional de la Uni\u00f3n Cafetera Colombiana, reunida en Pereira el 21\u2026","rel":"","context":"En \u00abPronunciamientos de Organizaciones Sociales\u00bb","block_context":{"text":"Pronunciamientos de Organizaciones Sociales","link":"https:\/\/moir.com.co\/web\/category\/pronunciamientos-de-organizaciones-sociales\/"},"img":{"alt_text":"","src":"","width":0,"height":0},"classes":[]},{"id":6551,"url":"https:\/\/moir.com.co\/web\/la-caficultura-por-el-suelo-y-santos-remata-con-mas-impuestos\/","url_meta":{"origin":439,"position":5},"title":"La caficultura por el suelo y Santos remata con m\u00e1s impuestos","author":"admin","date":"mayo 21, 2012","format":false,"excerpt":"Entre mayo y abril de 2012 la producci\u00f3n cafetera cay\u00f3 a 7.1 millones de sacos frente a los 9.5 producidos en el mismo periodo durante 2010 y 2011, el hecho ratifica la crisis del gremio. Risaralda es una muestra de c\u00f3mo el desastre cafetero golpea a otras actividades comerciales de\u2026","rel":"","context":"En \u00abPronunciamientos de Organizaciones Sociales\u00bb","block_context":{"text":"Pronunciamientos de Organizaciones Sociales","link":"https:\/\/moir.com.co\/web\/category\/pronunciamientos-de-organizaciones-sociales\/"},"img":{"alt_text":"","src":"","width":0,"height":0},"classes":[]}],"jetpack_sharing_enabled":true,"_links":{"self":[{"href":"https:\/\/moir.com.co\/web\/wp-json\/wp\/v2\/posts\/439","targetHints":{"allow":["GET"]}}],"collection":[{"href":"https:\/\/moir.com.co\/web\/wp-json\/wp\/v2\/posts"}],"about":[{"href":"https:\/\/moir.com.co\/web\/wp-json\/wp\/v2\/types\/post"}],"author":[{"embeddable":true,"href":"https:\/\/moir.com.co\/web\/wp-json\/wp\/v2\/users\/1"}],"replies":[{"embeddable":true,"href":"https:\/\/moir.com.co\/web\/wp-json\/wp\/v2\/comments?post=439"}],"version-history":[{"count":0,"href":"https:\/\/moir.com.co\/web\/wp-json\/wp\/v2\/posts\/439\/revisions"}],"wp:attachment":[{"href":"https:\/\/moir.com.co\/web\/wp-json\/wp\/v2\/media?parent=439"}],"wp:term":[{"taxonomy":"category","embeddable":true,"href":"https:\/\/moir.com.co\/web\/wp-json\/wp\/v2\/categories?post=439"},{"taxonomy":"post_tag","embeddable":true,"href":"https:\/\/moir.com.co\/web\/wp-json\/wp\/v2\/tags?post=439"}],"curies":[{"name":"wp","href":"https:\/\/api.w.org\/{rel}","templated":true}]}}