{"id":436,"date":"2004-08-09T07:00:00","date_gmt":"2004-08-09T07:00:00","guid":{"rendered":"https:\/\/moir.org.co\/web\/en-firme-los-preparativos-de-la-marcha-nacional-panelera-en-bogota-contra-el-ingenio-de-padilla\/"},"modified":"2004-08-09T07:00:00","modified_gmt":"2004-08-09T07:00:00","slug":"en-firme-los-preparativos-de-la-marcha-nacional-panelera-en-bogota-contra-el-ingenio-de-padilla","status":"publish","type":"post","link":"https:\/\/moir.com.co\/web\/en-firme-los-preparativos-de-la-marcha-nacional-panelera-en-bogota-contra-el-ingenio-de-padilla\/","title":{"rendered":"EN FIRME LOS PREPARATIVOS DE LA MARCHA NACIONAL PANELERA EN BOGOT\u00c1 CONTRA EL INGENIO DE PADILLA"},"content":{"rendered":"<p>Asociaci\u00f3n Nacional por la Salvaci\u00f3n Agropecuaria, Ibagu\u00e9; julio 24 de 2002<\/p>\n<p>Delegaciones de paneleros de casi todo el pa\u00eds se est\u00e1n preparando para hacerse presentes en la Marcha Nacional Panelera que se efectuar\u00e1 el pr\u00f3ximo martes 30 de julio en Bogot\u00e1. Han confirmado su asistencia los principales municipios productores de Santander, Boyac\u00e1, Cundinamarca \u2013 incluida la provincia de Gualiv\u00e1 \u2013 Caldas, Risaralda, Tolima, Antioquia, Valle, Cauca, Nari\u00f1o y Quind\u00edo. M\u00e1s de 5.000 productores, acompa\u00f1ados de algunos alcaldes, de sus familias y de organizaciones sociales, gremiales y agropecuarias y sindicatos desfilar\u00e1n por las calles de Bogot\u00e1 exigiendo al ministerio del Medio Ambiente la derogatoria de la licencia ambiental que concedi\u00f3 la Corporaci\u00f3n Regional del Cauca \u2013 CRC- al consorcio Desarrollos Empresariales Caucanos para operar un ingenio panelero, ubicado en el municipio de Padilla en el Cauca, bajo las exenciones que otorga la Ley P\u00e1ez.<\/p>\n<p>El reclamo principal se fundamenta en la clara infracci\u00f3n cometida contra la Ley 40 de 1.990 por parte de la CRC al permitir que, un tipo de instalaci\u00f3n industrial que produce m\u00e1s de 10 toneladas por hora, participe en esta actividad agr\u00edcola estipulada de exclusiva competencia de los trapiches artesanales. Esa firma, cuyos socios son importantes grupos econ\u00f3micos financieros, nacionales e internacionales, y algunos de los m\u00e1s grandes ingenios azucareros del pa\u00eds se form\u00f3 con un capital suscrito de $30.000 millones. De este futuro monto patrimonial y de la misma estructura de la propiedad se puede deducir que se trata de agentes totalmente ajenos al sector. La justeza de la causa de los productores paneleros ha merecido el respaldo de las Asambleas Departamentales de Caldas, Risaralda y Santander.<\/p>\n<p>La movilizaci\u00f3n, encabezada por la Asociaci\u00f3n Nacional por la Salvaci\u00f3n Agropecuaria y la Unidad Panelera, se manifestar\u00e1 ante el ministerio del Medio Ambiente. Para ello, seg\u00fan solicitud ya presentada a la Alcald\u00eda Mayor de Bogot\u00e1, partir\u00e1 a las once de la ma\u00f1ana del Parque Santander, continuar\u00e1 por la carrera s\u00e9ptima hasta la calle 38 para dirigirse luego por la carrera trece hasta las inmediaciones de la sede del ministerio. La Marcha es una convocatoria social de rechazo a la existencia de este ingenio, m\u00e1s urgente ahora cuando se emiten se\u00f1ales &#8211; tal como la presentada por los medios de comunicaci\u00f3n recientemente- al anunciar que \u201cel Ingenio ( azucarero) de La Caba\u00f1a adquiri\u00f3 el 42 por ciento de las acciones en circulaci\u00f3n de Desarrollos Empresariales Caucanos\u201d por la suma de 6.214 millones de pesos. Esta es una cifra bastante significativa para una compa\u00f1\u00eda que, supuestamente, tiene todav\u00eda comprometida su puesta en marcha. Todas estas denuncias y la expresi\u00f3n manifiesta en defensa de los 70.000 productores paneleros, de los 350.000 empleos que generan, de 27.000 trapiches artesanales y de los 260 municipios donde sustentan la econom\u00eda local, se har\u00e1n conocer al ministro, JUAN MAYR, en una comunicaci\u00f3n que los participantes le entregar\u00e1n.<\/p>\n<p>ANGEL MARIA CABALLERO AURELIO SUAREZ MONTOYA<br \/>\nPresidente Director Ejecutivo<\/p>\n","protected":false},"excerpt":{"rendered":"<p>Asociaci\u00f3n Nacional por la Salvaci\u00f3n Agropecuaria, Ibagu\u00e9; julio 24 de 2002 Delegaciones de paneleros de casi todo el pa\u00eds se est\u00e1n preparando para hacerse presentes en la Marcha Nacional Panelera que se efectuar\u00e1 el pr\u00f3ximo martes 30 de julio en Bogot\u00e1. Han confirmado su asistencia los principales municipios productores de Santander, Boyac\u00e1, Cundinamarca \u2013 incluida [&hellip;]<\/p>\n","protected":false},"author":1,"featured_media":0,"comment_status":"open","ping_status":"open","sticky":false,"template":"","format":"standard","meta":{"advanced_seo_description":"","jetpack_seo_html_title":"","jetpack_seo_noindex":false,"_jetpack_memberships_contains_paid_content":false,"footnotes":""},"categories":[7],"tags":[],"class_list":["post-436","post","type-post","status-publish","format-standard","hentry","category-pronunciamientos-de-organizaciones-sociales"],"jetpack_featured_media_url":"","jetpack-related-posts":[{"id":425,"url":"https:\/\/moir.com.co\/web\/convocatoria-a-marcha-nacional-panelera-el-proximo-30-de-julio-de-2002\/","url_meta":{"origin":436,"position":0},"title":"CONVOCATORIA A MARCHA NACIONAL PANELERA EL PROXIMO 30 DE JULIO DE 2002","author":"admin","date":"agosto 8, 2004","format":false,"excerpt":"Asociaci\u00f3n Nacional por la Salvaci\u00f3n agropecuaria-Unidad Panelera Nacional, Ibagu\u00e9, junio 26 de 2002 Despu\u00e9s de realizadas las audiencias p\u00fablicas de Sup\u00eda (Caldas), Villeta (Cundinamarca) y Moniquir\u00e1 (Boyac\u00e1) con la participaci\u00f3n entusiasta de cientos de paneleros, en las que fue un\u00e1nime el rechazo a la Resoluci\u00f3n 399 de la Corporaci\u00f3n Aut\u00f3noma\u2026","rel":"","context":"En \u00abPronunciamientos de Organizaciones Sociales\u00bb","block_context":{"text":"Pronunciamientos de Organizaciones Sociales","link":"https:\/\/moir.com.co\/web\/category\/pronunciamientos-de-organizaciones-sociales\/"},"img":{"alt_text":"","src":"","width":0,"height":0},"classes":[]},{"id":453,"url":"https:\/\/moir.com.co\/web\/la-resistencia-civil-dio-el-triunfo-a-los-paneleros-frente-a-las-pretensiones-de-los-monopolios\/","url_meta":{"origin":436,"position":1},"title":"\u00a1LA RESISTENCIA CIVIL DIO EL TRIUNFO A LOS PANELEROS FRENTE A LAS PRETENSIONES DE LOS MONOPOLIOS!","author":"admin","date":"agosto 9, 2004","format":false,"excerpt":"Asociaci\u00f3n Nacional por la Salvaci\u00f3n Agropecuaria, Noviembre 9 de 2002 El Ministerio del Medio Ambiente, mediante resoluci\u00f3n n\u00famero 0960 del 18 de octubre de 2002, revoc\u00f3 la resoluci\u00f3n de la Corporaci\u00f3n Regional del Cauca del 3 de mayo de este a\u00f1o que otorgaba la licencia ambiental al ingenio panelero de\u2026","rel":"","context":"En \u00abPronunciamientos de Organizaciones Sociales\u00bb","block_context":{"text":"Pronunciamientos de Organizaciones Sociales","link":"https:\/\/moir.com.co\/web\/category\/pronunciamientos-de-organizaciones-sociales\/"},"img":{"alt_text":"","src":"","width":0,"height":0},"classes":[]},{"id":435,"url":"https:\/\/moir.com.co\/web\/productores-de-panela-que-marcharon-por-las-calles-de-bogota-esperan-en-alerta-la-respuesta-del-ministerio-del-medio-ambiente\/","url_meta":{"origin":436,"position":2},"title":"PRODUCTORES DE PANELA QUE MARCHARON POR LAS CALLES DE BOGOT\u00c1 ESPERAN EN ALERTA LA RESPUESTA DEL MINISTERIO DEL MEDIO AMBIENTE","author":"admin","date":"agosto 8, 2004","format":false,"excerpt":"Asociaci\u00f3n Nacional por la Salvaci\u00f3n Agropecuaria-Unidad Panelera, agosto 2 de 2002 Los varios miles de productores de panela y de todo el agro colombiano incluyendo arroceros, paperos, cafeteros, que marcharon por las calles de Bogot\u00e1 el pasado martes 30 de julio dejaron un plebiscito suscrito por ellos a estudio del\u2026","rel":"","context":"En \u00abPronunciamientos de Organizaciones Sociales\u00bb","block_context":{"text":"Pronunciamientos de Organizaciones Sociales","link":"https:\/\/moir.com.co\/web\/category\/pronunciamientos-de-organizaciones-sociales\/"},"img":{"alt_text":"","src":"","width":0,"height":0},"classes":[]},{"id":19795,"url":"https:\/\/moir.com.co\/web\/de-salvacion-agropecuaria-la-resistencia-civil-dio-el-triunfo-a-los-paneleros-frente-a-las-pretensiones-de-los-monopolios\/","url_meta":{"origin":436,"position":3},"title":"De Salvaci\u00f3n Agropecuaria: LA RESISTENCIA CIVIL DIO EL TRIUNFO A LOS PANELEROS FRENTE A LAS PRETENSIONES DE LOS MONOPOLIOS","author":"admin","date":"agosto 10, 2004","format":false,"excerpt":"El Ministerio del Medio Ambiente, mediante resoluci\u00f3n n\u00famero 0960 del 18 de octubre de 2002, revoc\u00f3 la resoluci\u00f3n de la Corporaci\u00f3n Regional del Cauca del 3 de mayo de este a\u00f1o que otorgaba la licencia ambiental al ingenio panelero de Padilla, Cauca. Dicha revocatoria se bas\u00f3 en \u00ablos impactos que\u2026","rel":"","context":"En \u00abJos\u00e9 Fernando Ocampo\u00bb","block_context":{"text":"Jos\u00e9 Fernando Ocampo","link":"https:\/\/moir.com.co\/web\/category\/bitacoras\/jose-fernando-ocampo\/"},"img":{"alt_text":"","src":"","width":0,"height":0},"classes":[]},{"id":432,"url":"https:\/\/moir.com.co\/web\/proposicion-de-la-asamblea-departamental-de-santander-en-apoyo-a-la-lucha-de-los-paneleros-contra-el-ingenio-de-padilla-y-la-ma\/","url_meta":{"origin":436,"position":4},"title":"PROPOSICI\u00d3N DE LA ASAMBLEA DEPARTAMENTAL DE SANTANDER EN APOYO A LA LUCHA DE LOS PANELEROS CONTRA EL INGENIO DE PADILLA Y LA MA","author":"admin","date":"agosto 8, 2004","format":false,"excerpt":"La Honorable Asamblea Departamental de Santander, despu\u00e9s de analizar y debatir, hoy 9 de julio de 2002, con la presencia de productores de panela de la regi\u00f3n, el impacto socio-econ\u00f3mico que la puesta en funcionamiento del ingenio industrial panelero de Padilla (Cauca), promovido por la firma Desarrollos Empresariales Caucanos, SA,\u2026","rel":"","context":"En \u00abPronunciamientos de Organizaciones Sociales\u00bb","block_context":{"text":"Pronunciamientos de Organizaciones Sociales","link":"https:\/\/moir.com.co\/web\/category\/pronunciamientos-de-organizaciones-sociales\/"},"img":{"alt_text":"","src":"","width":0,"height":0},"classes":[]},{"id":640,"url":"https:\/\/moir.com.co\/web\/salvacion-agropecuaria-dira-no-al-alca-y-al-tlc-el-15-de-abril\/","url_meta":{"origin":436,"position":5},"title":"\u00a1SALVACI\u00d3N  AGROPECUARIA DIR\u00c1 NO AL ALCA Y AL TLC EL 15 DE ABRIL!","author":"admin","date":"agosto 11, 2004","format":false,"excerpt":"La Asociaci\u00f3n Nacional por la Salvaci\u00f3n Agropecuaria, seg\u00fan lo convenido con organizaciones agrarias, campesinas, ind\u00edgenas, sindicales y sociales de Colombia, Ecuador, Per\u00fa y Bolivia y de acuerdo al mandato de su VIII Junta Nacional, se movilizar\u00e1 el pr\u00f3ximo jueves 15 de abril en el marco de la Primera Jornada Andina\u2026","rel":"","context":"En \u00abPronunciamientos de Organizaciones Sociales\u00bb","block_context":{"text":"Pronunciamientos de Organizaciones Sociales","link":"https:\/\/moir.com.co\/web\/category\/pronunciamientos-de-organizaciones-sociales\/"},"img":{"alt_text":"","src":"","width":0,"height":0},"classes":[]}],"jetpack_sharing_enabled":true,"_links":{"self":[{"href":"https:\/\/moir.com.co\/web\/wp-json\/wp\/v2\/posts\/436","targetHints":{"allow":["GET"]}}],"collection":[{"href":"https:\/\/moir.com.co\/web\/wp-json\/wp\/v2\/posts"}],"about":[{"href":"https:\/\/moir.com.co\/web\/wp-json\/wp\/v2\/types\/post"}],"author":[{"embeddable":true,"href":"https:\/\/moir.com.co\/web\/wp-json\/wp\/v2\/users\/1"}],"replies":[{"embeddable":true,"href":"https:\/\/moir.com.co\/web\/wp-json\/wp\/v2\/comments?post=436"}],"version-history":[{"count":0,"href":"https:\/\/moir.com.co\/web\/wp-json\/wp\/v2\/posts\/436\/revisions"}],"wp:attachment":[{"href":"https:\/\/moir.com.co\/web\/wp-json\/wp\/v2\/media?parent=436"}],"wp:term":[{"taxonomy":"category","embeddable":true,"href":"https:\/\/moir.com.co\/web\/wp-json\/wp\/v2\/categories?post=436"},{"taxonomy":"post_tag","embeddable":true,"href":"https:\/\/moir.com.co\/web\/wp-json\/wp\/v2\/tags?post=436"}],"curies":[{"name":"wp","href":"https:\/\/api.w.org\/{rel}","templated":true}]}}