{"id":435,"date":"2004-08-08T07:00:00","date_gmt":"2004-08-08T07:00:00","guid":{"rendered":"https:\/\/moir.org.co\/web\/productores-de-panela-que-marcharon-por-las-calles-de-bogota-esperan-en-alerta-la-respuesta-del-ministerio-del-medio-ambiente\/"},"modified":"2004-08-08T07:00:00","modified_gmt":"2004-08-08T07:00:00","slug":"productores-de-panela-que-marcharon-por-las-calles-de-bogota-esperan-en-alerta-la-respuesta-del-ministerio-del-medio-ambiente","status":"publish","type":"post","link":"https:\/\/moir.com.co\/web\/productores-de-panela-que-marcharon-por-las-calles-de-bogota-esperan-en-alerta-la-respuesta-del-ministerio-del-medio-ambiente\/","title":{"rendered":"PRODUCTORES DE PANELA QUE MARCHARON POR LAS CALLES DE BOGOT\u00c1 ESPERAN EN ALERTA LA RESPUESTA DEL MINISTERIO DEL MEDIO AMBIENTE"},"content":{"rendered":"<p>Asociaci\u00f3n Nacional por la Salvaci\u00f3n Agropecuaria-Unidad Panelera, agosto 2 de 2002<\/p>\n<p>Los varios miles de productores de panela y de todo el agro colombiano incluyendo arroceros, paperos, cafeteros, que marcharon por las calles de Bogot\u00e1 el pasado martes 30 de julio dejaron un plebiscito suscrito por ellos a estudio del ministro del Medio Ambiente en el cual exigen la derogatoria de la licencia ambiental otorgada por la Corporaci\u00f3n Regional del Cauca \u2013 CRC- al Ingenio industrial de panela, ubicado en Padilla ( Cauca), y de propiedad de la firma Desarrollos Empresariales Caucanos. Ese plebiscito se constituy\u00f3 en \u201cla tercera audiencia ambiental, una que tuvieron que hacer quienes ni fueron invitados ni fueron escuchados en las otras audiencias pero que s\u00ed est\u00e1n afectados por las conclusiones de ellas\u201d, as\u00ed se expres\u00f3 el presidente de la Asociaci\u00f3n Nacional por la Salvaci\u00f3n Agropecuaria, el doctor Angel Mar\u00eda Caballero.<\/p>\n<p>Luego del recorrido desde el Parque Santander hasta las instalaciones del ministerio, en el cual se agitaron las peticiones del sector, intervinieron los dirigentes de Boyac\u00e1 y Santander, Gustavo Rodr\u00edguez y Armando Reyes. Ambos coincidieron en denunciar la pol\u00edtica hacia la panela del gobierno pastranista, el cual foment\u00f3 las importaciones, incluidas las de mieles, adem\u00e1s de alcahuetear los derretideros de az\u00facar, y la entrada de panela por el Ecuador en detrimento del mercado nacional, ahora se ha mostrado permisivo con la iniciativa de grupos financieros nacionales, consorcios internacionales e ingenios azucareros de tomarse el mercado panelero nacional en una clara violaci\u00f3n de la Ley 40 de 1990, la misma que establece la exclusividad de los trapiches artesanales en la elaboraci\u00f3n del producto.<\/p>\n<p>Tambi\u00e9n llev\u00f3 la palabra el senador Jorge Enrique Robledo Castillo quien afirm\u00f3: \u201csi los ingenios azucareros del Valle nos convocan a defender el az\u00facar colombiano contra las importaciones que va a propiciar el ALCA, ah\u00ed estaremos a su lado, pero si, por el contrario, aliados con grupos financieros deciden descargar sus desventuras sobre los productores de panela, tenemos que confrontarlos\u201d. As\u00ed mismo, convoc\u00f3 a los presentes a colocarse alerta y dispuestos a la movilizaci\u00f3n general, la cual acompa\u00f1ar\u00e1, en caso de que la licencia ambiental quede en firme. \u201c Es un acto ilegal e injusto que debe resistirse\u201d, agreg\u00f3. Igualmente, se dirigi\u00f3 a los presentes el senador Gerardo Jum\u00ed, de la Alianza Social Ind\u00edgena, quien ratific\u00f3 su solidaridad con la justa causa de los paneleros y su compromiso con las bregas de los agricultores de todas las etnias contra el neoliberalismo.<\/p>\n<p>Finalmente, el presidente de la Asociaci\u00f3n Nacional por la Salvaci\u00f3n Agropecuaria, Angel Mar\u00eda Caballero, trat\u00f3 el problema como parte de todos los males que sufren las distintas ramas de la agricultura en Colombia, incluido el arroz, el ma\u00edz, el caf\u00e9, la leche y la papa, entre otros. \u201cEste asunto que hoy nos ocupa es muestra de lo que puede pasarle al agro colombiano si se permite la implantaci\u00f3n del ALCA\u201d. Tambi\u00e9n critic\u00f3 que la construcci\u00f3n del ingenio panelero en cuesti\u00f3n se est\u00e9 haciendo con recursos p\u00fablicos derivados de las exenciones tributarias consagradas en la Ley P\u00e1ez.<\/p>\n<p>Con la presentaci\u00f3n de grupos musicales aut\u00f3ctonos de la hoya del R\u00edo Su\u00e1rez y con intervenciones de representantes de la mujer campesina se dio por terminado el acto, en el cual se leyeron, adem\u00e1s, distintos mensajes de solidaridad y remitidos al ministro en respaldo a los manifestantes, sobresaliendo el de AGAMETA, el de la Unidad Boyacense de Productores de Papa y su presidente, Tarcisio Cuervo, y el de la Asamblea Departamental de Risaralda que denuncia el riesgo que corren, por la resoluci\u00f3n de la CRC, los cuantiosos recursos p\u00fablicos invertidos por municipios y departamentos en apoyo a la producci\u00f3n campesina de panela.<\/p>\n<p>Aurelio Su\u00e1rez Montoya<br \/>\nAsociaci\u00f3n Nacional por la Salvaci\u00f3n Agropecuaria<\/p>\n<p>Director Ejecutivo<br \/>\nPedro Camargo Acevedo<br \/>\nUnidad Panelera<br \/>\nCoordinador Nacional<\/p>\n","protected":false},"excerpt":{"rendered":"<p>Asociaci\u00f3n Nacional por la Salvaci\u00f3n Agropecuaria-Unidad Panelera, agosto 2 de 2002 Los varios miles de productores de panela y de todo el agro colombiano incluyendo arroceros, paperos, cafeteros, que marcharon por las calles de Bogot\u00e1 el pasado martes 30 de julio dejaron un plebiscito suscrito por ellos a estudio del ministro del Medio Ambiente en [&hellip;]<\/p>\n","protected":false},"author":1,"featured_media":0,"comment_status":"open","ping_status":"open","sticky":false,"template":"","format":"standard","meta":{"advanced_seo_description":"","jetpack_seo_html_title":"","jetpack_seo_noindex":false,"_jetpack_memberships_contains_paid_content":false,"footnotes":""},"categories":[7],"tags":[],"class_list":["post-435","post","type-post","status-publish","format-standard","hentry","category-pronunciamientos-de-organizaciones-sociales"],"jetpack_featured_media_url":"","jetpack-related-posts":[{"id":421,"url":"https:\/\/moir.com.co\/web\/magna-audiencia-de-paneleros-provincia-del-gualiva-resolucion\/","url_meta":{"origin":435,"position":0},"title":"MAGNA AUDIENCIA DE PANELEROS PROVINCIA DEL GUALIV\u00c1 RESOLUCI\u00d3N","author":"admin","date":"agosto 8, 2004","format":false,"excerpt":"La audiencia de paneleros de los municipios de la Provincia del Gualiv\u00e1 (Caparrap\u00ed, Guaduas, La Pe\u00f1a, La Vega, Nimaima, Nocaima, La Vega, \u00datica, Vergara, Quebradanegra y Villeta), celebrada en el municipio de Villeta con la asistencia de m\u00e1s de mil productores el d\u00eda 3 de junio de 2002 CONSIDERANDO QUE:\u2026","rel":"","context":"En \u00abPronunciamientos de Organizaciones Sociales\u00bb","block_context":{"text":"Pronunciamientos de Organizaciones Sociales","link":"https:\/\/moir.com.co\/web\/category\/pronunciamientos-de-organizaciones-sociales\/"},"img":{"alt_text":"","src":"","width":0,"height":0},"classes":[]},{"id":432,"url":"https:\/\/moir.com.co\/web\/proposicion-de-la-asamblea-departamental-de-santander-en-apoyo-a-la-lucha-de-los-paneleros-contra-el-ingenio-de-padilla-y-la-ma\/","url_meta":{"origin":435,"position":1},"title":"PROPOSICI\u00d3N DE LA ASAMBLEA DEPARTAMENTAL DE SANTANDER EN APOYO A LA LUCHA DE LOS PANELEROS CONTRA EL INGENIO DE PADILLA Y LA MA","author":"admin","date":"agosto 8, 2004","format":false,"excerpt":"La Honorable Asamblea Departamental de Santander, despu\u00e9s de analizar y debatir, hoy 9 de julio de 2002, con la presencia de productores de panela de la regi\u00f3n, el impacto socio-econ\u00f3mico que la puesta en funcionamiento del ingenio industrial panelero de Padilla (Cauca), promovido por la firma Desarrollos Empresariales Caucanos, SA,\u2026","rel":"","context":"En \u00abPronunciamientos de Organizaciones Sociales\u00bb","block_context":{"text":"Pronunciamientos de Organizaciones Sociales","link":"https:\/\/moir.com.co\/web\/category\/pronunciamientos-de-organizaciones-sociales\/"},"img":{"alt_text":"","src":"","width":0,"height":0},"classes":[]},{"id":427,"url":"https:\/\/moir.com.co\/web\/declaracion-de-la-xi-asamblea-nacional-de-delegados-de-unidad-cafetera-sobre-la-adjudicacion-de-la-licencia-ambiental-al-ingenio\/","url_meta":{"origin":435,"position":2},"title":"DECLARACION DE LA XI ASAMBLEA NACIONAL DE DELEGADOS DE UNIDAD CAFETERA SOBRE LA ADJUDICACI\u00d3N DE LA LICENCIA AMBIENTAL AL INGENIO","author":"admin","date":"agosto 8, 2004","format":false,"excerpt":"Unidad Cafetera, Aurelio Su\u00e1rez Montoya, Presidente, La XI Asamblea Nacional de Delegados de UNIDAD CAFETERA, reunida en Pereira el 21 de junio de 2002, conociendo: Que la Corporaci\u00f3n Regional del Cauca \u2013 CRC- concedi\u00f3 licencia ambiental de funcionamiento al Ingenio Panelero del consorcio empresarial de Desarrollos Empresariales Caucanos de Padilla\u2026","rel":"","context":"En \u00abPronunciamientos de Organizaciones Sociales\u00bb","block_context":{"text":"Pronunciamientos de Organizaciones Sociales","link":"https:\/\/moir.com.co\/web\/category\/pronunciamientos-de-organizaciones-sociales\/"},"img":{"alt_text":"","src":"","width":0,"height":0},"classes":[]},{"id":453,"url":"https:\/\/moir.com.co\/web\/la-resistencia-civil-dio-el-triunfo-a-los-paneleros-frente-a-las-pretensiones-de-los-monopolios\/","url_meta":{"origin":435,"position":3},"title":"\u00a1LA RESISTENCIA CIVIL DIO EL TRIUNFO A LOS PANELEROS FRENTE A LAS PRETENSIONES DE LOS MONOPOLIOS!","author":"admin","date":"agosto 9, 2004","format":false,"excerpt":"Asociaci\u00f3n Nacional por la Salvaci\u00f3n Agropecuaria, Noviembre 9 de 2002 El Ministerio del Medio Ambiente, mediante resoluci\u00f3n n\u00famero 0960 del 18 de octubre de 2002, revoc\u00f3 la resoluci\u00f3n de la Corporaci\u00f3n Regional del Cauca del 3 de mayo de este a\u00f1o que otorgaba la licencia ambiental al ingenio panelero de\u2026","rel":"","context":"En \u00abPronunciamientos de Organizaciones Sociales\u00bb","block_context":{"text":"Pronunciamientos de Organizaciones Sociales","link":"https:\/\/moir.com.co\/web\/category\/pronunciamientos-de-organizaciones-sociales\/"},"img":{"alt_text":"","src":"","width":0,"height":0},"classes":[]},{"id":436,"url":"https:\/\/moir.com.co\/web\/en-firme-los-preparativos-de-la-marcha-nacional-panelera-en-bogota-contra-el-ingenio-de-padilla\/","url_meta":{"origin":435,"position":4},"title":"EN FIRME LOS PREPARATIVOS DE LA MARCHA NACIONAL PANELERA EN BOGOT\u00c1 CONTRA EL INGENIO DE PADILLA","author":"admin","date":"agosto 9, 2004","format":false,"excerpt":"Asociaci\u00f3n Nacional por la Salvaci\u00f3n Agropecuaria, Ibagu\u00e9; julio 24 de 2002 Delegaciones de paneleros de casi todo el pa\u00eds se est\u00e1n preparando para hacerse presentes en la Marcha Nacional Panelera que se efectuar\u00e1 el pr\u00f3ximo martes 30 de julio en Bogot\u00e1. Han confirmado su asistencia los principales municipios productores de\u2026","rel":"","context":"En \u00abPronunciamientos de Organizaciones Sociales\u00bb","block_context":{"text":"Pronunciamientos de Organizaciones Sociales","link":"https:\/\/moir.com.co\/web\/category\/pronunciamientos-de-organizaciones-sociales\/"},"img":{"alt_text":"","src":"","width":0,"height":0},"classes":[]},{"id":423,"url":"https:\/\/moir.com.co\/web\/los-paneleros-defenderemos-nuestro-producto\/","url_meta":{"origin":435,"position":5},"title":"LOS PANELEROS DEFENDEREMOS NUESTRO PRODUCTO","author":"admin","date":"agosto 8, 2004","format":false,"excerpt":"Sup\u00eda Junio 3 de 2002. M\u00e1s de 400 delegados de los municipios de Aguadas, P\u00e1cora, Salamina, La Merced, Filadelfia, Neira, Belalcazar, Riosucio, Sup\u00eda, Caramanta, Quinch\u00eda y de los corregimientos de Bonafont y San Lorenzo asistentes a la primera Audiencia P\u00fablica en defensa de los Paneleros Colombianos, realizada hoy 3 de\u2026","rel":"","context":"En \u00abPronunciamientos de Organizaciones Sociales\u00bb","block_context":{"text":"Pronunciamientos de Organizaciones Sociales","link":"https:\/\/moir.com.co\/web\/category\/pronunciamientos-de-organizaciones-sociales\/"},"img":{"alt_text":"","src":"","width":0,"height":0},"classes":[]}],"jetpack_sharing_enabled":true,"_links":{"self":[{"href":"https:\/\/moir.com.co\/web\/wp-json\/wp\/v2\/posts\/435","targetHints":{"allow":["GET"]}}],"collection":[{"href":"https:\/\/moir.com.co\/web\/wp-json\/wp\/v2\/posts"}],"about":[{"href":"https:\/\/moir.com.co\/web\/wp-json\/wp\/v2\/types\/post"}],"author":[{"embeddable":true,"href":"https:\/\/moir.com.co\/web\/wp-json\/wp\/v2\/users\/1"}],"replies":[{"embeddable":true,"href":"https:\/\/moir.com.co\/web\/wp-json\/wp\/v2\/comments?post=435"}],"version-history":[{"count":0,"href":"https:\/\/moir.com.co\/web\/wp-json\/wp\/v2\/posts\/435\/revisions"}],"wp:attachment":[{"href":"https:\/\/moir.com.co\/web\/wp-json\/wp\/v2\/media?parent=435"}],"wp:term":[{"taxonomy":"category","embeddable":true,"href":"https:\/\/moir.com.co\/web\/wp-json\/wp\/v2\/categories?post=435"},{"taxonomy":"post_tag","embeddable":true,"href":"https:\/\/moir.com.co\/web\/wp-json\/wp\/v2\/tags?post=435"}],"curies":[{"name":"wp","href":"https:\/\/api.w.org\/{rel}","templated":true}]}}