{"id":433,"date":"2004-08-08T07:00:00","date_gmt":"2004-08-08T07:00:00","guid":{"rendered":"https:\/\/moir.org.co\/web\/exitosa-y-fructifera-reunion-de-la-junta-nacional-de-la-asociacion-por-la-salvacion-agropecuaria\/"},"modified":"2004-08-08T07:00:00","modified_gmt":"2004-08-08T07:00:00","slug":"exitosa-y-fructifera-reunion-de-la-junta-nacional-de-la-asociacion-por-la-salvacion-agropecuaria","status":"publish","type":"post","link":"https:\/\/moir.com.co\/web\/exitosa-y-fructifera-reunion-de-la-junta-nacional-de-la-asociacion-por-la-salvacion-agropecuaria\/","title":{"rendered":"EXITOSA Y FRUCTIFERA REUNI\u00d3N DE LA JUNTA NACIONAL DE LA ASOCIACI\u00d3N POR LA SALVACI\u00d3N AGROPECUARIA"},"content":{"rendered":"<p>Ibagu\u00e9, julio 9 de 2002<\/p>\n<p>Luego de que la mayor\u00eda de los delegados a la Junta Nacional de la Asociaci\u00f3n por la Salvaci\u00f3n Agropecuaria asistieran el viernes 5 de julio al Tercer Foro Nacional Agropecuario convocado por la Gobernaci\u00f3n del Tolima en la ciudad de Ibagu\u00e9 y, el cual fue clausurado, por el Se\u00f1or Gobernador, Guillermo Alfonso Jaramillo, se llev\u00f3 a cabo en esa misma ciudad la reuni\u00f3n de la Junta Nacional de la Asociaci\u00f3n por la Salvaci\u00f3n Agropecuaria el s\u00e1bado 6 de julio.<\/p>\n<p>POR LA DEFENSA DE LA PRODUCCI\u00d3N AGROPECUARIA Y CONTRA EL ALCA:<\/p>\n<p>JORNADA NACIONAL AGROPECUARIA EL 16 DE SEPTIEMBRE<\/p>\n<p>La Junta, que cont\u00f3 con delegados de 18 organizaciones de 13 departamentos, plante\u00f3 como tarea principal encabezar la necesaria unidad nacional contra el ingreso de Colombia al \u00c1rea de Libre Comercio para las Am\u00e9ricas. \u2013 ALCA- Se consider\u00f3, luego de conocer todos los aspectos relacionados con esa iniciativa, promovida por Estados Unidos, que ella compromete seriamente la soberan\u00eda nacional y alimentaria de Colombia, que se ahondan para el sector agropecuario todas las secuelas heredadas de la apertura, que las ramas que han contado con alguna protecci\u00f3n en el comercio exterior la perder\u00edan por completo, como las industrias av\u00edcola y l\u00e1ctea, el ma\u00edz, el arroz y el az\u00facar, entre otros.<\/p>\n<p>Lo anterior conllevar\u00eda a un aumento del desempleo y a mayor deterioro del sector agropecuario del ya registrado desde 1.991 y propiciar\u00e1 la quiebra de los productores. El proyecto ALCA beneficia exclusivamente a las multinacionales y se sabe que en g\u00e9neros claves como los cereales se configura un inicuo predominio de Estados Unidos, en tanto se impulsa la \u201cespecializaci\u00f3n\u201d de la agricultura de los pa\u00edses tropicales a productos de ese tipo de clima, favoreciendo su sobre oferta y generando bajos precios.<\/p>\n<p>Estas consideraciones llevaron a que la Junta aprobara una Gran Jornada Nacional Agropecuaria para el d\u00eda 16 de Septiembre de 2002 cuyo cometido es la defensa de la producci\u00f3n agropecuaria y contra el ingreso de Colombia al ALCA.<\/p>\n<p>NO AL PROYECTO DE LEY GENERAL RURAL<\/p>\n<p>El Proyecto de Ley General Rural, que ha sido propuesto por el gobierno de Andr\u00e9s Pastrana, recibi\u00f3 el m\u00e1s un\u00e1nime rechazo por parte de la Junta y de todos los delegados. En consonancia con los prop\u00f3sitos del ALCA, reitera la especializaci\u00f3n de la agricultura colombiana en productos tropicales, carece de estrategias productivas serias para el fomento de las actividades agropecuarias, privatiza la investigaci\u00f3n cient\u00edfica para el campo, falsea conceptos vitales como el de seguridad alimentaria para justificar sus intenciones neoliberales, coloca en subasta las recursos gen\u00e9ticos y plantea la eliminaci\u00f3n de instituciones como el INCORA, el INAT y el DRI, con lo cual se disminuye la presencia del Estado en el sector en tareas claves para su desarrollo.<\/p>\n<p>La Junta, luego de destacar que tambi\u00e9n el Proyecto \u2013 de manera aleve- propone la venta a empresas privadas de un bien p\u00fablico estrat\u00e9gico como los Distritos de Riego, resolvi\u00f3 exigir a los gobiernos saliente y entrante desechar tal proyecto por considerarlo atentatorio al desarrollo nacional.<\/p>\n<p>CARTA A ALVARO URIBE VELEZ<\/p>\n<p>La Junta de la Asociaci\u00f3n por la Salvaci\u00f3n Agropecuaria envi\u00f3 una carta a Alvaro Uribe V\u00e9lez, presidente electo de Colombia, en la cual le reitera los principios que la organizaci\u00f3n ha defendido desde su fundaci\u00f3n en abril de 1.999. Angel Mar\u00eda Caballero, quien la suscribe como presidente, es claro en afirmar que la aplicaci\u00f3n cabal de ese programa puede significar la recuperaci\u00f3n del sector agr\u00edcola y la reducci\u00f3n del desempleo en un 10%. Y, a su vez, expresa que, de no tenerse en cuenta, se conducir\u00e1 a la agricultura y a la ganader\u00eda y dem\u00e1s renglones afines a un estado de postraci\u00f3n peor que el que viven. En esa comunicaci\u00f3n se llama a descartar los dictados de los organismos financieros y de comercio internacionales y a hacer de los m\u00e1s de 10 millones de compatriotas, que viven en las \u00e1reas rurales del pa\u00eds, los verdaderos beneficiarios de una pol\u00edtica agraria contraria al neoliberalismo impuesto.<\/p>\n<p>CONTRA EL INGENIO PANELERO DE PADILLA ( CAUCA )<\/p>\n<p>La Junta, as\u00ed mismo, aprob\u00f3 una resoluci\u00f3n de apoyo a las solicitudes de FEDEPANELA y de la Unidad Panelera Nacional de derogatoria de la licencia ambiental que la Corporaci\u00f3n Regional del Cauca \u2013 CRC- expidi\u00f3 al ingenio panelero de Padilla, de propiedad del consorcio Desarrollos Empresariales Caucanos, presentadas ante el se\u00f1or ministro del Medio Ambiente, Juan Mayr Maldonado. Ambas le han solicitado a ese funcionario que reverse la decisi\u00f3n de la CRC porque viola la Ley 40 de 1.990 ya que el perfil industrial de ese ingenio, en el cual agentes totalmente ajenos a la industria de panela proyectan inversiones por $30.000 millones vali\u00e9ndose de las ventajas tributarias de la Ley P\u00e1ez, contradice el esp\u00edritu de la misma, cual es el de consagrar la actividad panelera para la peque\u00f1a y mediana producci\u00f3n. Para respaldar esas justas peticiones se acord\u00f3 tambi\u00e9n participar en la marcha nacional que en ese sentido el gremio panelero adelantar\u00e1 hacia Bogot\u00e1 el d\u00eda 30 de julio de 2002.<\/p>\n<p>CONTRA LAS IMPORTACIONES DE LECHE<\/p>\n<p>Tambi\u00e9n la Junta acord\u00f3 exigir el cese inmediato de las importaciones de leche que est\u00e1n afectando seriamente a los productores lecheros de toda Colombia . Es evidente que las firmas internacionales, que han tomado control del procesamiento industrial de la cadena l\u00e1ctea, impulsan las compras externas de diversas presentaciones de leche que desequilibran el mercado interno, sobre ofreci\u00e9ndolo, disminuyendo los precios, en tanto los costos de producci\u00f3n contin\u00faan subiendo. La Junta estim\u00f3 que las medidas oficiales tomadas hasta ahora no han resuelto el problema.<\/p>\n<p>SE NOMBRA NUEVO DIRECTOR EJECUTIVO<\/p>\n<p>A ra\u00edz del retiro del anterior Director Ejecutivo, Jorge Enrique Robledo Castillo, por su necesaria dedicaci\u00f3n exclusiva en el Congreso de la Rep\u00fablica como Senador, la Junta decidi\u00f3 nombrar como su nuevo Director Ejecutivo a Aurelio Su\u00e1rez Montoya, Ingeniero Industrial, Presidente Nacional de Unidad Cafetera, vinculado desde hace mucho tiempo a las luchas del sector agropecuario. Tel\u00e9fonos (096- 3302329 \u2013 3344987. Direcci\u00f3n electr\u00f3nica: asuarez _ montoya @ hotmail.com. Direcci\u00f3n oficina: Calle 22 # 11-28 Pereira )<\/p>\n<p>SE RECHAZA LA ENTREGA DE HIDROPRADO Y SE EXIGE LA LIBERACION DE ALBERTO BOTERO<\/p>\n<p>Tambi\u00e9n la Junta de la Asociaci\u00f3n Nacional por la Salvaci\u00f3n Agropecuaria rechaz\u00f3 la decisi\u00f3n del Gobierno Nacional de entregar a un consorcio privado la administraci\u00f3n de la generadora Hidroprado en el Tolima. Esa disposici\u00f3n acarrear\u00e1 tarifas m\u00e1s altas para los productores agropecuarios de la regi\u00f3n tolimense, consumidores muy importantes del recurso energ\u00e9tico. De esa forma, en vez de subsidiar y apoyar la producci\u00f3n, \u00e9sta se encarece y se conduce, adem\u00e1s, hacia la privatizaci\u00f3n total de Electrolima con m\u00e1s negativos efectos.<\/p>\n<p>Finalmente, de manera en\u00e9rgica, la Junta pidi\u00f3 a los captores de Alberto Botero Uribe, Presidente de la Asociaci\u00f3n de Usuarios del Distrito de Riego del R\u00edo Salda\u00f1a, USO Salda\u00f1a, su liberaci\u00f3n inmediata. Reitera las calidades de Alberto Botero como destacado dirigente arrocero y solicita su inmediato reintegro a la sociedad y a su familia.<\/p>\n<p>ANGEL MARIA CABALLERO<br \/>\nPresidente<\/p>\n<p>AURELIO SUAREZ MONTOYA<br \/>\nDirector Ejecutivo<\/p>\n","protected":false},"excerpt":{"rendered":"<p>Ibagu\u00e9, julio 9 de 2002 Luego de que la mayor\u00eda de los delegados a la Junta Nacional de la Asociaci\u00f3n por la Salvaci\u00f3n Agropecuaria asistieran el viernes 5 de julio al Tercer Foro Nacional Agropecuario convocado por la Gobernaci\u00f3n del Tolima en la ciudad de Ibagu\u00e9 y, el cual fue clausurado, por el Se\u00f1or Gobernador, [&hellip;]<\/p>\n","protected":false},"author":1,"featured_media":0,"comment_status":"open","ping_status":"open","sticky":false,"template":"","format":"standard","meta":{"advanced_seo_description":"","jetpack_seo_html_title":"","jetpack_seo_noindex":false,"_jetpack_memberships_contains_paid_content":false,"footnotes":""},"categories":[7],"tags":[],"class_list":["post-433","post","type-post","status-publish","format-standard","hentry","category-pronunciamientos-de-organizaciones-sociales"],"jetpack_featured_media_url":"","jetpack-related-posts":[{"id":487,"url":"https:\/\/moir.com.co\/web\/convocatoria-de-la-vii-junta-directiva-nacional-de-la-asociacion-nacional-por-la-salvacion-agropecuaria\/","url_meta":{"origin":433,"position":0},"title":"CONVOCATORIA DE LA VII JUNTA DIRECTIVA NACIONAL DE LA ASOCIACI\u00d3N NACIONAL POR LA SALVACI\u00d3N AGROPECUARIA","author":"admin","date":"agosto 9, 2004","format":false,"excerpt":"Asociaci\u00f3n Nacional por la Salvaci\u00f3n Agropecuaria, Ibagu\u00e9, marzo 11 de 2003 Despu\u00e9s de transcurridos m\u00e1s de ocho meses de la posesi\u00f3n de Alvaro Uribe V\u00e9lez en la Presidencia de la Rep\u00fablica, el sector agropecuario colombiano debe hacer un balance de las medidas que han emanado del gobierno en este periodo\u2026","rel":"","context":"En \u00abPronunciamientos de Organizaciones Sociales\u00bb","block_context":{"text":"Pronunciamientos de Organizaciones Sociales","link":"https:\/\/moir.com.co\/web\/category\/pronunciamientos-de-organizaciones-sociales\/"},"img":{"alt_text":"","src":"","width":0,"height":0},"classes":[]},{"id":437,"url":"https:\/\/moir.com.co\/web\/resolucion-de-la-tercera-asamblea-departamental-de-salvaci__n-agropecuaria-en-antioquia-sobre-el-precio-del-cafe\/","url_meta":{"origin":433,"position":1},"title":"RESOLUCI\u00d3N DE LA TERCERA ASAMBLEA DEPARTAMENTAL DE SALVACI__N AGROPECUARIA EN ANTIOQUIA SOBRE EL PRECIO DEL CAF\u00c9","author":"admin","date":"agosto 9, 2004","format":false,"excerpt":"Asociaci\u00f3n Nacional Por La Salvaci\u00f3n Agropecuario, agosto 9 de 2002 La III Asamblea Departamental de la Asociaci\u00f3n Nacional por la Salvaci\u00f3n Agropecuaria en Antioquia, reunida en el Auditorio de la Fundaci\u00f3n Universitaria Mar\u00eda en la Ciudad de Medell\u00edn el d\u00eda 9 de Agosto de 2002-08-20 CONSIDERANDO 1. Que gracias al\u2026","rel":"","context":"En \u00abPronunciamientos de Organizaciones Sociales\u00bb","block_context":{"text":"Pronunciamientos de Organizaciones Sociales","link":"https:\/\/moir.com.co\/web\/category\/pronunciamientos-de-organizaciones-sociales\/"},"img":{"alt_text":"","src":"","width":0,"height":0},"classes":[]},{"id":425,"url":"https:\/\/moir.com.co\/web\/convocatoria-a-marcha-nacional-panelera-el-proximo-30-de-julio-de-2002\/","url_meta":{"origin":433,"position":2},"title":"CONVOCATORIA A MARCHA NACIONAL PANELERA EL PROXIMO 30 DE JULIO DE 2002","author":"admin","date":"agosto 8, 2004","format":false,"excerpt":"Asociaci\u00f3n Nacional por la Salvaci\u00f3n agropecuaria-Unidad Panelera Nacional, Ibagu\u00e9, junio 26 de 2002 Despu\u00e9s de realizadas las audiencias p\u00fablicas de Sup\u00eda (Caldas), Villeta (Cundinamarca) y Moniquir\u00e1 (Boyac\u00e1) con la participaci\u00f3n entusiasta de cientos de paneleros, en las que fue un\u00e1nime el rechazo a la Resoluci\u00f3n 399 de la Corporaci\u00f3n Aut\u00f3noma\u2026","rel":"","context":"En \u00abPronunciamientos de Organizaciones Sociales\u00bb","block_context":{"text":"Pronunciamientos de Organizaciones Sociales","link":"https:\/\/moir.com.co\/web\/category\/pronunciamientos-de-organizaciones-sociales\/"},"img":{"alt_text":"","src":"","width":0,"height":0},"classes":[]},{"id":504,"url":"https:\/\/moir.com.co\/web\/salvacion-agropecuaria-aprueba-gran-campana-contra-el-alca\/","url_meta":{"origin":433,"position":3},"title":"SALVACI\u00d3N AGROPECUARIA APRUEBA GRAN CAMPA\u00d1A CONTRA EL ALCA","author":"admin","date":"agosto 9, 2004","format":false,"excerpt":"Salvaci\u00f3n Agropecuaria, marzo 27 de 2003 La VII Junta nacional de la Asociaci\u00f3n Nacional por la Salvaci\u00f3n Agropecuaria, reunida en Ibagu\u00e9 con la presencia de 220 delegados, en representaci\u00f3n de cerca de 30 organizaciones regionales y nacionales de productores agropecuarios, de profesionales del sector y de estudiantes universitarios de carreras\u2026","rel":"","context":"En \u00abPronunciamientos de Organizaciones Sociales\u00bb","block_context":{"text":"Pronunciamientos de Organizaciones Sociales","link":"https:\/\/moir.com.co\/web\/category\/pronunciamientos-de-organizaciones-sociales\/"},"img":{"alt_text":"","src":"","width":0,"height":0},"classes":[]},{"id":625,"url":"https:\/\/moir.com.co\/web\/circular-convocatoria-a-la-junta-nacional\/","url_meta":{"origin":433,"position":4},"title":"CIRCULAR CONVOCATORIA A LA JUNTA NACIONAL","author":"admin","date":"agosto 11, 2004","format":false,"excerpt":"El d\u00eda s\u00e1bado 13 de marzo se reunir\u00e1 en la ciudad de Ibagu\u00e9 la Junta Nacional de la Asociaci\u00f3n Nacional por la Salvaci\u00f3n Agropecuaria, su m\u00e1xima instancia decisoria, compuesta por los dirigentes nacionales y regionales de las organizaciones que la integran. Para 2004 las actividades gremiales contra la implantaci\u00f3n del\u2026","rel":"","context":"En \u00abPronunciamientos de Organizaciones Sociales\u00bb","block_context":{"text":"Pronunciamientos de Organizaciones Sociales","link":"https:\/\/moir.com.co\/web\/category\/pronunciamientos-de-organizaciones-sociales\/"},"img":{"alt_text":"","src":"","width":0,"height":0},"classes":[]},{"id":19884,"url":"https:\/\/moir.com.co\/web\/24-de-abril-marcha-agropecuaria-y-cafetera-a-bogota\/","url_meta":{"origin":433,"position":5},"title":"24 de abril: MARCHA AGROPECUARIA Y CAFETERA A BOGOTA","author":"admin","date":"agosto 10, 2004","format":false,"excerpt":"El 27 de enero se reuni\u00f3 en Ibagu\u00e9 la junta directiva de la Asociaci\u00f3n Nacional por la Salvaci\u00f3n Agropecuaria. A la reuni\u00f3n asistieron, entre otros, dirigentes de Unidad Cafetera, Asociaci\u00f3n Agropecuaria del Huila, Federriegos, Unidad Panelera Nacional, Asociaci\u00f3n por la Salvaci\u00f3n Arrocera, Fedepapa, Asopanela, distritos de riego de Salda\u00f1a, R\u00edo\u2026","rel":"","context":"En \u00abTribuna Roja N\u00ba 82, marzo 8 de 2001\u00bb","block_context":{"text":"Tribuna Roja N\u00ba 82, marzo 8 de 2001","link":"https:\/\/moir.com.co\/web\/category\/tribuna-roja\/ediciones-2000-2004\/tribuna-roja-no-82-marzo-8-de-2001\/"},"img":{"alt_text":"","src":"","width":0,"height":0},"classes":[]}],"jetpack_sharing_enabled":true,"_links":{"self":[{"href":"https:\/\/moir.com.co\/web\/wp-json\/wp\/v2\/posts\/433","targetHints":{"allow":["GET"]}}],"collection":[{"href":"https:\/\/moir.com.co\/web\/wp-json\/wp\/v2\/posts"}],"about":[{"href":"https:\/\/moir.com.co\/web\/wp-json\/wp\/v2\/types\/post"}],"author":[{"embeddable":true,"href":"https:\/\/moir.com.co\/web\/wp-json\/wp\/v2\/users\/1"}],"replies":[{"embeddable":true,"href":"https:\/\/moir.com.co\/web\/wp-json\/wp\/v2\/comments?post=433"}],"version-history":[{"count":0,"href":"https:\/\/moir.com.co\/web\/wp-json\/wp\/v2\/posts\/433\/revisions"}],"wp:attachment":[{"href":"https:\/\/moir.com.co\/web\/wp-json\/wp\/v2\/media?parent=433"}],"wp:term":[{"taxonomy":"category","embeddable":true,"href":"https:\/\/moir.com.co\/web\/wp-json\/wp\/v2\/categories?post=433"},{"taxonomy":"post_tag","embeddable":true,"href":"https:\/\/moir.com.co\/web\/wp-json\/wp\/v2\/tags?post=433"}],"curies":[{"name":"wp","href":"https:\/\/api.w.org\/{rel}","templated":true}]}}