{"id":432,"date":"2004-08-08T07:00:00","date_gmt":"2004-08-08T07:00:00","guid":{"rendered":"https:\/\/moir.org.co\/web\/proposicion-de-la-asamblea-departamental-de-santander-en-apoyo-a-la-lucha-de-los-paneleros-contra-el-ingenio-de-padilla-y-la-ma\/"},"modified":"2004-08-08T07:00:00","modified_gmt":"2004-08-08T07:00:00","slug":"proposicion-de-la-asamblea-departamental-de-santander-en-apoyo-a-la-lucha-de-los-paneleros-contra-el-ingenio-de-padilla-y-la-ma","status":"publish","type":"post","link":"https:\/\/moir.com.co\/web\/proposicion-de-la-asamblea-departamental-de-santander-en-apoyo-a-la-lucha-de-los-paneleros-contra-el-ingenio-de-padilla-y-la-ma\/","title":{"rendered":"PROPOSICI\u00d3N DE LA ASAMBLEA DEPARTAMENTAL DE SANTANDER EN APOYO A LA LUCHA DE LOS PANELEROS CONTRA EL INGENIO DE PADILLA Y LA MA"},"content":{"rendered":"<p>La Honorable Asamblea Departamental de Santander, despu\u00e9s de analizar y debatir, hoy 9 de julio de 2002, con la presencia de productores de panela de la regi\u00f3n, el impacto socio-econ\u00f3mico que la puesta en funcionamiento del ingenio industrial panelero de Padilla (Cauca), promovido por la firma Desarrollos Empresariales Caucanos, SA, una vez quede en firme la Resoluci\u00f3n 399 de la Corporaci\u00f3n Aut\u00f3noma Regional del Cauca (C.R.C) concedi\u00e9ndole la licencia ambiental a este proyecto, tendr\u00eda para la producci\u00f3n de panela artesanal en el pa\u00eds y en nuestro Departamento.   <\/p>\n<p>Es evidente, que el ingenio mencionado, por la naturaleza de sus accionistas; varios de los m\u00e1s connotados ingenios azucareros del Valle y Cauca asociados con el gran capital financiero, con una voluminosa inversi\u00f3n de 30.000 millones de pesos aumentada, adem\u00e1s, por las ventajas tributarias de la Ley P\u00e1ez y con un respaldo financiero de sus socios que les garantiza intervenir el mercado panelero nacional en una cifra cercana al 10 por ciento y, en consecuencia, monopolizar esta actividad econ\u00f3mica fundamental para la econom\u00eda de 236 municipios del pa\u00eds y para los peque\u00f1os y medianos productores artesanales que en cantidad de 70.000 se dedican a cultivarla y a los 27.000 trapiches artesanales que procesan panela en Colombia, arruinando a 350.000 familias que derivan sustento de esta actividad.   <\/p>\n<p>Santander, segundo productor de panela del pa\u00eds, con 43 municipios productores, con un \u00e1rea sembrada de 30.000 hect\u00e1reas y una producci\u00f3n anual estimada de 200.000 toneladas, ver\u00eda seriamente afectada lo que queda de su econom\u00eda campesina tradicional, sin que haya alternativas de reemplazo a corto y mediano plazo, originado un grave conflicto social por el desempleo ocasionado en el cierre de los trapiches artesanales altamente intensivos en ocupaci\u00f3n de mano de obra rural y generando, por tanto, mas violencia y descomposici\u00f3n social por la desaparici\u00f3n de una fuente de trabajo insustituible en el momento actual.   <\/p>\n<p>Que la puesta en marcha del proyecto de Desarrollo Empresarial Caucanos S.A., es violatoria del art\u00edculo primero, par\u00e1grafo 20 de la Ley 40 de 1990 que proh\u00edbe hacer panela industrial en Colombia y del principio Constitucional que establece que la libertad econ\u00f3mica no puede estar por encima del bien com\u00fan.   <\/p>\n<p>En consecuencia, la Asamblea Departamental aprueba el envi\u00f3 de sendas comunicaciones al Se\u00f1or Gobernador para que encabece el reclamo de los productores de Panela del Departamento; y al Se\u00f1or Presidente de la Rep\u00fablica; al Ministro del Medio Ambiente para que no reafirmen la Resoluci\u00f3n 399 en la instancia de apelaci\u00f3n y en el mismo sentido a la Corporaci\u00f3n Aut\u00f3noma Regional del Cauca (C.R.C).   <\/p>\n<p>A su vez expresa su respaldo a la justa expresi\u00f3n del derecho constitucional a la protesta acompa\u00f1ando la Marcha Nacional Panelera, que organiza Uni\u00f3n Panelera, para el pr\u00f3ximo 30 de julio de 2002 en la ciudad de Bogot\u00e1, con el fin de solicitar una pronta soluci\u00f3n a su sentido reclamo. Env\u00edese copia de la presente a las autoridades mencionadas y al Defensor del Pueblo.   <\/p>\n<p>Presentada por:   <\/p>\n<p>Diputado: ANGEL ALIRIO MORENO MATEUS<br \/>\nAprobada por unanimidad.<br \/>\nBucaramanga; julio 9 de 2002 <\/p>\n","protected":false},"excerpt":{"rendered":"<p>La Honorable Asamblea Departamental de Santander, despu\u00e9s de analizar y debatir, hoy 9 de julio de 2002, con la presencia de productores de panela de la regi\u00f3n, el impacto socio-econ\u00f3mico que la puesta en funcionamiento del ingenio industrial panelero de Padilla (Cauca), promovido por la firma Desarrollos Empresariales Caucanos, SA, una vez quede en firme [&hellip;]<\/p>\n","protected":false},"author":1,"featured_media":0,"comment_status":"open","ping_status":"open","sticky":false,"template":"","format":"standard","meta":{"advanced_seo_description":"","jetpack_seo_html_title":"","jetpack_seo_noindex":false,"_jetpack_memberships_contains_paid_content":false,"footnotes":""},"categories":[7],"tags":[],"class_list":["post-432","post","type-post","status-publish","format-standard","hentry","category-pronunciamientos-de-organizaciones-sociales"],"jetpack_featured_media_url":"","jetpack-related-posts":[{"id":416,"url":"https:\/\/moir.com.co\/web\/la-junta-directiva-nacional-ampliada-de-unidad-panelera-reunida-en-bogota-el-3-de-mayo-de-2002-con-la-presencia-de-cincuenta\/","url_meta":{"origin":432,"position":0},"title":"LA JUNTA DIRECTIVA NACIONAL AMPLIADA DE UNIDAD PANELERA, REUNIDA EN BOGOT\u00c1 EL 3 DE MAYO DE 2002, CON LA PRESENCIA DE CINCUENTA","author":"admin","date":"agosto 8, 2004","format":false,"excerpt":"Bogot\u00e1, mayo 3 de 2002 LA JUNTA DIRECTIVA NACIONAL AMPLIADA DE UNIDAD PANELERA, REUNIDA EN BOGOT\u00c1 EL 3 DE MAYO DE 2002, CON LA PRESENCIA DE CINCUENTA DELEGADOS DE OCHO DEPARTAMENTOS DEL PA\u00cdS, Y TENIENDO EN CUENTA: Que varios de los grandes ingenios del Valle y del Cauca, en asocio\u2026","rel":"","context":"En \u00abPronunciamientos de Organizaciones Sociales\u00bb","block_context":{"text":"Pronunciamientos de Organizaciones Sociales","link":"https:\/\/moir.com.co\/web\/category\/pronunciamientos-de-organizaciones-sociales\/"},"img":{"alt_text":"","src":"","width":0,"height":0},"classes":[]},{"id":436,"url":"https:\/\/moir.com.co\/web\/en-firme-los-preparativos-de-la-marcha-nacional-panelera-en-bogota-contra-el-ingenio-de-padilla\/","url_meta":{"origin":432,"position":1},"title":"EN FIRME LOS PREPARATIVOS DE LA MARCHA NACIONAL PANELERA EN BOGOT\u00c1 CONTRA EL INGENIO DE PADILLA","author":"admin","date":"agosto 9, 2004","format":false,"excerpt":"Asociaci\u00f3n Nacional por la Salvaci\u00f3n Agropecuaria, Ibagu\u00e9; julio 24 de 2002 Delegaciones de paneleros de casi todo el pa\u00eds se est\u00e1n preparando para hacerse presentes en la Marcha Nacional Panelera que se efectuar\u00e1 el pr\u00f3ximo martes 30 de julio en Bogot\u00e1. Han confirmado su asistencia los principales municipios productores de\u2026","rel":"","context":"En \u00abPronunciamientos de Organizaciones Sociales\u00bb","block_context":{"text":"Pronunciamientos de Organizaciones Sociales","link":"https:\/\/moir.com.co\/web\/category\/pronunciamientos-de-organizaciones-sociales\/"},"img":{"alt_text":"","src":"","width":0,"height":0},"classes":[]},{"id":427,"url":"https:\/\/moir.com.co\/web\/declaracion-de-la-xi-asamblea-nacional-de-delegados-de-unidad-cafetera-sobre-la-adjudicacion-de-la-licencia-ambiental-al-ingenio\/","url_meta":{"origin":432,"position":2},"title":"DECLARACION DE LA XI ASAMBLEA NACIONAL DE DELEGADOS DE UNIDAD CAFETERA SOBRE LA ADJUDICACI\u00d3N DE LA LICENCIA AMBIENTAL AL INGENIO","author":"admin","date":"agosto 8, 2004","format":false,"excerpt":"Unidad Cafetera, Aurelio Su\u00e1rez Montoya, Presidente, La XI Asamblea Nacional de Delegados de UNIDAD CAFETERA, reunida en Pereira el 21 de junio de 2002, conociendo: Que la Corporaci\u00f3n Regional del Cauca \u2013 CRC- concedi\u00f3 licencia ambiental de funcionamiento al Ingenio Panelero del consorcio empresarial de Desarrollos Empresariales Caucanos de Padilla\u2026","rel":"","context":"En \u00abPronunciamientos de Organizaciones Sociales\u00bb","block_context":{"text":"Pronunciamientos de Organizaciones Sociales","link":"https:\/\/moir.com.co\/web\/category\/pronunciamientos-de-organizaciones-sociales\/"},"img":{"alt_text":"","src":"","width":0,"height":0},"classes":[]},{"id":423,"url":"https:\/\/moir.com.co\/web\/los-paneleros-defenderemos-nuestro-producto\/","url_meta":{"origin":432,"position":3},"title":"LOS PANELEROS DEFENDEREMOS NUESTRO PRODUCTO","author":"admin","date":"agosto 8, 2004","format":false,"excerpt":"Sup\u00eda Junio 3 de 2002. M\u00e1s de 400 delegados de los municipios de Aguadas, P\u00e1cora, Salamina, La Merced, Filadelfia, Neira, Belalcazar, Riosucio, Sup\u00eda, Caramanta, Quinch\u00eda y de los corregimientos de Bonafont y San Lorenzo asistentes a la primera Audiencia P\u00fablica en defensa de los Paneleros Colombianos, realizada hoy 3 de\u2026","rel":"","context":"En \u00abPronunciamientos de Organizaciones Sociales\u00bb","block_context":{"text":"Pronunciamientos de Organizaciones Sociales","link":"https:\/\/moir.com.co\/web\/category\/pronunciamientos-de-organizaciones-sociales\/"},"img":{"alt_text":"","src":"","width":0,"height":0},"classes":[]},{"id":453,"url":"https:\/\/moir.com.co\/web\/la-resistencia-civil-dio-el-triunfo-a-los-paneleros-frente-a-las-pretensiones-de-los-monopolios\/","url_meta":{"origin":432,"position":4},"title":"\u00a1LA RESISTENCIA CIVIL DIO EL TRIUNFO A LOS PANELEROS FRENTE A LAS PRETENSIONES DE LOS MONOPOLIOS!","author":"admin","date":"agosto 9, 2004","format":false,"excerpt":"Asociaci\u00f3n Nacional por la Salvaci\u00f3n Agropecuaria, Noviembre 9 de 2002 El Ministerio del Medio Ambiente, mediante resoluci\u00f3n n\u00famero 0960 del 18 de octubre de 2002, revoc\u00f3 la resoluci\u00f3n de la Corporaci\u00f3n Regional del Cauca del 3 de mayo de este a\u00f1o que otorgaba la licencia ambiental al ingenio panelero de\u2026","rel":"","context":"En \u00abPronunciamientos de Organizaciones Sociales\u00bb","block_context":{"text":"Pronunciamientos de Organizaciones Sociales","link":"https:\/\/moir.com.co\/web\/category\/pronunciamientos-de-organizaciones-sociales\/"},"img":{"alt_text":"","src":"","width":0,"height":0},"classes":[]},{"id":19795,"url":"https:\/\/moir.com.co\/web\/de-salvacion-agropecuaria-la-resistencia-civil-dio-el-triunfo-a-los-paneleros-frente-a-las-pretensiones-de-los-monopolios\/","url_meta":{"origin":432,"position":5},"title":"De Salvaci\u00f3n Agropecuaria: LA RESISTENCIA CIVIL DIO EL TRIUNFO A LOS PANELEROS FRENTE A LAS PRETENSIONES DE LOS MONOPOLIOS","author":"admin","date":"agosto 10, 2004","format":false,"excerpt":"El Ministerio del Medio Ambiente, mediante resoluci\u00f3n n\u00famero 0960 del 18 de octubre de 2002, revoc\u00f3 la resoluci\u00f3n de la Corporaci\u00f3n Regional del Cauca del 3 de mayo de este a\u00f1o que otorgaba la licencia ambiental al ingenio panelero de Padilla, Cauca. Dicha revocatoria se bas\u00f3 en \u00ablos impactos que\u2026","rel":"","context":"En \u00abJos\u00e9 Fernando Ocampo\u00bb","block_context":{"text":"Jos\u00e9 Fernando Ocampo","link":"https:\/\/moir.com.co\/web\/category\/bitacoras\/jose-fernando-ocampo\/"},"img":{"alt_text":"","src":"","width":0,"height":0},"classes":[]}],"jetpack_sharing_enabled":true,"_links":{"self":[{"href":"https:\/\/moir.com.co\/web\/wp-json\/wp\/v2\/posts\/432","targetHints":{"allow":["GET"]}}],"collection":[{"href":"https:\/\/moir.com.co\/web\/wp-json\/wp\/v2\/posts"}],"about":[{"href":"https:\/\/moir.com.co\/web\/wp-json\/wp\/v2\/types\/post"}],"author":[{"embeddable":true,"href":"https:\/\/moir.com.co\/web\/wp-json\/wp\/v2\/users\/1"}],"replies":[{"embeddable":true,"href":"https:\/\/moir.com.co\/web\/wp-json\/wp\/v2\/comments?post=432"}],"version-history":[{"count":0,"href":"https:\/\/moir.com.co\/web\/wp-json\/wp\/v2\/posts\/432\/revisions"}],"wp:attachment":[{"href":"https:\/\/moir.com.co\/web\/wp-json\/wp\/v2\/media?parent=432"}],"wp:term":[{"taxonomy":"category","embeddable":true,"href":"https:\/\/moir.com.co\/web\/wp-json\/wp\/v2\/categories?post=432"},{"taxonomy":"post_tag","embeddable":true,"href":"https:\/\/moir.com.co\/web\/wp-json\/wp\/v2\/tags?post=432"}],"curies":[{"name":"wp","href":"https:\/\/api.w.org\/{rel}","templated":true}]}}