{"id":430,"date":"2004-08-08T07:00:00","date_gmt":"2004-08-08T07:00:00","guid":{"rendered":"https:\/\/moir.org.co\/web\/carta-de-la-asociacion-nacional-por-la-salvacion-agropecuaria-al-presidente-electo-alvaro-uribe\/"},"modified":"2004-08-08T07:00:00","modified_gmt":"2004-08-08T07:00:00","slug":"carta-de-la-asociacion-nacional-por-la-salvacion-agropecuaria-al-presidente-electo-alvaro-uribe","status":"publish","type":"post","link":"https:\/\/moir.com.co\/web\/carta-de-la-asociacion-nacional-por-la-salvacion-agropecuaria-al-presidente-electo-alvaro-uribe\/","title":{"rendered":"CARTA DE LA ASOCIACION NACIONAL POR LA SALVACION AGROPECUARIA AL PRESIDENTE ELECTO ALVARO URIBE"},"content":{"rendered":"<p>Ibagu\u00e9, julio 6 de 2002   <\/p>\n<p>Doctor <\/p>\n<p>ALVARO URIBE VELEZ <\/p>\n<p>Presidente electo de la Rep\u00fablica de Colombia <\/p>\n<p>E. S. M.   <\/p>\n<p>Se\u00f1or Presidente electo:   <\/p>\n<p>Es dif\u00edcil encontrar otro tema distinto al desastroso diagn\u00f3stico actual del campo colombiano en el que exista mayor unanimidad entre las distintas corrientes de opini\u00f3n. Ni siquiera renglones insignias como el caf\u00e9 se salvaron de la ruina y el deterioro, como tampoco el arroz, las hortalizas o la papa y cereales como el trigo, la soya y el sorgo est\u00e1n casi desaparecidos. Las mismas cifras oficiales de la presente administraci\u00f3n, harto discutibles por cierto, no logran ocultar los terribles resultados. La producci\u00f3n, junto con todos sus factores determinantes, como empleo, inversi\u00f3n y \u00e1rea de siembra, ha decrecido en la \u00faltima d\u00e9cada de manera escandalosa. La participaci\u00f3n de la agricultura en el PIB nacional se redujo a la mitad, en tanto el 35% de nuestros compatriotas a\u00fan vive en el campo y casi el 80% de ellos en la pobreza.   <\/p>\n<p>En donde no hay acuerdo es en las causas de esa pavorosa situaci\u00f3n. Para los neoliberales, bien representados en los tres \u00faltimos gobiernos, la raz\u00f3n de los graves quebrantos est\u00e1 en la &#8220;baja competitividad&#8221; de los productores agropecuarios y campesinos colombianos. Ese an\u00e1lisis les sirve de justificaci\u00f3n a las pol\u00edticas oficiales adoptadas que tratan de desconocer los efectos que la apertura comercial a la que, con el resto de la econom\u00eda, fuera sometido el campo colombiano y ello pese a que nadie en el mundo ignora que los precios de estos productos en los mercados internacionales se est\u00e1n fijando por los subsidios, que abarcan en los pa\u00edses con econom\u00edas m\u00e1s poderosas una gama ampl\u00edsima de renglones, y salarios de hambre en la mayor\u00eda de los pa\u00edses tropicales.   <\/p>\n<p>La agricultura en Colombia jam\u00e1s ha sido f\u00e1cil. El acceso a los recursos principales como cr\u00e9dito, tecnolog\u00eda, insumos y tierras aptas jam\u00e1s ha sido suficiente y las pol\u00edticas agr\u00edcolas de aut\u00e9ntica protecci\u00f3n han brillado por su ausencia. Esas condiciones se han agravado con las importaciones masivas de g\u00e9neros agr\u00edcolas y de alimentos, basadas en bajos aranceles, de la \u00faltima d\u00e9cada que cobija a casi toda la canasta de productos. Si a esto se suman la privatizaci\u00f3n total en la comercializaci\u00f3n y la especulaci\u00f3n con visos de aut\u00e9ntico agio que opera en la colocaci\u00f3n de los recursos financieros, puestos en manos de los intermediarios, se encuentran otros motivos, diferentes a las explicaciones microecon\u00f3micas del neoliberalismo, para demostrar que la crisis obedece a una conspiraci\u00f3n de disposiciones que consultan otros intereses a los del sector productivo agropecuario.   <\/p>\n<p>La crisis agraria se expresa en que Colombia, al entregar su soberan\u00eda alimentaria, no est\u00e1 garantizando la seguridad en alimentos para sus ciudadanos y se han traspasado los m\u00ednimos l\u00edmites admisibles. En la \u00faltima d\u00e9cada todas las nuevas demandas de comida, con excepciones contadas en pl\u00e1tano y \u00f1ame, se han atendido con productos extranjeros. Se cumple lo advertido en la pasada cumbre mundial de alimentos celebrada en Roma, al afirmar que la liberalizaci\u00f3n de comercio a costos inferiores de producci\u00f3n provoca la quiebra de agricultores de pa\u00edses en desarrollo y, aunque en teor\u00eda se dice que beneficia a los consumidores con &#8220;alimentos baratos&#8221;, ese beneficio final termina siendo una falsa ilusi\u00f3n. Colombia ocupa puesto destacado entre todos los pa\u00edses que han perdido cerca de 10 millones de puestos de trabajo a ra\u00edz del libre comercio agr\u00edcola.   <\/p>\n<p>Lo peor es que los proyectos en funcionamiento y otros que est\u00e1n por venir ahondan en las pol\u00edticas responsables del fracaso. Tanto el Plan Colombia, como el proyecto de Ley General Rural, que el gobierno pastranista ha impulsado, y el \u00c1rea de Libre Comercio de las Am\u00e9ricas -ALCA- se conjugan de manera siniestra para liquidar lo poco que queda del sector agropecuario. Todos ellos predican la especializaci\u00f3n de nuestra agricultura en productos tropicales, renunciando a los dem\u00e1s, as\u00ed sean estrat\u00e9gicos, y someten a plena y desigual competencia lo poco que hemos logrado preservar. El arancel cero que propone el ALCA significa acabar con los niveles de 49% para el ma\u00edz amarillo, de 72% para el arroz, de 46% para el az\u00facar y de 102% para los trozos de pollo. Es decir, todos los renglones agropecuarios quedan expuestos y la agricultura supeditada a la biodiversidad, como reza la jerga oficial.   <\/p>\n<p>Se\u00f1or Presidente, la Asociaci\u00f3n por la Salvaci\u00f3n Agropecuaria ha elaborado un programa que constituye una pol\u00edtica agr\u00edcola de verdadero apoyo al sector y que garantizar\u00e1 la recuperaci\u00f3n de al menos 10 puntos del desempleo que hoy sufre Colombia: cese de las pol\u00edticas que inducen la importaci\u00f3n de productos del agro que puedan producirse en Colombia y, en consecuencia, se defina como m\u00e1xima prioridad garantizar la seguridad y el autoabastecimiento alimentario nacional, requisito indispensable para el desarrollo de cualquier pa\u00eds; precios de sustentaci\u00f3n remunerativos, estables y garantizados por el Estado; un efectivo control de los costos de los insumos agropecuarios, tarifas de los servicios p\u00fablicos, impuestos y dem\u00e1s costos de producci\u00f3n; suspensi\u00f3n inmediata e indefinida de la estratificaci\u00f3n de los predios rurales; otorgamiento de cr\u00e9ditos suficientes, oportunos y baratos; condonaci\u00f3n total de las deudas del sector agropecuario y cese de los procesos judiciales, embargos y remates y protecci\u00f3n estatal del sector agropecuario en las garant\u00edas de comercializaci\u00f3n, precios, cr\u00e9ditos, investigaci\u00f3n, asistencia t\u00e9cnica, construcci\u00f3n de distritos de riego y dem\u00e1s labores que defiendan y estimulen las actividades del sector.   <\/p>\n<p>Estamos convencidos de que si se tiene en cuenta todo lo aqu\u00ed planteado, cuya justeza se ha convalidado en las luchas sociales de los agricultores colombianos, el campo puede empezar a salir del estado de postraci\u00f3n en que se encuentra. Por otra parte, desecharlo conducir\u00e1 a una m\u00e1s terrible tragedia a la ya ocasionada por la pol\u00edtica atentatoria contra el inter\u00e9s nacional que han impuesto los gobiernos desde 1990, y que obedece a los dictados de los organismos mundiales, financieros y de comercio, y de los monopolios multinacionales, primeros beneficiarios de la globalizaci\u00f3n neoliberal.   <\/p>\n<p>Cordial saludo,   <\/p>\n<p>ANGEL MARIA CABALLERO<br \/>\nPresidente<\/p>\n","protected":false},"excerpt":{"rendered":"<p>Ibagu\u00e9, julio 6 de 2002 Doctor ALVARO URIBE VELEZ Presidente electo de la Rep\u00fablica de Colombia E. S. M. Se\u00f1or Presidente electo: Es dif\u00edcil encontrar otro tema distinto al desastroso diagn\u00f3stico actual del campo colombiano en el que exista mayor unanimidad entre las distintas corrientes de opini\u00f3n. Ni siquiera renglones insignias como el caf\u00e9 se [&hellip;]<\/p>\n","protected":false},"author":1,"featured_media":0,"comment_status":"open","ping_status":"open","sticky":false,"template":"","format":"standard","meta":{"advanced_seo_description":"","jetpack_seo_html_title":"","jetpack_seo_noindex":false,"_jetpack_memberships_contains_paid_content":false,"footnotes":""},"categories":[7],"tags":[],"class_list":["post-430","post","type-post","status-publish","format-standard","hentry","category-pronunciamientos-de-organizaciones-sociales"],"jetpack_featured_media_url":"","jetpack-related-posts":[{"id":426,"url":"https:\/\/moir.com.co\/web\/carta-de-la-xi-asamblea-nacional-de-delegados-de-unidad-cafetera-al-presidente-electo-alvaro-uribe-velez\/","url_meta":{"origin":430,"position":0},"title":"CARTA DE LA XI ASAMBLEA NACIONAL DE DELEGADOS DE UNIDAD CAFETERA AL PRESIDENTE ELECTO ALVARO URIBE VELEZ","author":"admin","date":"agosto 8, 2004","format":false,"excerpt":"Se\u00f1or Doctor ALVARO URIBE VELEZ Presidente electo de la Rep\u00fablica de Colombia Bogot\u00e1 Se\u00f1or Presidente: Se volvi\u00f3 costumbre, desde que sobrevino la crisis del caf\u00e9 a ra\u00edz del rompimiento del Pacto de Cuotas, que los candidatos presidenciales vengan a la zona cafetera en \u00e9poca de campa\u00f1a, prometan el oro y\u2026","rel":"","context":"En \u00abPronunciamientos de Organizaciones Sociales\u00bb","block_context":{"text":"Pronunciamientos de Organizaciones Sociales","link":"https:\/\/moir.com.co\/web\/category\/pronunciamientos-de-organizaciones-sociales\/"},"img":{"alt_text":"","src":"","width":0,"height":0},"classes":[]},{"id":4585,"url":"https:\/\/moir.com.co\/web\/sobre-la-misma-confusion-de-todas-las-veces\/","url_meta":{"origin":430,"position":1},"title":"Sobre la misma confusi\u00f3n de todas las veces","author":"admin","date":"julio 23, 2010","format":false,"excerpt":"Los colombianos asistimos al acostumbrado rito de ilusiones cada vez que se cambia el Presidente, rito que dura desde el d\u00eda en que gana las elecciones hasta una fecha m\u00e1s o menos lejana al momento de posesionarse y durante el cual no puede saberse \u2013dicen\u2013 si el nuevo jefe de\u2026","rel":"","context":"En \u00abJorge Enrique Robledo\u00bb","block_context":{"text":"Jorge Enrique Robledo","link":"https:\/\/moir.com.co\/web\/category\/jorge-enrique-robledo\/"},"img":{"alt_text":"","src":"","width":0,"height":0},"classes":[]},{"id":15581,"url":"https:\/\/moir.com.co\/web\/la-investidura-presidencial-colombiana-en-crisis\/","url_meta":{"origin":430,"position":2},"title":"La investidura presidencial colombiana en crisis","author":"admin","date":"agosto 9, 2018","format":false,"excerpt":"Jos\u00e9 Arlex Arias, Cartagena, agosto 6 de 2018 Seg\u00fan la enciclopedia digital Wikipedia, \"la investidura era la entrega simb\u00f3lica del bien concedido por el se\u00f1or feudal a su vasallo, se hac\u00eda entregando tierra, luego una espada y por \u00faltimo un documento de reconocimiento feudal...El t\u00e9rmino\u00a0investidura\u00a0se toma algunas veces por el\u2026","rel":"","context":"En \u00abEconom\u00eda\u00bb","block_context":{"text":"Econom\u00eda","link":"https:\/\/moir.com.co\/web\/category\/temas\/economia\/"},"img":{"alt_text":"","src":"","width":0,"height":0},"classes":[]},{"id":13108,"url":"https:\/\/moir.com.co\/web\/conspirando-por-un-mundo-mejor\/","url_meta":{"origin":430,"position":3},"title":"Conspirando por un mundo mejor","author":"admin","date":"agosto 14, 2017","format":false,"excerpt":"Yolima Vargas Garz\u00f3n, Bogot\u00e1, agosto 14 de 2017 La historia electoral de Colombia que le ha tocado a mi generaci\u00f3n ha sido muy dif\u00edcil. Llena de violencia y de miedo, que en mi opini\u00f3n han sido el motor\u00a0de la elecci\u00f3n de los presidentes desde que tengo uso de raz\u00f3n. Ni\u2026","rel":"","context":"En \u00abPol\u00edtica\u00bb","block_context":{"text":"Pol\u00edtica","link":"https:\/\/moir.com.co\/web\/category\/temas\/politica\/"},"img":{"alt_text":"","src":"","width":0,"height":0},"classes":[]},{"id":1872,"url":"https:\/\/moir.com.co\/web\/antes-de-que-culminen-las-extras-debate-al-mininterior-sobre-la-parapolitica-uribista\/","url_meta":{"origin":430,"position":4},"title":"ANTES DE QUE CULMINEN LAS EXTRAS DEBATE AL MININTERIOR SOBRE LA PARAPOLITICA URIBISTA","author":"admin","date":"febrero 23, 2007","format":false,"excerpt":"www.polodemocratico.net, Bogot\u00e1, 23 de febrero de 2007Senador Robledo, \u00bfqu\u00e9 opini\u00f3n le merece la orden de captura contra el ex director del DAS, Jorge Noguera? \u00a0 Este es un hecho de inusitada gravedad, porque se trata de un funcionario nombrado por el propio \u00c1lvaro Uribe y porque fue dirigente de su\u2026","rel":"","context":"En \u00abPolo Democr\u00e1tico Alternativo\u00bb","block_context":{"text":"Polo Democr\u00e1tico Alternativo","link":"https:\/\/moir.com.co\/web\/category\/polo-democratico-alternativo\/"},"img":{"alt_text":"","src":"","width":0,"height":0},"classes":[]},{"id":14854,"url":"https:\/\/moir.com.co\/web\/la-verdad-sobre-los-ataques-de-ivan-duque-y-gustavo-petro-al-polo-democratico-alternativo\/","url_meta":{"origin":430,"position":5},"title":"La verdad sobre los ataques de Iv\u00e1n Duque y Gustavo Petro al Polo Democr\u00e1tico Alternativo","author":"admin","date":"abril 7, 2018","format":false,"excerpt":"Polo Democr\u00e1tico Alternativo, Bogot\u00e1, abril 6 de 2018 El Polo Democr\u00e1tico Alternativo rechaza los ataques en contra de nuestro partido por parte de Iv\u00e1n Duque y Gustavo Petro en el debate de candidatos presidenciales realizado en Barranquilla el pasado 5 de abril (Universidad del Norte), en los que hicieron afirmaciones\u2026","rel":"","context":"En \u00abImperialismo y Neoliberalismo\u00bb","block_context":{"text":"Imperialismo y Neoliberalismo","link":"https:\/\/moir.com.co\/web\/category\/temas\/imperialismo-y-neoliberalismo\/"},"img":{"alt_text":"","src":"","width":0,"height":0},"classes":[]}],"jetpack_sharing_enabled":true,"_links":{"self":[{"href":"https:\/\/moir.com.co\/web\/wp-json\/wp\/v2\/posts\/430","targetHints":{"allow":["GET"]}}],"collection":[{"href":"https:\/\/moir.com.co\/web\/wp-json\/wp\/v2\/posts"}],"about":[{"href":"https:\/\/moir.com.co\/web\/wp-json\/wp\/v2\/types\/post"}],"author":[{"embeddable":true,"href":"https:\/\/moir.com.co\/web\/wp-json\/wp\/v2\/users\/1"}],"replies":[{"embeddable":true,"href":"https:\/\/moir.com.co\/web\/wp-json\/wp\/v2\/comments?post=430"}],"version-history":[{"count":0,"href":"https:\/\/moir.com.co\/web\/wp-json\/wp\/v2\/posts\/430\/revisions"}],"wp:attachment":[{"href":"https:\/\/moir.com.co\/web\/wp-json\/wp\/v2\/media?parent=430"}],"wp:term":[{"taxonomy":"category","embeddable":true,"href":"https:\/\/moir.com.co\/web\/wp-json\/wp\/v2\/categories?post=430"},{"taxonomy":"post_tag","embeddable":true,"href":"https:\/\/moir.com.co\/web\/wp-json\/wp\/v2\/tags?post=430"}],"curies":[{"name":"wp","href":"https:\/\/api.w.org\/{rel}","templated":true}]}}