{"id":427,"date":"2004-08-08T07:00:00","date_gmt":"2004-08-08T07:00:00","guid":{"rendered":"https:\/\/moir.org.co\/web\/declaracion-de-la-xi-asamblea-nacional-de-delegados-de-unidad-cafetera-sobre-la-adjudicacion-de-la-licencia-ambiental-al-ingenio\/"},"modified":"2004-08-08T07:00:00","modified_gmt":"2004-08-08T07:00:00","slug":"declaracion-de-la-xi-asamblea-nacional-de-delegados-de-unidad-cafetera-sobre-la-adjudicacion-de-la-licencia-ambiental-al-ingenio","status":"publish","type":"post","link":"https:\/\/moir.com.co\/web\/declaracion-de-la-xi-asamblea-nacional-de-delegados-de-unidad-cafetera-sobre-la-adjudicacion-de-la-licencia-ambiental-al-ingenio\/","title":{"rendered":"DECLARACION DE LA XI ASAMBLEA NACIONAL DE DELEGADOS DE UNIDAD CAFETERA SOBRE LA ADJUDICACI\u00d3N DE LA LICENCIA AMBIENTAL AL INGENIO"},"content":{"rendered":"<p>Unidad Cafetera, Aurelio Su\u00e1rez Montoya, Presidente,<\/p>\n<p>La XI Asamblea Nacional de Delegados de UNIDAD CAFETERA, reunida en Pereira el 21 de junio de 2002, conociendo:<\/p>\n<p>Que la Corporaci\u00f3n Regional del Cauca \u2013 CRC- concedi\u00f3 licencia ambiental de funcionamiento al Ingenio Panelero del consorcio empresarial de Desarrollos Empresariales Caucanos de Padilla (Cauca), construido aprovechando las ventajas tributarias de la Ley P\u00e1ez, pese a las justas objeciones presentadas por los productores artesanales de todo el pa\u00eds por tratarse de una instalaci\u00f3n de tipo fabril cuya capacidad supera los l\u00edmites establecidos por la Ley 40 de 1.990.<\/p>\n<p>Que FEDEPANELA y Unidad Panelera Nacional han presentado reclamaciones legales v\u00e1lidas ante el Ministerio del Medio Ambiente y exigen la intervenci\u00f3n del Congreso de la Rep\u00fablica al respecto.<\/p>\n<p>Que encuentros representativos de productores de panela de Cundinamarca en Villeta, de Santander y Boyac\u00e1 en Moniquir\u00e1 y de Caldas en Sup\u00eda, as\u00ed como el pr\u00f3ximo a efectuarse en Quinch\u00eda en Risaralda han convocado movilizaciones regionales y nacionales para presionar la justa revocatoria de la resoluci\u00f3n de licencia,<\/p>\n<p>Que es claro que ese procedimiento arbitrario tiene origen en las pol\u00edticas neoliberales de apertura que se concretar\u00e1n en la aprobaci\u00f3n del Acuerdo del Libre Comercio para las Am\u00e9ricas (ALCA), el cual, al permitir la importaci\u00f3n de productos como az\u00facar y similares, expone al sector azucarero colombiano a la competencia internacional por lo cual \u00e9ste se ha lanzado a tomarse el mercado de la panela.<\/p>\n<p>RESUELVE :<\/p>\n<p>Respaldar con firmeza el rechazo contra la mencionada resoluci\u00f3n de la CRC que, a trav\u00e9s de sus distintas organizaciones gremiales, han manifestado las 70.000 familias que derivan su sustento de la panela.<\/p>\n<p>Exigir del gobierno nacional y del Ministerio del Medio Ambiente el acatamiento de la Ley 40 de 1.990, neg\u00e1ndole en segunda instancia la licencia de funcionamiento al Ingenio Panelero de Padilla.<\/p>\n<p>Difundir entre nuestras bases la denuncia de este atropello cometido contra quienes a trav\u00e9s de muchos a\u00f1os han construido en la panela el segundo rengl\u00f3n agr\u00edcola del pa\u00eds.<\/p>\n<p>Participar con entusiasmo y de manera masiva y solidaria en las movilizaciones que el sector panelero ha programado contra la medida denunciada tanto a nivel regional, como en Manizales el 8 de julio pr\u00f3ximo, como a nivel nacional, hacia Bogot\u00e1 el 31 de julio.<\/p>\n<p>XI ASAMBLEA NACIONAL DE DELEGADOS DE UNIDAD CAFETERA<\/p>\n<p>Aurelio Su\u00e1rez Montoya, Presidente<\/p>\n","protected":false},"excerpt":{"rendered":"<p>Unidad Cafetera, Aurelio Su\u00e1rez Montoya, Presidente, La XI Asamblea Nacional de Delegados de UNIDAD CAFETERA, reunida en Pereira el 21 de junio de 2002, conociendo: Que la Corporaci\u00f3n Regional del Cauca \u2013 CRC- concedi\u00f3 licencia ambiental de funcionamiento al Ingenio Panelero del consorcio empresarial de Desarrollos Empresariales Caucanos de Padilla (Cauca), construido aprovechando las ventajas [&hellip;]<\/p>\n","protected":false},"author":1,"featured_media":0,"comment_status":"open","ping_status":"open","sticky":false,"template":"","format":"standard","meta":{"advanced_seo_description":"","jetpack_seo_html_title":"","jetpack_seo_noindex":false,"_jetpack_memberships_contains_paid_content":false,"footnotes":""},"categories":[7],"tags":[],"class_list":["post-427","post","type-post","status-publish","format-standard","hentry","category-pronunciamientos-de-organizaciones-sociales"],"jetpack_featured_media_url":"","jetpack-related-posts":[{"id":416,"url":"https:\/\/moir.com.co\/web\/la-junta-directiva-nacional-ampliada-de-unidad-panelera-reunida-en-bogota-el-3-de-mayo-de-2002-con-la-presencia-de-cincuenta\/","url_meta":{"origin":427,"position":0},"title":"LA JUNTA DIRECTIVA NACIONAL AMPLIADA DE UNIDAD PANELERA, REUNIDA EN BOGOT\u00c1 EL 3 DE MAYO DE 2002, CON LA PRESENCIA DE CINCUENTA","author":"admin","date":"agosto 8, 2004","format":false,"excerpt":"Bogot\u00e1, mayo 3 de 2002 LA JUNTA DIRECTIVA NACIONAL AMPLIADA DE UNIDAD PANELERA, REUNIDA EN BOGOT\u00c1 EL 3 DE MAYO DE 2002, CON LA PRESENCIA DE CINCUENTA DELEGADOS DE OCHO DEPARTAMENTOS DEL PA\u00cdS, Y TENIENDO EN CUENTA: Que varios de los grandes ingenios del Valle y del Cauca, en asocio\u2026","rel":"","context":"En \u00abPronunciamientos de Organizaciones Sociales\u00bb","block_context":{"text":"Pronunciamientos de Organizaciones Sociales","link":"https:\/\/moir.com.co\/web\/category\/pronunciamientos-de-organizaciones-sociales\/"},"img":{"alt_text":"","src":"","width":0,"height":0},"classes":[]},{"id":413,"url":"https:\/\/moir.com.co\/web\/ante-la-audiencia-publica-convocada-por-la-crc-sobre-la-licencia-ambiental-para-el-proyecto-panelero-de-padilla\/","url_meta":{"origin":427,"position":1},"title":"ANTE LA AUDIENCIA P\u00daBLICA CONVOCADA POR LA CRC SOBRE LA LICENCIA AMBIENTAL PARA EL &#8220;PROYECTO PANELERO DE PADILLA&#8221;","author":"admin","date":"agosto 8, 2004","format":false,"excerpt":"CONSTANCIA Unidad Panelera Nacional Los abajo firmantes en nuestra calidad de voceros y\/o representantes de organizaciones paneleras, hacemos constar ante la Audiencia P\u00fablica convocada hoy 22 de marzo de 2002 por la CRC como requisito para otorgar la Licencia Ambiental de Funcionamiento al Ingenio Panelero promovido por \u201cDesarrollos Empresariales Caucanos\u201d\u2026","rel":"","context":"En \u00abPronunciamientos de Organizaciones Sociales\u00bb","block_context":{"text":"Pronunciamientos de Organizaciones Sociales","link":"https:\/\/moir.com.co\/web\/category\/pronunciamientos-de-organizaciones-sociales\/"},"img":{"alt_text":"","src":"","width":0,"height":0},"classes":[]},{"id":437,"url":"https:\/\/moir.com.co\/web\/resolucion-de-la-tercera-asamblea-departamental-de-salvaci__n-agropecuaria-en-antioquia-sobre-el-precio-del-cafe\/","url_meta":{"origin":427,"position":2},"title":"RESOLUCI\u00d3N DE LA TERCERA ASAMBLEA DEPARTAMENTAL DE SALVACI__N AGROPECUARIA EN ANTIOQUIA SOBRE EL PRECIO DEL CAF\u00c9","author":"admin","date":"agosto 9, 2004","format":false,"excerpt":"Asociaci\u00f3n Nacional Por La Salvaci\u00f3n Agropecuario, agosto 9 de 2002 La III Asamblea Departamental de la Asociaci\u00f3n Nacional por la Salvaci\u00f3n Agropecuaria en Antioquia, reunida en el Auditorio de la Fundaci\u00f3n Universitaria Mar\u00eda en la Ciudad de Medell\u00edn el d\u00eda 9 de Agosto de 2002-08-20 CONSIDERANDO 1. Que gracias al\u2026","rel":"","context":"En \u00abPronunciamientos de Organizaciones Sociales\u00bb","block_context":{"text":"Pronunciamientos de Organizaciones Sociales","link":"https:\/\/moir.com.co\/web\/category\/pronunciamientos-de-organizaciones-sociales\/"},"img":{"alt_text":"","src":"","width":0,"height":0},"classes":[]},{"id":423,"url":"https:\/\/moir.com.co\/web\/los-paneleros-defenderemos-nuestro-producto\/","url_meta":{"origin":427,"position":3},"title":"LOS PANELEROS DEFENDEREMOS NUESTRO PRODUCTO","author":"admin","date":"agosto 8, 2004","format":false,"excerpt":"Sup\u00eda Junio 3 de 2002. M\u00e1s de 400 delegados de los municipios de Aguadas, P\u00e1cora, Salamina, La Merced, Filadelfia, Neira, Belalcazar, Riosucio, Sup\u00eda, Caramanta, Quinch\u00eda y de los corregimientos de Bonafont y San Lorenzo asistentes a la primera Audiencia P\u00fablica en defensa de los Paneleros Colombianos, realizada hoy 3 de\u2026","rel":"","context":"En \u00abPronunciamientos de Organizaciones Sociales\u00bb","block_context":{"text":"Pronunciamientos de Organizaciones Sociales","link":"https:\/\/moir.com.co\/web\/category\/pronunciamientos-de-organizaciones-sociales\/"},"img":{"alt_text":"","src":"","width":0,"height":0},"classes":[]},{"id":436,"url":"https:\/\/moir.com.co\/web\/en-firme-los-preparativos-de-la-marcha-nacional-panelera-en-bogota-contra-el-ingenio-de-padilla\/","url_meta":{"origin":427,"position":4},"title":"EN FIRME LOS PREPARATIVOS DE LA MARCHA NACIONAL PANELERA EN BOGOT\u00c1 CONTRA EL INGENIO DE PADILLA","author":"admin","date":"agosto 9, 2004","format":false,"excerpt":"Asociaci\u00f3n Nacional por la Salvaci\u00f3n Agropecuaria, Ibagu\u00e9; julio 24 de 2002 Delegaciones de paneleros de casi todo el pa\u00eds se est\u00e1n preparando para hacerse presentes en la Marcha Nacional Panelera que se efectuar\u00e1 el pr\u00f3ximo martes 30 de julio en Bogot\u00e1. Han confirmado su asistencia los principales municipios productores de\u2026","rel":"","context":"En \u00abPronunciamientos de Organizaciones Sociales\u00bb","block_context":{"text":"Pronunciamientos de Organizaciones Sociales","link":"https:\/\/moir.com.co\/web\/category\/pronunciamientos-de-organizaciones-sociales\/"},"img":{"alt_text":"","src":"","width":0,"height":0},"classes":[]},{"id":435,"url":"https:\/\/moir.com.co\/web\/productores-de-panela-que-marcharon-por-las-calles-de-bogota-esperan-en-alerta-la-respuesta-del-ministerio-del-medio-ambiente\/","url_meta":{"origin":427,"position":5},"title":"PRODUCTORES DE PANELA QUE MARCHARON POR LAS CALLES DE BOGOT\u00c1 ESPERAN EN ALERTA LA RESPUESTA DEL MINISTERIO DEL MEDIO AMBIENTE","author":"admin","date":"agosto 8, 2004","format":false,"excerpt":"Asociaci\u00f3n Nacional por la Salvaci\u00f3n Agropecuaria-Unidad Panelera, agosto 2 de 2002 Los varios miles de productores de panela y de todo el agro colombiano incluyendo arroceros, paperos, cafeteros, que marcharon por las calles de Bogot\u00e1 el pasado martes 30 de julio dejaron un plebiscito suscrito por ellos a estudio del\u2026","rel":"","context":"En \u00abPronunciamientos de Organizaciones Sociales\u00bb","block_context":{"text":"Pronunciamientos de Organizaciones Sociales","link":"https:\/\/moir.com.co\/web\/category\/pronunciamientos-de-organizaciones-sociales\/"},"img":{"alt_text":"","src":"","width":0,"height":0},"classes":[]}],"jetpack_sharing_enabled":true,"_links":{"self":[{"href":"https:\/\/moir.com.co\/web\/wp-json\/wp\/v2\/posts\/427","targetHints":{"allow":["GET"]}}],"collection":[{"href":"https:\/\/moir.com.co\/web\/wp-json\/wp\/v2\/posts"}],"about":[{"href":"https:\/\/moir.com.co\/web\/wp-json\/wp\/v2\/types\/post"}],"author":[{"embeddable":true,"href":"https:\/\/moir.com.co\/web\/wp-json\/wp\/v2\/users\/1"}],"replies":[{"embeddable":true,"href":"https:\/\/moir.com.co\/web\/wp-json\/wp\/v2\/comments?post=427"}],"version-history":[{"count":0,"href":"https:\/\/moir.com.co\/web\/wp-json\/wp\/v2\/posts\/427\/revisions"}],"wp:attachment":[{"href":"https:\/\/moir.com.co\/web\/wp-json\/wp\/v2\/media?parent=427"}],"wp:term":[{"taxonomy":"category","embeddable":true,"href":"https:\/\/moir.com.co\/web\/wp-json\/wp\/v2\/categories?post=427"},{"taxonomy":"post_tag","embeddable":true,"href":"https:\/\/moir.com.co\/web\/wp-json\/wp\/v2\/tags?post=427"}],"curies":[{"name":"wp","href":"https:\/\/api.w.org\/{rel}","templated":true}]}}