{"id":426,"date":"2004-08-08T07:00:00","date_gmt":"2004-08-08T07:00:00","guid":{"rendered":"https:\/\/moir.org.co\/web\/carta-de-la-xi-asamblea-nacional-de-delegados-de-unidad-cafetera-al-presidente-electo-alvaro-uribe-velez\/"},"modified":"2004-08-08T07:00:00","modified_gmt":"2004-08-08T07:00:00","slug":"carta-de-la-xi-asamblea-nacional-de-delegados-de-unidad-cafetera-al-presidente-electo-alvaro-uribe-velez","status":"publish","type":"post","link":"https:\/\/moir.com.co\/web\/carta-de-la-xi-asamblea-nacional-de-delegados-de-unidad-cafetera-al-presidente-electo-alvaro-uribe-velez\/","title":{"rendered":"CARTA DE LA XI ASAMBLEA NACIONAL DE DELEGADOS DE UNIDAD CAFETERA AL PRESIDENTE ELECTO ALVARO URIBE VELEZ"},"content":{"rendered":"<p>Se\u00f1or Doctor <\/p>\n<p>ALVARO URIBE VELEZ<br \/>\nPresidente electo de la Rep\u00fablica de Colombia<br \/>\nBogot\u00e1   <\/p>\n<p>Se\u00f1or Presidente:   <\/p>\n<p>Se volvi\u00f3 costumbre, desde que sobrevino la crisis del caf\u00e9  a ra\u00edz del rompimiento del Pacto de Cuotas, que los candidatos presidenciales vengan a la zona cafetera en \u00e9poca de campa\u00f1a, prometan el oro y el moro a los cultivadores del grano y, luego cuando se posesionan, se olviden de lo ofrecido. Un caso notable es el del gobierno saliente,  que se oblig\u00f3 a &#8220;volver a la bandeja paisa&#8221;, como forma de referirse al cierre de importaciones de productos agropecuarios, y termin\u00f3, a comienzos de 2000, proponiendo hasta la compra de caf\u00e9 en el exterior. Los caficultores para alcanzar sus justas peticiones tuvieron que movilizarse organizadamente en distintas expresiones de protesta p\u00fablica, como el Paro Nacional Agropecuario del 31 julio y primeros d\u00edas de agosto de 2001.   <\/p>\n<p>Pese a lo conseguido, en buena medida gracias a esta digna actitud gremial, la situaci\u00f3n del caf\u00e9 colombiano es cada vez m\u00e1s dram\u00e1tica. En este a\u00f1o, los mismos factores que llevaron a que el 2001 fuera llamado &#8220;el peor de la historia del caf\u00e9&#8221;, se han agravado. Los precios internacionales por libra  han bajado en promedio de 70 centavos de d\u00f3lar y el precio interno actual, en t\u00e9rminos nominales, es el menor desde 1.997. Tan desastroso ser\u00e1 lo acontecido que una frase de Juan Manuel Santos, connotado ministro neoliberal, pronunciada en mayo pasado ante el Consejo General de la OIC, puede explicarlo: &#8220;No vacilo en afirmar que para los productores de caf\u00e9 la llamada globalizaci\u00f3n ha fracasado&#8221;. Y las causas no son extra\u00f1as: la ambici\u00f3n de los monopolios multinacionales comercializadores y torrefaccionadores llev\u00f3 a la quiebra a millones de productores en el mundo. Validos de la sobreproducci\u00f3n y del neoliberalismo, envilecieron el precio. Es tan escandaloso que, seg\u00fan las Naciones Unidas, los gobiernos de los pa\u00edses consumidores recaudan por concepto de impuestos a las ventas relacionadas con el caf\u00e9 nueve veces lo que los cultivadores del mundo reciben como pago.   <\/p>\n<p>La UNIDAD CAFETERA ha insistido en que su principal actividad gremial actual es la resistencia contra las pol\u00edticas neoliberales, que tambi\u00e9n se han incubado en el manejo interno de la econom\u00eda cafetera para estar a tono con las que externamente rigen el negocio. Las secuelas no son pocas: las instituciones, pieza clave en la defensa de los productores, est\u00e1n casi exang\u00fces y no puede ocultarse que uno de los principales males fue la revaluaci\u00f3n del peso que le dren\u00f3 recursos por m\u00e1s de 4.000 millones de d\u00f3lares al Fondo del Caf\u00e9. El deterioro del ingreso cafetero redujo la capacidad adquisitiva en diez a\u00f1os a la mitad y sobre los patrimonios familiares de muchos pesan costosas deudas fruto de continuas refinanciaciones. La instalaci\u00f3n productiva est\u00e1 afectada y la broca sigue incontrolable y da\u00f1a  varios millones de arrobas. Ni la m\u00e1s sencilla de las econom\u00edas campesinas cafeteras recupera los costos de producci\u00f3n y apenas alcanza muy bajos consumos para recuperar la fuerza de trabajo familiar invertida.     <\/p>\n<p>Por esto, la  UNIDAD CAFETERA desea  expresarle que mantiene en alto su programa de cuatro puntos principales, definido desde que se inici\u00f3 bajo la direcci\u00f3n de Fabio Trujillo Agudelo. Este programa no se abandonar\u00e1 bajo ninguna circunstancia y a \u00e9l, como se ha hecho en el pasado, se le agregar\u00e1n otros que en cualquier coyuntura se consideren urgentes. Esos cuatro puntos son:    <\/p>\n<p>\u00b7   Una pol\u00edtica de precio interno que asegure un ingreso remunerativo y estable para los caficultores colombianos. <\/p>\n<p>\u00b7    Defensa de las instituciones cafeteras, que significa no permitir su eliminaci\u00f3n o debilitamiento y, por el contrario, su fortalecimiento para que puedan brindar al sector los apoyos necesarios que garanticen la actividad y la sustenten <\/p>\n<p>\u00b7   Condonaci\u00f3n de las deudas que amenazan el patrimonio de miles de familias. <\/p>\n<p>\u00b7   Apoyo a  las labores de renovaci\u00f3n, de cr\u00e9dito oportuno y barato y medidas que ayuden con eficacia a la dif\u00edcil lucha de los productores contra la broca y la roya.   <\/p>\n<p>El subsidio al precio (o AGC), fruto de las acciones adelantadas por los cafeteros, ha de ser una pol\u00edtica de Estado y no puede usarse como medio de distracci\u00f3n o como un mero formalismo; es indispensable que sea un soporte suficiente para  garantizar la viabilidad de los productores. Por ejemplo, la suma que se est\u00e1 entregando hoy no consulta las necesidades de ingreso de muchos de los grupos que forman la caficultura nacional.   <\/p>\n<p>Ante la ofensiva de las corrientes neoliberales que propagan la circulaci\u00f3n plena de mercanc\u00edas como credo, la UNIDAD CAFETERA   ha declarado su total oposici\u00f3n a la pretensi\u00f3n de importar caf\u00e9 a Colombia y, como miembro de la Asociaci\u00f3n Nacional por la Salvaci\u00f3n Agropecuaria, tambi\u00e9n rechaza las compras en el exterior de los dem\u00e1s productos agropecuarios y de alimentos que han llegado a superar hasta los 7 millones de toneladas anuales.   <\/p>\n<p>De lo anterior puede inferirse que las preocupaciones de los cafeteros coinciden con las de los dem\u00e1s productores agropecuarios de Colombia en torno a la implantaci\u00f3n del ALCA, el \u00c1rea de Libre Comercio de las Am\u00e9ricas,  del que se sabe con certeza que establece condiciones inicuas para los sectores productivos nacionales en un proceso que puede llevar a la desaparici\u00f3n de muchas de las ramas que todav\u00eda persisten en nuestra econom\u00eda. La avicultura, el az\u00facar, el arroz y tambi\u00e9n el caf\u00e9, entre otros, se ver\u00e1n muy comprometidos con ese proyecto y es previsible que los resultados sean peores que los vividos con las pol\u00edticas aperturistas de los \u00faltimos a\u00f1os. Del mismo modo, los cafeteros sufren con los dem\u00e1s habitantes rurales los efectos de las altas tarifas derivadas de las privatizaciones de los servicios p\u00fablicos, los impuestos prediales costosos, las estratificaciones y reestratificaciones y la carga de nuevos grav\u00e1menes como la tasa retributiva. <\/p>\n<p>Se\u00f1or Presidente, la XI Asamblea Nacional de Delegados de Unidad Cafetera que hoy se re\u00fane en Pereira decidi\u00f3 enviarle esta comunicaci\u00f3n con el inter\u00e9s principal de consignarle lo que consideramos fundamental en la defensa de la caficultura colombiana, reiter\u00e1ndole que es primordial confrontar las maniobras especulativas y de fomento a la sobre producci\u00f3n que los Estados Unidos y los denominados pa\u00edses desarrollados adelantan. Los principios antes expuestos han sido la causa de nuestra organizaci\u00f3n y por ellos nos hemos movilizado durante m\u00e1s de una d\u00e9cada desde que esta organizaci\u00f3n fuera fundada. <\/p>\n<p>Atentamente,   <\/p>\n<p>XI ASAMBLEA NACIONAL DE DELEGADOS DE UNIDAD CAFETERA   <\/p>\n<p>Aurelio Su\u00e1rez Montoya, Presidente<\/p>\n","protected":false},"excerpt":{"rendered":"<p>Se\u00f1or Doctor ALVARO URIBE VELEZ Presidente electo de la Rep\u00fablica de Colombia Bogot\u00e1 Se\u00f1or Presidente: Se volvi\u00f3 costumbre, desde que sobrevino la crisis del caf\u00e9 a ra\u00edz del rompimiento del Pacto de Cuotas, que los candidatos presidenciales vengan a la zona cafetera en \u00e9poca de campa\u00f1a, prometan el oro y el moro a los cultivadores [&hellip;]<\/p>\n","protected":false},"author":1,"featured_media":0,"comment_status":"open","ping_status":"open","sticky":false,"template":"","format":"standard","meta":{"advanced_seo_description":"","jetpack_seo_html_title":"","jetpack_seo_noindex":false,"_jetpack_memberships_contains_paid_content":false,"footnotes":""},"categories":[7],"tags":[],"class_list":["post-426","post","type-post","status-publish","format-standard","hentry","category-pronunciamientos-de-organizaciones-sociales"],"jetpack_featured_media_url":"","jetpack-related-posts":[{"id":494,"url":"https:\/\/moir.com.co\/web\/exigir-la-condonacion-de-las-deudas\/","url_meta":{"origin":426,"position":0},"title":"EXIGIR LA CONDONACI\u00d3N DE LAS DEUDAS","author":"admin","date":"agosto 9, 2004","format":false,"excerpt":"Unidad Cafetera Nacional, Pereira, marzo 25 de 2003 En el d\u00eda de ma\u00f1ana, mi\u00e9rcoles 26 de 2003, los caficultores del suroeste antioque\u00f1o, en el municipio de Andes, se movilizar\u00e1n para impedir el remate de la finca \u201cLa Berenice\u201d de la vereda \u201cGuadalejo\u201d de propiedad del se\u00f1or Alveiro Aguirre ubicada en\u2026","rel":"","context":"En \u00abPronunciamientos de Organizaciones Sociales\u00bb","block_context":{"text":"Pronunciamientos de Organizaciones Sociales","link":"https:\/\/moir.com.co\/web\/category\/pronunciamientos-de-organizaciones-sociales\/"},"img":{"alt_text":"","src":"","width":0,"height":0},"classes":[]},{"id":2329,"url":"https:\/\/moir.com.co\/web\/condena-al-uribismo-para-absolver-contra-toda-evidencia-a-alvaro-uribe\/","url_meta":{"origin":426,"position":1},"title":"CONDENA AL URIBISMO PARA ABSOLVER, CONTRA TODA EVIDENCIA, A \u00c1LVARO URIBE","author":"admin","date":"mayo 7, 2008","format":false,"excerpt":"Intervenci\u00f3n del senador Jorge Enrique Robledo en el debate sobre las declaraciones del comisionado de Paz, Luis Carlos Restrepo, Plenaria del Senado, 6 de mayo de 2008. Graves problemas en el caf\u00e9 y el agro. Por fin, revocada licitaci\u00f3n de Carimagua. \u00bfPor qu\u00e9 el comisionado de Paz pide que se\u2026","rel":"","context":"En \u00abJorge Enrique Robledo\u00bb","block_context":{"text":"Jorge Enrique Robledo","link":"https:\/\/moir.com.co\/web\/category\/jorge-enrique-robledo\/"},"img":{"alt_text":"","src":"","width":0,"height":0},"classes":[]},{"id":479,"url":"https:\/\/moir.com.co\/web\/unidad-contra-la-lluvia-de-glifosato\/","url_meta":{"origin":426,"position":2},"title":"UNIDAD CONTRA LA &#8220;LLUVIA DE GLIFOSATO&#8221;","author":"admin","date":"agosto 9, 2004","format":false,"excerpt":"Unidad Cafetera Nacional, Pereira, febrero 13 de 2003 Dos d\u00edas antes de la venida al pa\u00eds del Secretario de Estado norteamericano, Collin Powell, en el marco de LXII Congreso Nacional Cafetero, el Presidente Alvaro Uribe V\u00e9lez anunci\u00f3 a los delegados a ese evento que las regiones de la zona cafetera\u2026","rel":"","context":"En \u00abPronunciamientos de Organizaciones Sociales\u00bb","block_context":{"text":"Pronunciamientos de Organizaciones Sociales","link":"https:\/\/moir.com.co\/web\/category\/pronunciamientos-de-organizaciones-sociales\/"},"img":{"alt_text":"","src":"","width":0,"height":0},"classes":[]},{"id":430,"url":"https:\/\/moir.com.co\/web\/carta-de-la-asociacion-nacional-por-la-salvacion-agropecuaria-al-presidente-electo-alvaro-uribe\/","url_meta":{"origin":426,"position":3},"title":"CARTA DE LA ASOCIACION NACIONAL POR LA SALVACION AGROPECUARIA AL PRESIDENTE ELECTO ALVARO URIBE","author":"admin","date":"agosto 8, 2004","format":false,"excerpt":"Ibagu\u00e9, julio 6 de 2002 Doctor ALVARO URIBE VELEZ Presidente electo de la Rep\u00fablica de Colombia E. S. M. Se\u00f1or Presidente electo: Es dif\u00edcil encontrar otro tema distinto al desastroso diagn\u00f3stico actual del campo colombiano en el que exista mayor unanimidad entre las distintas corrientes de opini\u00f3n. Ni siquiera renglones\u2026","rel":"","context":"En \u00abPronunciamientos de Organizaciones Sociales\u00bb","block_context":{"text":"Pronunciamientos de Organizaciones Sociales","link":"https:\/\/moir.com.co\/web\/category\/pronunciamientos-de-organizaciones-sociales\/"},"img":{"alt_text":"","src":"","width":0,"height":0},"classes":[]},{"id":2565,"url":"https:\/\/moir.com.co\/web\/35-mil-firmas-de-cafeteros-entregaran-hoy-el-senador-robledo-y-el-presidente-de-unidad-cafetera\/","url_meta":{"origin":426,"position":4},"title":"35 MIL FIRMAS DE CAFETEROS  ENTREGAR\u00c1N HOY EL SENADOR ROBLEDO Y EL PRESIDENTE DE UNIDAD CAFETERA","author":"admin","date":"octubre 29, 2008","format":false,"excerpt":"Oficina de Prensa Senador Jorge Enrique Robledo, Bogot\u00e1, 28 de octubre de 2008. El senador Jorge Enrique Robledo y el presidente de Unidad Cafetera, Aurelio Su\u00e1rez Montoya, har\u00e1n entrega hoy al presidente del Senado, Hern\u00e1n Andrade, de un pliego de peticiones respaldado por 35 mil firmas, en el que el\u2026","rel":"","context":"En \u00abJorge Enrique Robledo\u00bb","block_context":{"text":"Jorge Enrique Robledo","link":"https:\/\/moir.com.co\/web\/category\/jorge-enrique-robledo\/"},"img":{"alt_text":"","src":"","width":0,"height":0},"classes":[]},{"id":201,"url":"https:\/\/moir.com.co\/web\/la-xi-asamblea-nacional-de-unidad-cafetera\/","url_meta":{"origin":426,"position":5},"title":"LA XI ASAMBLEA NACIONAL DE UNIDAD CAFETERA","author":"admin","date":"agosto 7, 2004","format":false,"excerpt":"Aurelio Su\u00e1rez Montoya, La Tarde; Pereira, junio 25 de 2002 Con el registro de 350 delegados, provenientes de nueve departamentos y casi un centenar de municipios, se adelant\u00f3 la XI Asamblea Nacional de Delegados de Unidad Cafetera. Se llev\u00f3 a cabo en un momento en el cual se presentan coyunturas\u2026","rel":"","context":"En \u00abTemas\u00bb","block_context":{"text":"Temas","link":"https:\/\/moir.com.co\/web\/category\/temas\/"},"img":{"alt_text":"","src":"","width":0,"height":0},"classes":[]}],"jetpack_sharing_enabled":true,"_links":{"self":[{"href":"https:\/\/moir.com.co\/web\/wp-json\/wp\/v2\/posts\/426","targetHints":{"allow":["GET"]}}],"collection":[{"href":"https:\/\/moir.com.co\/web\/wp-json\/wp\/v2\/posts"}],"about":[{"href":"https:\/\/moir.com.co\/web\/wp-json\/wp\/v2\/types\/post"}],"author":[{"embeddable":true,"href":"https:\/\/moir.com.co\/web\/wp-json\/wp\/v2\/users\/1"}],"replies":[{"embeddable":true,"href":"https:\/\/moir.com.co\/web\/wp-json\/wp\/v2\/comments?post=426"}],"version-history":[{"count":0,"href":"https:\/\/moir.com.co\/web\/wp-json\/wp\/v2\/posts\/426\/revisions"}],"wp:attachment":[{"href":"https:\/\/moir.com.co\/web\/wp-json\/wp\/v2\/media?parent=426"}],"wp:term":[{"taxonomy":"category","embeddable":true,"href":"https:\/\/moir.com.co\/web\/wp-json\/wp\/v2\/categories?post=426"},{"taxonomy":"post_tag","embeddable":true,"href":"https:\/\/moir.com.co\/web\/wp-json\/wp\/v2\/tags?post=426"}],"curies":[{"name":"wp","href":"https:\/\/api.w.org\/{rel}","templated":true}]}}