{"id":425,"date":"2004-08-08T07:00:00","date_gmt":"2004-08-08T07:00:00","guid":{"rendered":"https:\/\/moir.org.co\/web\/convocatoria-a-marcha-nacional-panelera-el-proximo-30-de-julio-de-2002\/"},"modified":"2004-08-08T07:00:00","modified_gmt":"2004-08-08T07:00:00","slug":"convocatoria-a-marcha-nacional-panelera-el-proximo-30-de-julio-de-2002","status":"publish","type":"post","link":"https:\/\/moir.com.co\/web\/convocatoria-a-marcha-nacional-panelera-el-proximo-30-de-julio-de-2002\/","title":{"rendered":"CONVOCATORIA A MARCHA NACIONAL PANELERA EL PROXIMO 30 DE JULIO DE 2002"},"content":{"rendered":"<p>Asociaci\u00f3n Nacional por la Salvaci\u00f3n agropecuaria-Unidad Panelera Nacional, Ibagu\u00e9, junio 26 de 2002<\/p>\n<p>Despu\u00e9s de realizadas las audiencias p\u00fablicas de Sup\u00eda (Caldas), Villeta (Cundinamarca) y Moniquir\u00e1 (Boyac\u00e1) con la participaci\u00f3n entusiasta de cientos de paneleros, en las que fue un\u00e1nime el rechazo a la Resoluci\u00f3n 399 de la Corporaci\u00f3n Aut\u00f3noma Regional del Cauca (C.R.C.), que concedi\u00f3 la licencia ambiental al ingenio industrial panelero de Padilla (Cauca); y de diversos pronunciamientos, en el mismo sentido, de productores de Nari\u00f1o, Cauca, Antioquia, Huila y Risaralda, entre otros.<\/p>\n<p>Es evidente que de entrar a operar el mencionado ingenio, lo cual se producir\u00eda si la C.R.C. y el Ministerio del Medio Ambiente reafirman la resoluci\u00f3n en las instancias de reposici\u00f3n y apelaci\u00f3n respectivamente, significar\u00eda la ruina inminente de los 70.000 cultivadores de ca\u00f1a panelera y los 27.000 trapiches artesanales que la procesan, en provecho de los monopolios azucareros y sus socios del gran capital financiero representados en Desarrollos Empresariales Caucanos S.A., la firma promotora del malhadado proyecto; y una vez violada la Ley 40 de 1990, nada impedir\u00eda que los dem\u00e1s ingenios produjeran panela sin restricciones. Por tanto, se impone la m\u00e1s decidida resistencia civil de los paneleros del pa\u00eds, como lo expresaron los asistentes a dichas audiencias.<\/p>\n<p>Hechas las respectivas consultas, las Juntas Directivas de Unidad Panelera y La Asociaci\u00f3n por la Salvaci\u00f3n Agropecuaria, convocan a la Marcha Nacional Panelera al pr\u00f3ximo 30 de Julio de 2002 en la ciudad de Bogot\u00e1, para exigir al actual gobierno que no confirme la licencia al ingenio de Padilla antes de irse y notificar al pr\u00f3ximo sobre la decisi\u00f3n de no permitir que se consume este atentado contra la producci\u00f3n panelera del pa\u00eds. As\u00ed mismo, invitamos a las dem\u00e1s organizaciones filiales de Salvaci\u00f3n Agropecuaria y del agro en general a respaldar activamente esta nueva jornada de lucha en favor de la producci\u00f3n y el trabajo nacionales.<\/p>\n<p>ANGEL MARIA CABALLERO PEDRO NEL CAMARGO<br \/>\nPresidente Coordinador<br \/>\nAsociaci\u00f3n Nacional Unidad Panelera Nacional<br \/>\npor la Salvaci\u00f3n<br \/>\nagropecuaria<\/p>\n","protected":false},"excerpt":{"rendered":"<p>Asociaci\u00f3n Nacional por la Salvaci\u00f3n agropecuaria-Unidad Panelera Nacional, Ibagu\u00e9, junio 26 de 2002 Despu\u00e9s de realizadas las audiencias p\u00fablicas de Sup\u00eda (Caldas), Villeta (Cundinamarca) y Moniquir\u00e1 (Boyac\u00e1) con la participaci\u00f3n entusiasta de cientos de paneleros, en las que fue un\u00e1nime el rechazo a la Resoluci\u00f3n 399 de la Corporaci\u00f3n Aut\u00f3noma Regional del Cauca (C.R.C.), que [&hellip;]<\/p>\n","protected":false},"author":1,"featured_media":0,"comment_status":"open","ping_status":"open","sticky":false,"template":"","format":"standard","meta":{"advanced_seo_description":"","jetpack_seo_html_title":"","jetpack_seo_noindex":false,"_jetpack_memberships_contains_paid_content":false,"footnotes":""},"categories":[7],"tags":[],"class_list":["post-425","post","type-post","status-publish","format-standard","hentry","category-pronunciamientos-de-organizaciones-sociales"],"jetpack_featured_media_url":"","jetpack-related-posts":[{"id":416,"url":"https:\/\/moir.com.co\/web\/la-junta-directiva-nacional-ampliada-de-unidad-panelera-reunida-en-bogota-el-3-de-mayo-de-2002-con-la-presencia-de-cincuenta\/","url_meta":{"origin":425,"position":0},"title":"LA JUNTA DIRECTIVA NACIONAL AMPLIADA DE UNIDAD PANELERA, REUNIDA EN BOGOT\u00c1 EL 3 DE MAYO DE 2002, CON LA PRESENCIA DE CINCUENTA","author":"admin","date":"agosto 8, 2004","format":false,"excerpt":"Bogot\u00e1, mayo 3 de 2002 LA JUNTA DIRECTIVA NACIONAL AMPLIADA DE UNIDAD PANELERA, REUNIDA EN BOGOT\u00c1 EL 3 DE MAYO DE 2002, CON LA PRESENCIA DE CINCUENTA DELEGADOS DE OCHO DEPARTAMENTOS DEL PA\u00cdS, Y TENIENDO EN CUENTA: Que varios de los grandes ingenios del Valle y del Cauca, en asocio\u2026","rel":"","context":"En \u00abPronunciamientos de Organizaciones Sociales\u00bb","block_context":{"text":"Pronunciamientos de Organizaciones Sociales","link":"https:\/\/moir.com.co\/web\/category\/pronunciamientos-de-organizaciones-sociales\/"},"img":{"alt_text":"","src":"","width":0,"height":0},"classes":[]},{"id":453,"url":"https:\/\/moir.com.co\/web\/la-resistencia-civil-dio-el-triunfo-a-los-paneleros-frente-a-las-pretensiones-de-los-monopolios\/","url_meta":{"origin":425,"position":1},"title":"\u00a1LA RESISTENCIA CIVIL DIO EL TRIUNFO A LOS PANELEROS FRENTE A LAS PRETENSIONES DE LOS MONOPOLIOS!","author":"admin","date":"agosto 9, 2004","format":false,"excerpt":"Asociaci\u00f3n Nacional por la Salvaci\u00f3n Agropecuaria, Noviembre 9 de 2002 El Ministerio del Medio Ambiente, mediante resoluci\u00f3n n\u00famero 0960 del 18 de octubre de 2002, revoc\u00f3 la resoluci\u00f3n de la Corporaci\u00f3n Regional del Cauca del 3 de mayo de este a\u00f1o que otorgaba la licencia ambiental al ingenio panelero de\u2026","rel":"","context":"En \u00abPronunciamientos de Organizaciones Sociales\u00bb","block_context":{"text":"Pronunciamientos de Organizaciones Sociales","link":"https:\/\/moir.com.co\/web\/category\/pronunciamientos-de-organizaciones-sociales\/"},"img":{"alt_text":"","src":"","width":0,"height":0},"classes":[]},{"id":421,"url":"https:\/\/moir.com.co\/web\/magna-audiencia-de-paneleros-provincia-del-gualiva-resolucion\/","url_meta":{"origin":425,"position":2},"title":"MAGNA AUDIENCIA DE PANELEROS PROVINCIA DEL GUALIV\u00c1 RESOLUCI\u00d3N","author":"admin","date":"agosto 8, 2004","format":false,"excerpt":"La audiencia de paneleros de los municipios de la Provincia del Gualiv\u00e1 (Caparrap\u00ed, Guaduas, La Pe\u00f1a, La Vega, Nimaima, Nocaima, La Vega, \u00datica, Vergara, Quebradanegra y Villeta), celebrada en el municipio de Villeta con la asistencia de m\u00e1s de mil productores el d\u00eda 3 de junio de 2002 CONSIDERANDO QUE:\u2026","rel":"","context":"En \u00abPronunciamientos de Organizaciones Sociales\u00bb","block_context":{"text":"Pronunciamientos de Organizaciones Sociales","link":"https:\/\/moir.com.co\/web\/category\/pronunciamientos-de-organizaciones-sociales\/"},"img":{"alt_text":"","src":"","width":0,"height":0},"classes":[]},{"id":432,"url":"https:\/\/moir.com.co\/web\/proposicion-de-la-asamblea-departamental-de-santander-en-apoyo-a-la-lucha-de-los-paneleros-contra-el-ingenio-de-padilla-y-la-ma\/","url_meta":{"origin":425,"position":3},"title":"PROPOSICI\u00d3N DE LA ASAMBLEA DEPARTAMENTAL DE SANTANDER EN APOYO A LA LUCHA DE LOS PANELEROS CONTRA EL INGENIO DE PADILLA Y LA MA","author":"admin","date":"agosto 8, 2004","format":false,"excerpt":"La Honorable Asamblea Departamental de Santander, despu\u00e9s de analizar y debatir, hoy 9 de julio de 2002, con la presencia de productores de panela de la regi\u00f3n, el impacto socio-econ\u00f3mico que la puesta en funcionamiento del ingenio industrial panelero de Padilla (Cauca), promovido por la firma Desarrollos Empresariales Caucanos, SA,\u2026","rel":"","context":"En \u00abPronunciamientos de Organizaciones Sociales\u00bb","block_context":{"text":"Pronunciamientos de Organizaciones Sociales","link":"https:\/\/moir.com.co\/web\/category\/pronunciamientos-de-organizaciones-sociales\/"},"img":{"alt_text":"","src":"","width":0,"height":0},"classes":[]},{"id":19795,"url":"https:\/\/moir.com.co\/web\/de-salvacion-agropecuaria-la-resistencia-civil-dio-el-triunfo-a-los-paneleros-frente-a-las-pretensiones-de-los-monopolios\/","url_meta":{"origin":425,"position":4},"title":"De Salvaci\u00f3n Agropecuaria: LA RESISTENCIA CIVIL DIO EL TRIUNFO A LOS PANELEROS FRENTE A LAS PRETENSIONES DE LOS MONOPOLIOS","author":"admin","date":"agosto 10, 2004","format":false,"excerpt":"El Ministerio del Medio Ambiente, mediante resoluci\u00f3n n\u00famero 0960 del 18 de octubre de 2002, revoc\u00f3 la resoluci\u00f3n de la Corporaci\u00f3n Regional del Cauca del 3 de mayo de este a\u00f1o que otorgaba la licencia ambiental al ingenio panelero de Padilla, Cauca. Dicha revocatoria se bas\u00f3 en \u00ablos impactos que\u2026","rel":"","context":"En \u00abJos\u00e9 Fernando Ocampo\u00bb","block_context":{"text":"Jos\u00e9 Fernando Ocampo","link":"https:\/\/moir.com.co\/web\/category\/bitacoras\/jose-fernando-ocampo\/"},"img":{"alt_text":"","src":"","width":0,"height":0},"classes":[]},{"id":423,"url":"https:\/\/moir.com.co\/web\/los-paneleros-defenderemos-nuestro-producto\/","url_meta":{"origin":425,"position":5},"title":"LOS PANELEROS DEFENDEREMOS NUESTRO PRODUCTO","author":"admin","date":"agosto 8, 2004","format":false,"excerpt":"Sup\u00eda Junio 3 de 2002. M\u00e1s de 400 delegados de los municipios de Aguadas, P\u00e1cora, Salamina, La Merced, Filadelfia, Neira, Belalcazar, Riosucio, Sup\u00eda, Caramanta, Quinch\u00eda y de los corregimientos de Bonafont y San Lorenzo asistentes a la primera Audiencia P\u00fablica en defensa de los Paneleros Colombianos, realizada hoy 3 de\u2026","rel":"","context":"En \u00abPronunciamientos de Organizaciones Sociales\u00bb","block_context":{"text":"Pronunciamientos de Organizaciones Sociales","link":"https:\/\/moir.com.co\/web\/category\/pronunciamientos-de-organizaciones-sociales\/"},"img":{"alt_text":"","src":"","width":0,"height":0},"classes":[]}],"jetpack_sharing_enabled":true,"_links":{"self":[{"href":"https:\/\/moir.com.co\/web\/wp-json\/wp\/v2\/posts\/425","targetHints":{"allow":["GET"]}}],"collection":[{"href":"https:\/\/moir.com.co\/web\/wp-json\/wp\/v2\/posts"}],"about":[{"href":"https:\/\/moir.com.co\/web\/wp-json\/wp\/v2\/types\/post"}],"author":[{"embeddable":true,"href":"https:\/\/moir.com.co\/web\/wp-json\/wp\/v2\/users\/1"}],"replies":[{"embeddable":true,"href":"https:\/\/moir.com.co\/web\/wp-json\/wp\/v2\/comments?post=425"}],"version-history":[{"count":0,"href":"https:\/\/moir.com.co\/web\/wp-json\/wp\/v2\/posts\/425\/revisions"}],"wp:attachment":[{"href":"https:\/\/moir.com.co\/web\/wp-json\/wp\/v2\/media?parent=425"}],"wp:term":[{"taxonomy":"category","embeddable":true,"href":"https:\/\/moir.com.co\/web\/wp-json\/wp\/v2\/categories?post=425"},{"taxonomy":"post_tag","embeddable":true,"href":"https:\/\/moir.com.co\/web\/wp-json\/wp\/v2\/tags?post=425"}],"curies":[{"name":"wp","href":"https:\/\/api.w.org\/{rel}","templated":true}]}}