{"id":418,"date":"2004-08-08T07:00:00","date_gmt":"2004-08-08T07:00:00","guid":{"rendered":"https:\/\/moir.org.co\/web\/no-al-proyecto-de-ley-pastranista-en-contra-del-agro-nacional\/"},"modified":"2004-08-08T07:00:00","modified_gmt":"2004-08-08T07:00:00","slug":"no-al-proyecto-de-ley-pastranista-en-contra-del-agro-nacional","status":"publish","type":"post","link":"https:\/\/moir.com.co\/web\/no-al-proyecto-de-ley-pastranista-en-contra-del-agro-nacional\/","title":{"rendered":"NO AL PROYECTO DE LEY PASTRANISTA EN CONTRA DEL AGRO NACIONAL"},"content":{"rendered":"<p>El proyecto conduce a que, entre otros engendros, el pa\u00eds importe toda la comida de los colombianos y que no puedan subsidiarse ni los precios internos del caf\u00e9<\/p>\n<p>Asociaci\u00f3n Nacional por la Salvaci\u00f3n-Unidad Cafetera Nacional , Ibagu\u00e9, 13 de mayo de 2002.<\/p>\n<p>Para cerrar con broche de oro los cuatro a\u00f1os de gobierno de Andr\u00e9s Pastrana en contra del agro nacional, en los pr\u00f3ximos d\u00edas el Ministerio de Agricultura le presentar\u00e1 al Congreso de la Rep\u00fablica el Proyecto de Ley General Rural, el cual apunta a consolidar todas las tendencias antiagrarias definidas por el neoliberalismo en Colombia desde 1990. Las principales orientaciones regresivas que se expresan en una exposici\u00f3n de motivos de 45 p\u00e1ginas y en un articulado de m\u00e1s de 120 art\u00edculos, son las siguientes.<\/p>\n<p>El proyecto de ley tiene como objetivo que la producci\u00f3n agropecuaria se adapte \u201ca la din\u00e1mica de los mercados globalizados\u201d, orientaci\u00f3n que implica, y as\u00ed se dice de manera expl\u00edcita en la exposici\u00f3n de motivos, renunciar a producir lo que pueda importarse a menores precios que la producci\u00f3n interna (trigo, arroz, ma\u00edz, az\u00facar, papa, leche, hortalizas, carnes, huevos y en general la dieta b\u00e1sica de la naci\u00f3n) y especializar el pa\u00eds en cultivos tropicales de exportaci\u00f3n (caf\u00e9, banano, cacao, palma africana, o sea, los bienes que no hacen parte de la dieta principal de la humanidad), cuyos precios tienden a la baja por estar en su mayor\u00eda sobreofertados en el mercado internacional. Es obvio que esta pol\u00edtica casa de manera perfecta con el ingreso de Colombia al Alca, que tambi\u00e9n se plantea en estos documentos como el futuro del pa\u00eds, porque cultivos tropicales se entiende que son los que por causa del clima no pueden producirse en las zonas templadas de la tierra, donde se localiza Estados Unidos y de donde pretenden que venga una porci\u00f3n creciente de la comida de los colombianos.<\/p>\n<p>En consecuencia con lo anterior, y poniendo en evidencia lo bajo que han ca\u00eddo los intelectuales neoliberales que redactaron este esperpento, el proyecto no define la Seguridad Alimentaria como la pol\u00edtica de producir en el territorio nacional la comida de los cuarenta millones de colombianos, sino como la necesidad de ofrecerle comida barata \u2013as\u00ed sea importada\u2013 a los pobres del pa\u00eds y que amplios sectores del campesinado sobrevivan en la miseria de las parcelas de autoconsumo. Con demagogia barata y \u201csocial\u201d quieren ocultar el hecho grav\u00edsimo de que intentan someter a Colombia a lo que quieran imponerle los pa\u00edses y las transnacionales a los que haya que comprarles la comida de la naci\u00f3n y arrasar con la producci\u00f3n agraria nacional.<\/p>\n<p>Adem\u00e1s, y mientras en Estados Unidos se est\u00e1 aprobando una nueva ley de subsidios al agro que los aumentar\u00e1 entre 18 mil y 35 mil millones anuales, la ley que aqu\u00ed pretenden aprobar se\u00f1ala que solo se podr\u00e1n subsidiar los llamados \u201cseguros de cosecha\u201d y se establece que las medidas oficiales de \u201cestabilizaci\u00f3n de precios\u201d apenas podr\u00e1n darse cuando los precios internos de los productos sean superiores a los externos m\u00e1s los costos de importaci\u00f3n, lo que, adem\u00e1s de constituir una burla a los productores, significa que deber\u00e1 desaparecer el escaso subsidio de 30 mil pesos por carga que hoy le paga el gobierno colombiano a los cafeteros.<\/p>\n<p>De otro lado, toda la Ley General Rural est\u00e1 redactada dentro del m\u00e1s hirsuto esp\u00edritu privatizador. Plantea venderle a los particulares los distritos de riego existentes; abre el camino para entregarle a contratistas particulares buena parte de las funciones del Estado en relaci\u00f3n con el agro; se\u00f1ala que el gobierno solo podr\u00e1 respaldar la construcci\u00f3n de distritos de riego y de v\u00edas y redes de electrificaci\u00f3n en las zonas rurales \u201chasta\u201d con el 40 por ciento de sus costos, lo que en los hechos significa que podr\u00eda no aportar nada; le entrega el monopolio de la investigaci\u00f3n agropecuaria a un grupito de corporaciones \u201cmixtas\u201d escogidas a dedo, a las que tampoco les garantiza una adecuada financiaci\u00f3n; empuja la privatizaci\u00f3n de la educaci\u00f3n b\u00e1sica en el campo; se\u00f1ala que los cr\u00e9ditos para el sector deber\u00e1n tener tasas iguales o muy parecidas a las comerciales; y hasta habla de \u201cprofundizar y dinamizar el mercado de tierras\u201d, lo que en la jerga neoliberal debe entenderse como elevar los impuestos prediales para las fincas y parcelas. Incluso, elimina el Instituto de Adecuaci\u00f3n de Tierras (INAT), el DRI y el Incora.<\/p>\n<p>El proyecto adem\u00e1s hace demagogia acerca de que el futuro del agro colombiano tambi\u00e9n descansar\u00e1 en la explotaci\u00f3n de la biodiversidad del pa\u00eds, lo que en la pr\u00e1ctica puede ser complementario con el incremento de las tierras que quedar\u00e1n en rastrojos por causa de la especializaci\u00f3n en cultivos tropicales, pues es obvio que este tipo de productos no podr\u00e1 reemplazar las \u00e1reas de producci\u00f3n que desaparecer\u00e1n con el incremento de las importaciones, y porque es notorio que en el proyecto no hay ninguna estrategia estatal seria dise\u00f1ada para profundizar y expandir el aprovechamiento de los valiosos recursos de la gran diversidad biol\u00f3gica nacional. Como gran cosa, y como era de esperarse por la mentalidad antinacional de los bien pagos redactores del proyecto, la Ley General Rural abre las puertas para la firma de \u201cconvenios de asociaci\u00f3n o contratos de concesi\u00f3n de ecosistemas a empresas internacionales\u201d, a pesar de que en el mismo texto se reconoce que \u201cen la actualidad esos contratos no son muy beneficiosos para los pa\u00edses que poseen los recursos\u201d.<\/p>\n<p>Como es obvio, urge la mayor unidad de todas las organizaciones del sector agropecuario, y de toda la naci\u00f3n, en la exigencia de que el gobierno de Andr\u00e9s Pastrana ni siquiera presente el mencionado proyecto a la consideraci\u00f3n del Congreso. Y si lo presenta, habr\u00e1 que organizar la Resistencia Civil de millones de colombianos hasta hundirlo.<\/p>\n<p>ANGEL MAR\u00cdA CABALLERO JORGE ENRIQUE ROBLEDO<br \/>\nPresidente Asociaci\u00f3n Nacional por la Salvaci\u00f3n Agropecuaria Coordinador Unidad Cafetera Nacional<\/p>\n","protected":false},"excerpt":{"rendered":"<p>El proyecto conduce a que, entre otros engendros, el pa\u00eds importe toda la comida de los colombianos y que no puedan subsidiarse ni los precios internos del caf\u00e9 Asociaci\u00f3n Nacional por la Salvaci\u00f3n-Unidad Cafetera Nacional , Ibagu\u00e9, 13 de mayo de 2002. Para cerrar con broche de oro los cuatro a\u00f1os de gobierno de Andr\u00e9s [&hellip;]<\/p>\n","protected":false},"author":1,"featured_media":0,"comment_status":"open","ping_status":"open","sticky":false,"template":"","format":"standard","meta":{"advanced_seo_description":"","jetpack_seo_html_title":"","jetpack_seo_noindex":false,"_jetpack_memberships_contains_paid_content":false,"footnotes":""},"categories":[7],"tags":[],"class_list":["post-418","post","type-post","status-publish","format-standard","hentry","category-pronunciamientos-de-organizaciones-sociales"],"jetpack_featured_media_url":"","jetpack-related-posts":[{"id":121,"url":"https:\/\/moir.com.co\/web\/declaracion-constancia-ante-la-junta-nacional-de-fecode-en-torno-a-la-aprobacion-por-el-congreso-de-la-republica-del-proyecto\/","url_meta":{"origin":418,"position":0},"title":"DECLARACI\u00d3N (CONSTANCIA) ANTE LA JUNTA NACIONAL DE FECODE EN TORNO A LA APROBACI\u00d3N POR EL CONGRESO DE LA REP\u00daBLICA DEL PROYECTO","author":"admin","date":"agosto 6, 2004","format":false,"excerpt":"Ante la aprobaci\u00f3n del proyecto de ley 120 por absoluta unanimidad en el Senado de la Rep\u00fablica y por absoluta mayor\u00eda y a pupitrazo limpio, por parte de la C\u00e1mara, en la madrugada del 14 de noviembre, la Junta Nacional de FECODE reunida en ese d\u00eda para hacer el respectivo\u2026","rel":"","context":"En \u00abJuventud Patri\u00f3tica\u00bb","block_context":{"text":"Juventud Patri\u00f3tica","link":"https:\/\/moir.com.co\/web\/category\/juventud-patriotica\/"},"img":{"alt_text":"","src":"","width":0,"height":0},"classes":[]},{"id":179,"url":"https:\/\/moir.com.co\/web\/declaracion-ante-la-junta-nacional-de-fecode-en-torno-a-la-aprobacion-por-el-congreso-de-la-republica-del-proyecto-de-ley-120\/","url_meta":{"origin":418,"position":1},"title":"DECLARACI\u00d3N ANTE LA JUNTA NACIONAL DE FECODE EN TORNO A LA APROBACI\u00d3N POR EL CONGRESO DE LA REP\u00daBLICA DEL PROYECTO DE LEY 120","author":"admin","date":"agosto 7, 2004","format":false,"excerpt":"Ante la aprobaci\u00f3n del proyecto de ley 120 por absoluta unanimidad en el Senado de la Rep\u00fablica y por absoluta mayor\u00eda y a pupitrazo limpio, por parte de la C\u00e1mara, en la madrugada del 14 de noviembre, la Junta Nacional de FECODE reunida en ese d\u00eda para hacer el respectivo\u2026","rel":"","context":"En \u00abTemas\u00bb","block_context":{"text":"Temas","link":"https:\/\/moir.com.co\/web\/category\/temas\/"},"img":{"alt_text":"","src":"","width":0,"height":0},"classes":[]},{"id":9464,"url":"https:\/\/moir.com.co\/web\/proyecto-de-ley-urritia-zidres-legaliza-ilegalidades-con-los-baldios\/","url_meta":{"origin":418,"position":2},"title":"Proyecto de Ley Urritia-Zidres legaliza ilegalidades con los bald\u00edos","author":"admin","date":"junio 17, 2015","format":false,"excerpt":"Despojan al campesino de sus derechos sobre las tierras bald\u00edas del Estado. La Corte Constitucional declar\u00f3 inexequible una ley similar. Asociaciones entre zorras y gallinas. La Unidad Nacional y el Centro Democr\u00e1tico respaldan el proyecto. En el Congreso avanza el tr\u00e1mite del sexto intento del gobierno de Juan Manuel Santos\u2026","rel":"","context":"En \u00abJorge Enrique Robledo\u00bb","block_context":{"text":"Jorge Enrique Robledo","link":"https:\/\/moir.com.co\/web\/category\/jorge-enrique-robledo\/"},"img":{"alt_text":"","src":"","width":0,"height":0},"classes":[]},{"id":152,"url":"https:\/\/moir.com.co\/web\/mas-impuestos-contra-el-cafe-y-el-agro\/","url_meta":{"origin":418,"position":3},"title":"M\u00c1S IMPUESTOS CONTRA EL CAF\u00c9 Y EL AGRO","author":"admin","date":"agosto 6, 2004","format":false,"excerpt":"Los productores agropecuarios sufrir\u00e1n, como todos los colombianos, por el duro impacto de una reforma tributaria que busca incrementar los impuestos en 3.6 billones de pesos. As\u00ed, seguir\u00e1n gravados por el dos por mil, pagar\u00e1n m\u00e1s IVA por art\u00edculos de primera necesidad y muchos de ellos tambi\u00e9n ver\u00e1n incrementadas sus\u2026","rel":"","context":"En \u00abTemas\u00bb","block_context":{"text":"Temas","link":"https:\/\/moir.com.co\/web\/category\/temas\/"},"img":{"alt_text":"","src":"","width":0,"height":0},"classes":[]},{"id":9763,"url":"https:\/\/moir.com.co\/web\/medidas-contra-municipios-empeoran-el-proyecto-de-ley-urrutia-zidres-robledo\/","url_meta":{"origin":418,"position":4},"title":"Medidas contra municipios empeoran el proyecto de Ley Urrutia-Zidres: Robledo","author":"admin","date":"noviembre 11, 2015","format":false,"excerpt":"El proyecto UrrutiaZidres s\u00ed pretende legalizar ilegalidades en apropiaciones de bald\u00edos y despoja a los campesinos de los derechos que la Constituci\u00f3n les asigna. Santismo y uribismo coinciden en apoyar el proyecto. En la Comisi\u00f3n V del Senado de la Rep\u00fablica se adelant\u00f3 el tercer debate del proyecto de Ley\u2026","rel":"","context":"En \u00abJorge Enrique Robledo\u00bb","block_context":{"text":"Jorge Enrique Robledo","link":"https:\/\/moir.com.co\/web\/category\/jorge-enrique-robledo\/"},"img":{"alt_text":"","src":"","width":0,"height":0},"classes":[]},{"id":419,"url":"https:\/\/moir.com.co\/web\/caballero-enciende-las-alarmas\/","url_meta":{"origin":418,"position":5},"title":"CABALLERO ENCIENDE LAS ALARMAS","author":"admin","date":"agosto 8, 2004","format":false,"excerpt":"El proyecto por medio del cual se expide la Ley General Rural que el Gobierno nacional presentar\u00e1 al Congreso de la Rep\u00fablica para su aprobaci\u00f3n, fue calificado por el dirigente de Salvaci\u00f3n agropecuaria, Angel Mar\u00eda Caballero, como \"muy bueno para el Indio Amaz\u00f3nico y los brujos que trabajan con hierbas\".\u2026","rel":"","context":"En \u00abPronunciamientos de Organizaciones Sociales\u00bb","block_context":{"text":"Pronunciamientos de Organizaciones Sociales","link":"https:\/\/moir.com.co\/web\/category\/pronunciamientos-de-organizaciones-sociales\/"},"img":{"alt_text":"","src":"","width":0,"height":0},"classes":[]}],"jetpack_sharing_enabled":true,"_links":{"self":[{"href":"https:\/\/moir.com.co\/web\/wp-json\/wp\/v2\/posts\/418","targetHints":{"allow":["GET"]}}],"collection":[{"href":"https:\/\/moir.com.co\/web\/wp-json\/wp\/v2\/posts"}],"about":[{"href":"https:\/\/moir.com.co\/web\/wp-json\/wp\/v2\/types\/post"}],"author":[{"embeddable":true,"href":"https:\/\/moir.com.co\/web\/wp-json\/wp\/v2\/users\/1"}],"replies":[{"embeddable":true,"href":"https:\/\/moir.com.co\/web\/wp-json\/wp\/v2\/comments?post=418"}],"version-history":[{"count":0,"href":"https:\/\/moir.com.co\/web\/wp-json\/wp\/v2\/posts\/418\/revisions"}],"wp:attachment":[{"href":"https:\/\/moir.com.co\/web\/wp-json\/wp\/v2\/media?parent=418"}],"wp:term":[{"taxonomy":"category","embeddable":true,"href":"https:\/\/moir.com.co\/web\/wp-json\/wp\/v2\/categories?post=418"},{"taxonomy":"post_tag","embeddable":true,"href":"https:\/\/moir.com.co\/web\/wp-json\/wp\/v2\/tags?post=418"}],"curies":[{"name":"wp","href":"https:\/\/api.w.org\/{rel}","templated":true}]}}