{"id":416,"date":"2004-08-08T07:00:00","date_gmt":"2004-08-08T07:00:00","guid":{"rendered":"https:\/\/moir.org.co\/web\/la-junta-directiva-nacional-ampliada-de-unidad-panelera-reunida-en-bogota-el-3-de-mayo-de-2002-con-la-presencia-de-cincuenta\/"},"modified":"2004-08-08T07:00:00","modified_gmt":"2004-08-08T07:00:00","slug":"la-junta-directiva-nacional-ampliada-de-unidad-panelera-reunida-en-bogota-el-3-de-mayo-de-2002-con-la-presencia-de-cincuenta","status":"publish","type":"post","link":"https:\/\/moir.com.co\/web\/la-junta-directiva-nacional-ampliada-de-unidad-panelera-reunida-en-bogota-el-3-de-mayo-de-2002-con-la-presencia-de-cincuenta\/","title":{"rendered":"LA JUNTA DIRECTIVA NACIONAL AMPLIADA DE UNIDAD PANELERA, REUNIDA EN BOGOT\u00c1 EL 3 DE MAYO DE 2002, CON LA PRESENCIA DE CINCUENTA"},"content":{"rendered":"<p>Bogot\u00e1, mayo 3 de 2002<\/p>\n<p>LA JUNTA DIRECTIVA NACIONAL AMPLIADA DE UNIDAD PANELERA, REUNIDA EN BOGOT\u00c1 EL 3 DE MAYO DE 2002, CON LA PRESENCIA DE CINCUENTA DELEGADOS DE OCHO DEPARTAMENTOS DEL PA\u00cdS, Y TENIENDO EN CUENTA:<\/p>\n<p>Que varios de los grandes ingenios del Valle y del Cauca, en asocio con los monopolios financieros del pa\u00eds, a trav\u00e9s de la firma Desarrollos Empresariales Caucanos S.A., construyeron un gran ingenio industrial para producir panela en el municipio de Padilla, Cauca.<\/p>\n<p>Que despu\u00e9s de un tortuoso proceso, que completa ya cinco a\u00f1os, en el cual la Corporaci\u00f3n Aut\u00f3noma Regional del Cauca, CRC, le ha negado en dos ocasiones la licencia ambiental, Desarrollos Empresariales persiste en alcanzarla, para lo cual la CRC realiz\u00f3 la tercera audiencia el pasado 22 de marzo y est\u00e1 de nuevo en estudio la aprobaci\u00f3n de la mencionada licencia.<\/p>\n<p>Que ese ingenio industrial panelero, respaldado por un capital de treinta mil millones de pesos y favorecido por las grandes exenciones tributarias de la Ley Paez, se apoderar\u00eda de cerca del diez por ciento del mercado nacional de la panela y reducir\u00eda a\u00fan m\u00e1s sus precios de compra.<\/p>\n<p>Que si el ingenio industrial de Padilla entrara en funcionamiento, nada impedir\u00eda que tambi\u00e9n produjeran panela los dem\u00e1s ingenios industriales del Valle y del Cauca, lo cual arruinar\u00eda a 70 mil peque\u00f1os y medianos cultivadores de ca\u00f1a panelera y a 27 mil trapiches artesanales, dejando sin empleo a 350 mil trabajadores y agravando la crisis de 236 municipios de Colombia.<\/p>\n<p>Que producir panela a escala industrial est\u00e1 expresamente prohibido por el art\u00edculo primero de la Ley 40 de 1990.<\/p>\n<p>Que el ingenio industrial panelero de Padilla solo puede empezar a producir si la CRC le otorga la respectiva Licencia Ambiental, pero en tal caso estar\u00eda violando la Ley 40 de 1990 y desconociendo las determinaciones anteriores que negaron dicha licencia.<\/p>\n<p>Resuelve:<\/p>\n<p>Solicitar a la Corporaci\u00f3n Aut\u00f3noma Regional del Cauca negar a Desarrollos Empresariales Caucanos la Licencia Ambiental para el funcionamiento del ingenio industrial panelero de Padilla, porque as\u00ed lo exige el inter\u00e9s de las 350 mil familias que viven de la ca\u00f1a panelera y de los trapiches artesanales y, adem\u00e1s, porque as\u00ed lo se\u00f1ala el art\u00edculo primero de la Ley 40 de 1990.<\/p>\n<p>Convocar a todos los Comit\u00e9s de Unidad Panelera y las cooperativas del sector a organizar audiencias p\u00fablicas en la semana del 27 de mayo al 3 de junio, en los principales centros paneleros del pa\u00eds, para expresar nuestra oposici\u00f3n al ingenio de Padilla, seguidas de movilizaciones a las gobernaciones de las capitales de los departamentos paneleros.<\/p>\n<p>Llamar a las dem\u00e1s organizaciones gremiales de los paneleros, a los Gobernadores, Alcaldes, Asambleas Departamentales y Concejos Municipales de las zonas paneleras a pronunciarse ante la CRC en contra del otorgamiento de la Licencia Ambiental a Desarrollos Empresariales Caucanos S.A.<\/p>\n<p>Dirigir esta resoluci\u00f3n al Ministro del Medio Ambiente de Colombia, para que haga parte de las coadyuvancias de ley en contra del otorgamiento de la Licencia Ambiental al ingenio industrial de Padilla.<\/p>\n<p>Declarar en estado de alerta a todos los paneleros del pa\u00eds para que, ante el anuncio de que le ha sido otorgada la Licencia Ambiental al ingenio industrial de Padilla, realicemos la m\u00e1s en\u00e9rgica protesta nacional en todas las carreteras de Colombia, en defensa de la subsistencia de la segunda industria agr\u00edcola del pa\u00eds.<\/p>\n<p>Aprobada un\u00e1nimemente por los delegados presentes de los departamentos de Antioquia, Boyac\u00e1, Cundinamarca, Cauca, Caldas, Risaralda, Nari\u00f1o y Santander.<\/p>\n","protected":false},"excerpt":{"rendered":"<p>Bogot\u00e1, mayo 3 de 2002 LA JUNTA DIRECTIVA NACIONAL AMPLIADA DE UNIDAD PANELERA, REUNIDA EN BOGOT\u00c1 EL 3 DE MAYO DE 2002, CON LA PRESENCIA DE CINCUENTA DELEGADOS DE OCHO DEPARTAMENTOS DEL PA\u00cdS, Y TENIENDO EN CUENTA: Que varios de los grandes ingenios del Valle y del Cauca, en asocio con los monopolios financieros del [&hellip;]<\/p>\n","protected":false},"author":1,"featured_media":0,"comment_status":"open","ping_status":"open","sticky":false,"template":"","format":"standard","meta":{"advanced_seo_description":"","jetpack_seo_html_title":"","jetpack_seo_noindex":false,"_jetpack_memberships_contains_paid_content":false,"footnotes":""},"categories":[7],"tags":[],"class_list":["post-416","post","type-post","status-publish","format-standard","hentry","category-pronunciamientos-de-organizaciones-sociales"],"jetpack_featured_media_url":"","jetpack-related-posts":[{"id":414,"url":"https:\/\/moir.com.co\/web\/alerta-a-los-paneleros-del-pais\/","url_meta":{"origin":416,"position":0},"title":"ALERTA A LOS PANELEROS DEL PA\u00cdS","author":"admin","date":"agosto 8, 2004","format":false,"excerpt":"Unidad Panelera Nacional, Bogot\u00e1; abril de 2002 Una vez m\u00e1s, Desarrollos Empresariales Caucanos intenta alcanzar la licencia ambiental para el funcionamiento del ingenio panelero de Padilla, proceso iniciado desde 1998 y negado por la Corporaci\u00f3n Regional del Cauca (CRC), el Ministerio del Medio Ambiente, el Tribunal del Cauca y el\u2026","rel":"","context":"En \u00abPronunciamientos de Organizaciones Sociales\u00bb","block_context":{"text":"Pronunciamientos de Organizaciones Sociales","link":"https:\/\/moir.com.co\/web\/category\/pronunciamientos-de-organizaciones-sociales\/"},"img":{"alt_text":"","src":"","width":0,"height":0},"classes":[]},{"id":413,"url":"https:\/\/moir.com.co\/web\/ante-la-audiencia-publica-convocada-por-la-crc-sobre-la-licencia-ambiental-para-el-proyecto-panelero-de-padilla\/","url_meta":{"origin":416,"position":1},"title":"ANTE LA AUDIENCIA P\u00daBLICA CONVOCADA POR LA CRC SOBRE LA LICENCIA AMBIENTAL PARA EL &#8220;PROYECTO PANELERO DE PADILLA&#8221;","author":"admin","date":"agosto 8, 2004","format":false,"excerpt":"CONSTANCIA Unidad Panelera Nacional Los abajo firmantes en nuestra calidad de voceros y\/o representantes de organizaciones paneleras, hacemos constar ante la Audiencia P\u00fablica convocada hoy 22 de marzo de 2002 por la CRC como requisito para otorgar la Licencia Ambiental de Funcionamiento al Ingenio Panelero promovido por \u201cDesarrollos Empresariales Caucanos\u201d\u2026","rel":"","context":"En \u00abPronunciamientos de Organizaciones Sociales\u00bb","block_context":{"text":"Pronunciamientos de Organizaciones Sociales","link":"https:\/\/moir.com.co\/web\/category\/pronunciamientos-de-organizaciones-sociales\/"},"img":{"alt_text":"","src":"","width":0,"height":0},"classes":[]},{"id":436,"url":"https:\/\/moir.com.co\/web\/en-firme-los-preparativos-de-la-marcha-nacional-panelera-en-bogota-contra-el-ingenio-de-padilla\/","url_meta":{"origin":416,"position":2},"title":"EN FIRME LOS PREPARATIVOS DE LA MARCHA NACIONAL PANELERA EN BOGOT\u00c1 CONTRA EL INGENIO DE PADILLA","author":"admin","date":"agosto 9, 2004","format":false,"excerpt":"Asociaci\u00f3n Nacional por la Salvaci\u00f3n Agropecuaria, Ibagu\u00e9; julio 24 de 2002 Delegaciones de paneleros de casi todo el pa\u00eds se est\u00e1n preparando para hacerse presentes en la Marcha Nacional Panelera que se efectuar\u00e1 el pr\u00f3ximo martes 30 de julio en Bogot\u00e1. Han confirmado su asistencia los principales municipios productores de\u2026","rel":"","context":"En \u00abPronunciamientos de Organizaciones Sociales\u00bb","block_context":{"text":"Pronunciamientos de Organizaciones Sociales","link":"https:\/\/moir.com.co\/web\/category\/pronunciamientos-de-organizaciones-sociales\/"},"img":{"alt_text":"","src":"","width":0,"height":0},"classes":[]},{"id":427,"url":"https:\/\/moir.com.co\/web\/declaracion-de-la-xi-asamblea-nacional-de-delegados-de-unidad-cafetera-sobre-la-adjudicacion-de-la-licencia-ambiental-al-ingenio\/","url_meta":{"origin":416,"position":3},"title":"DECLARACION DE LA XI ASAMBLEA NACIONAL DE DELEGADOS DE UNIDAD CAFETERA SOBRE LA ADJUDICACI\u00d3N DE LA LICENCIA AMBIENTAL AL INGENIO","author":"admin","date":"agosto 8, 2004","format":false,"excerpt":"Unidad Cafetera, Aurelio Su\u00e1rez Montoya, Presidente, La XI Asamblea Nacional de Delegados de UNIDAD CAFETERA, reunida en Pereira el 21 de junio de 2002, conociendo: Que la Corporaci\u00f3n Regional del Cauca \u2013 CRC- concedi\u00f3 licencia ambiental de funcionamiento al Ingenio Panelero del consorcio empresarial de Desarrollos Empresariales Caucanos de Padilla\u2026","rel":"","context":"En \u00abPronunciamientos de Organizaciones Sociales\u00bb","block_context":{"text":"Pronunciamientos de Organizaciones Sociales","link":"https:\/\/moir.com.co\/web\/category\/pronunciamientos-de-organizaciones-sociales\/"},"img":{"alt_text":"","src":"","width":0,"height":0},"classes":[]},{"id":425,"url":"https:\/\/moir.com.co\/web\/convocatoria-a-marcha-nacional-panelera-el-proximo-30-de-julio-de-2002\/","url_meta":{"origin":416,"position":4},"title":"CONVOCATORIA A MARCHA NACIONAL PANELERA EL PROXIMO 30 DE JULIO DE 2002","author":"admin","date":"agosto 8, 2004","format":false,"excerpt":"Asociaci\u00f3n Nacional por la Salvaci\u00f3n agropecuaria-Unidad Panelera Nacional, Ibagu\u00e9, junio 26 de 2002 Despu\u00e9s de realizadas las audiencias p\u00fablicas de Sup\u00eda (Caldas), Villeta (Cundinamarca) y Moniquir\u00e1 (Boyac\u00e1) con la participaci\u00f3n entusiasta de cientos de paneleros, en las que fue un\u00e1nime el rechazo a la Resoluci\u00f3n 399 de la Corporaci\u00f3n Aut\u00f3noma\u2026","rel":"","context":"En \u00abPronunciamientos de Organizaciones Sociales\u00bb","block_context":{"text":"Pronunciamientos de Organizaciones Sociales","link":"https:\/\/moir.com.co\/web\/category\/pronunciamientos-de-organizaciones-sociales\/"},"img":{"alt_text":"","src":"","width":0,"height":0},"classes":[]},{"id":421,"url":"https:\/\/moir.com.co\/web\/magna-audiencia-de-paneleros-provincia-del-gualiva-resolucion\/","url_meta":{"origin":416,"position":5},"title":"MAGNA AUDIENCIA DE PANELEROS PROVINCIA DEL GUALIV\u00c1 RESOLUCI\u00d3N","author":"admin","date":"agosto 8, 2004","format":false,"excerpt":"La audiencia de paneleros de los municipios de la Provincia del Gualiv\u00e1 (Caparrap\u00ed, Guaduas, La Pe\u00f1a, La Vega, Nimaima, Nocaima, La Vega, \u00datica, Vergara, Quebradanegra y Villeta), celebrada en el municipio de Villeta con la asistencia de m\u00e1s de mil productores el d\u00eda 3 de junio de 2002 CONSIDERANDO QUE:\u2026","rel":"","context":"En \u00abPronunciamientos de Organizaciones Sociales\u00bb","block_context":{"text":"Pronunciamientos de Organizaciones Sociales","link":"https:\/\/moir.com.co\/web\/category\/pronunciamientos-de-organizaciones-sociales\/"},"img":{"alt_text":"","src":"","width":0,"height":0},"classes":[]}],"jetpack_sharing_enabled":true,"_links":{"self":[{"href":"https:\/\/moir.com.co\/web\/wp-json\/wp\/v2\/posts\/416","targetHints":{"allow":["GET"]}}],"collection":[{"href":"https:\/\/moir.com.co\/web\/wp-json\/wp\/v2\/posts"}],"about":[{"href":"https:\/\/moir.com.co\/web\/wp-json\/wp\/v2\/types\/post"}],"author":[{"embeddable":true,"href":"https:\/\/moir.com.co\/web\/wp-json\/wp\/v2\/users\/1"}],"replies":[{"embeddable":true,"href":"https:\/\/moir.com.co\/web\/wp-json\/wp\/v2\/comments?post=416"}],"version-history":[{"count":0,"href":"https:\/\/moir.com.co\/web\/wp-json\/wp\/v2\/posts\/416\/revisions"}],"wp:attachment":[{"href":"https:\/\/moir.com.co\/web\/wp-json\/wp\/v2\/media?parent=416"}],"wp:term":[{"taxonomy":"category","embeddable":true,"href":"https:\/\/moir.com.co\/web\/wp-json\/wp\/v2\/categories?post=416"},{"taxonomy":"post_tag","embeddable":true,"href":"https:\/\/moir.com.co\/web\/wp-json\/wp\/v2\/tags?post=416"}],"curies":[{"name":"wp","href":"https:\/\/api.w.org\/{rel}","templated":true}]}}