{"id":414,"date":"2004-08-08T07:00:00","date_gmt":"2004-08-08T07:00:00","guid":{"rendered":"https:\/\/moir.org.co\/web\/alerta-a-los-paneleros-del-pais\/"},"modified":"2004-08-08T07:00:00","modified_gmt":"2004-08-08T07:00:00","slug":"alerta-a-los-paneleros-del-pais","status":"publish","type":"post","link":"https:\/\/moir.com.co\/web\/alerta-a-los-paneleros-del-pais\/","title":{"rendered":"ALERTA A LOS PANELEROS DEL PA\u00cdS"},"content":{"rendered":"<p>Unidad Panelera Nacional, Bogot\u00e1; abril de 2002<\/p>\n<p>Una vez m\u00e1s, Desarrollos Empresariales Caucanos intenta alcanzar la licencia ambiental para el funcionamiento del ingenio panelero de Padilla, proceso iniciado desde 1998 y negado por la Corporaci\u00f3n Regional del Cauca (CRC), el Ministerio del Medio Ambiente, el Tribunal del Cauca y el Consejo de Estado en dos oportunidades y que ha contado con la justa oposici\u00f3n de todos los productores paneleros del pa\u00eds.<\/p>\n<p>En la tercera audiencia ambiental, celebrada el 22 de marzo pasado, qued\u00f3 nuevamente demostrado que el citado proyecto es un zarpazo de los monopolios azucareros ( Pichich\u00ed y La Caba\u00f1a ), coaligados con el gran capital financiero, para dominar el mercado nacional del ramo aprovechando las ventajas tributarias de la Ley P\u00e1ez; arruinando a las 350 mil familias paneleras de 236 municipios colombianos, utilizando para ello los recursos p\u00fablicos y montando una competencia desigual a los 27 mil trapicheros artesanales.<\/p>\n<p>Desarrollos Empresariales, para conquistar el apoyo social que no ha encontrado en los productores, hizo un acuerdo con las comunidades aleda\u00f1as a Padilla, el cual a cambio de p\u00edrricas concesiones de empleo y \u201cprogramas sociales\u201d busca dividir la resistencia de los campesinos caucanos al proyecto, con la promesa de no vender su producci\u00f3n en el departamento durante los primeros dos a\u00f1os. As\u00ed, una vez quebrados los paneleros del pa\u00eds quebrar\u00edan a los del Cauca.<\/p>\n<p>Y para burlar la Ley 40 de 1990 presenta su entable como uno ajustado a \u00e9sta en cuanto a la capacidad de molienda ( 10 toneladas-hora de ca\u00f1a ), infundio desvirtuado por los c\u00e1lculos del vocero de Fedepanela en la audiencia. Cuesti\u00f3n que, por otra parte, no se compadece con la enorme inversi\u00f3n hecha en su construcci\u00f3n: 2 mil millones de pasos, y con la compra de 500 hect\u00e1reas por valor de 5 mil millones para la etapa inicial del proyecto.<\/p>\n<p>En definitiva, el ingenio promovido por Desarrollos Empresariales Caucanos es, como lo advertimos desde el Congreso Panelero de Moniquir\u00e1, una grave amenaza para la existencia de la producci\u00f3n panelera nacional, que debe ser resistido sin vacilaciones por todo el gremio, exigiendo a la CRC la no concesi\u00f3n de la licencia ambiental, actualmente en estudio por esa Corporaci\u00f3n y que fallar\u00eda a favor de los poderosos monopolios de no mediar una f\u00e9rrea oposici\u00f3n del pa\u00eds panelero.<\/p>\n<p>Como lo hicimos constar en la audiencia, exigimos al Gobierno Nacional coadyuvar la negaci\u00f3n de la licencia por el impacto ruinoso que significar\u00eda para la segunda industria agr\u00edcola del pa\u00eds y llamamos a la unidad de todas la expresiones organizadas de los paneleros para emprender una decidida resistencia civil en defensa de nuestros intereses, siguiendo el ejemplo de los productores de Nari\u00f1o, quienes han convocado una gran protesta departamental en los pr\u00f3ximos d\u00edas.<\/p>\n<p>En consecuencia, convocamos con urgencia a un PLENARIO NACIONAL DE UNIDAD PANELERA, en la ciudad de Bogot\u00e1 el pr\u00f3ximo viernes 3 de mayo, a las 9 :00 a.m., en las instalaciones de Fecode Carrera 13\u00aa #34-36, para coordinar las acciones necesarias a fin de unir y movilizar a todos los paneleros en contra de este atentado promovido por los monopolios azucareros y los pulpos financieros del pa\u00eds.<\/p>\n<p>PEDRO NEL CAMARGO A.      JOS\u00c9 FERNANDO OCAMPO<br \/>\nCoordinador Nacional      Coordinador Cundinamarca<\/p>\n","protected":false},"excerpt":{"rendered":"<p>Unidad Panelera Nacional, Bogot\u00e1; abril de 2002 Una vez m\u00e1s, Desarrollos Empresariales Caucanos intenta alcanzar la licencia ambiental para el funcionamiento del ingenio panelero de Padilla, proceso iniciado desde 1998 y negado por la Corporaci\u00f3n Regional del Cauca (CRC), el Ministerio del Medio Ambiente, el Tribunal del Cauca y el Consejo de Estado en dos [&hellip;]<\/p>\n","protected":false},"author":1,"featured_media":0,"comment_status":"open","ping_status":"open","sticky":false,"template":"","format":"standard","meta":{"advanced_seo_description":"","jetpack_seo_html_title":"","jetpack_seo_noindex":false,"_jetpack_memberships_contains_paid_content":false,"footnotes":""},"categories":[7],"tags":[],"class_list":["post-414","post","type-post","status-publish","format-standard","hentry","category-pronunciamientos-de-organizaciones-sociales"],"jetpack_featured_media_url":"","jetpack-related-posts":[{"id":413,"url":"https:\/\/moir.com.co\/web\/ante-la-audiencia-publica-convocada-por-la-crc-sobre-la-licencia-ambiental-para-el-proyecto-panelero-de-padilla\/","url_meta":{"origin":414,"position":0},"title":"ANTE LA AUDIENCIA P\u00daBLICA CONVOCADA POR LA CRC SOBRE LA LICENCIA AMBIENTAL PARA EL &#8220;PROYECTO PANELERO DE PADILLA&#8221;","author":"admin","date":"agosto 8, 2004","format":false,"excerpt":"CONSTANCIA Unidad Panelera Nacional Los abajo firmantes en nuestra calidad de voceros y\/o representantes de organizaciones paneleras, hacemos constar ante la Audiencia P\u00fablica convocada hoy 22 de marzo de 2002 por la CRC como requisito para otorgar la Licencia Ambiental de Funcionamiento al Ingenio Panelero promovido por \u201cDesarrollos Empresariales Caucanos\u201d\u2026","rel":"","context":"En \u00abPronunciamientos de Organizaciones Sociales\u00bb","block_context":{"text":"Pronunciamientos de Organizaciones Sociales","link":"https:\/\/moir.com.co\/web\/category\/pronunciamientos-de-organizaciones-sociales\/"},"img":{"alt_text":"","src":"","width":0,"height":0},"classes":[]},{"id":416,"url":"https:\/\/moir.com.co\/web\/la-junta-directiva-nacional-ampliada-de-unidad-panelera-reunida-en-bogota-el-3-de-mayo-de-2002-con-la-presencia-de-cincuenta\/","url_meta":{"origin":414,"position":1},"title":"LA JUNTA DIRECTIVA NACIONAL AMPLIADA DE UNIDAD PANELERA, REUNIDA EN BOGOT\u00c1 EL 3 DE MAYO DE 2002, CON LA PRESENCIA DE CINCUENTA","author":"admin","date":"agosto 8, 2004","format":false,"excerpt":"Bogot\u00e1, mayo 3 de 2002 LA JUNTA DIRECTIVA NACIONAL AMPLIADA DE UNIDAD PANELERA, REUNIDA EN BOGOT\u00c1 EL 3 DE MAYO DE 2002, CON LA PRESENCIA DE CINCUENTA DELEGADOS DE OCHO DEPARTAMENTOS DEL PA\u00cdS, Y TENIENDO EN CUENTA: Que varios de los grandes ingenios del Valle y del Cauca, en asocio\u2026","rel":"","context":"En \u00abPronunciamientos de Organizaciones Sociales\u00bb","block_context":{"text":"Pronunciamientos de Organizaciones Sociales","link":"https:\/\/moir.com.co\/web\/category\/pronunciamientos-de-organizaciones-sociales\/"},"img":{"alt_text":"","src":"","width":0,"height":0},"classes":[]},{"id":421,"url":"https:\/\/moir.com.co\/web\/magna-audiencia-de-paneleros-provincia-del-gualiva-resolucion\/","url_meta":{"origin":414,"position":2},"title":"MAGNA AUDIENCIA DE PANELEROS PROVINCIA DEL GUALIV\u00c1 RESOLUCI\u00d3N","author":"admin","date":"agosto 8, 2004","format":false,"excerpt":"La audiencia de paneleros de los municipios de la Provincia del Gualiv\u00e1 (Caparrap\u00ed, Guaduas, La Pe\u00f1a, La Vega, Nimaima, Nocaima, La Vega, \u00datica, Vergara, Quebradanegra y Villeta), celebrada en el municipio de Villeta con la asistencia de m\u00e1s de mil productores el d\u00eda 3 de junio de 2002 CONSIDERANDO QUE:\u2026","rel":"","context":"En \u00abPronunciamientos de Organizaciones Sociales\u00bb","block_context":{"text":"Pronunciamientos de Organizaciones Sociales","link":"https:\/\/moir.com.co\/web\/category\/pronunciamientos-de-organizaciones-sociales\/"},"img":{"alt_text":"","src":"","width":0,"height":0},"classes":[]},{"id":425,"url":"https:\/\/moir.com.co\/web\/convocatoria-a-marcha-nacional-panelera-el-proximo-30-de-julio-de-2002\/","url_meta":{"origin":414,"position":3},"title":"CONVOCATORIA A MARCHA NACIONAL PANELERA EL PROXIMO 30 DE JULIO DE 2002","author":"admin","date":"agosto 8, 2004","format":false,"excerpt":"Asociaci\u00f3n Nacional por la Salvaci\u00f3n agropecuaria-Unidad Panelera Nacional, Ibagu\u00e9, junio 26 de 2002 Despu\u00e9s de realizadas las audiencias p\u00fablicas de Sup\u00eda (Caldas), Villeta (Cundinamarca) y Moniquir\u00e1 (Boyac\u00e1) con la participaci\u00f3n entusiasta de cientos de paneleros, en las que fue un\u00e1nime el rechazo a la Resoluci\u00f3n 399 de la Corporaci\u00f3n Aut\u00f3noma\u2026","rel":"","context":"En \u00abPronunciamientos de Organizaciones Sociales\u00bb","block_context":{"text":"Pronunciamientos de Organizaciones Sociales","link":"https:\/\/moir.com.co\/web\/category\/pronunciamientos-de-organizaciones-sociales\/"},"img":{"alt_text":"","src":"","width":0,"height":0},"classes":[]},{"id":423,"url":"https:\/\/moir.com.co\/web\/los-paneleros-defenderemos-nuestro-producto\/","url_meta":{"origin":414,"position":4},"title":"LOS PANELEROS DEFENDEREMOS NUESTRO PRODUCTO","author":"admin","date":"agosto 8, 2004","format":false,"excerpt":"Sup\u00eda Junio 3 de 2002. M\u00e1s de 400 delegados de los municipios de Aguadas, P\u00e1cora, Salamina, La Merced, Filadelfia, Neira, Belalcazar, Riosucio, Sup\u00eda, Caramanta, Quinch\u00eda y de los corregimientos de Bonafont y San Lorenzo asistentes a la primera Audiencia P\u00fablica en defensa de los Paneleros Colombianos, realizada hoy 3 de\u2026","rel":"","context":"En \u00abPronunciamientos de Organizaciones Sociales\u00bb","block_context":{"text":"Pronunciamientos de Organizaciones Sociales","link":"https:\/\/moir.com.co\/web\/category\/pronunciamientos-de-organizaciones-sociales\/"},"img":{"alt_text":"","src":"","width":0,"height":0},"classes":[]},{"id":453,"url":"https:\/\/moir.com.co\/web\/la-resistencia-civil-dio-el-triunfo-a-los-paneleros-frente-a-las-pretensiones-de-los-monopolios\/","url_meta":{"origin":414,"position":5},"title":"\u00a1LA RESISTENCIA CIVIL DIO EL TRIUNFO A LOS PANELEROS FRENTE A LAS PRETENSIONES DE LOS MONOPOLIOS!","author":"admin","date":"agosto 9, 2004","format":false,"excerpt":"Asociaci\u00f3n Nacional por la Salvaci\u00f3n Agropecuaria, Noviembre 9 de 2002 El Ministerio del Medio Ambiente, mediante resoluci\u00f3n n\u00famero 0960 del 18 de octubre de 2002, revoc\u00f3 la resoluci\u00f3n de la Corporaci\u00f3n Regional del Cauca del 3 de mayo de este a\u00f1o que otorgaba la licencia ambiental al ingenio panelero de\u2026","rel":"","context":"En \u00abPronunciamientos de Organizaciones Sociales\u00bb","block_context":{"text":"Pronunciamientos de Organizaciones Sociales","link":"https:\/\/moir.com.co\/web\/category\/pronunciamientos-de-organizaciones-sociales\/"},"img":{"alt_text":"","src":"","width":0,"height":0},"classes":[]}],"jetpack_sharing_enabled":true,"_links":{"self":[{"href":"https:\/\/moir.com.co\/web\/wp-json\/wp\/v2\/posts\/414","targetHints":{"allow":["GET"]}}],"collection":[{"href":"https:\/\/moir.com.co\/web\/wp-json\/wp\/v2\/posts"}],"about":[{"href":"https:\/\/moir.com.co\/web\/wp-json\/wp\/v2\/types\/post"}],"author":[{"embeddable":true,"href":"https:\/\/moir.com.co\/web\/wp-json\/wp\/v2\/users\/1"}],"replies":[{"embeddable":true,"href":"https:\/\/moir.com.co\/web\/wp-json\/wp\/v2\/comments?post=414"}],"version-history":[{"count":0,"href":"https:\/\/moir.com.co\/web\/wp-json\/wp\/v2\/posts\/414\/revisions"}],"wp:attachment":[{"href":"https:\/\/moir.com.co\/web\/wp-json\/wp\/v2\/media?parent=414"}],"wp:term":[{"taxonomy":"category","embeddable":true,"href":"https:\/\/moir.com.co\/web\/wp-json\/wp\/v2\/categories?post=414"},{"taxonomy":"post_tag","embeddable":true,"href":"https:\/\/moir.com.co\/web\/wp-json\/wp\/v2\/tags?post=414"}],"curies":[{"name":"wp","href":"https:\/\/api.w.org\/{rel}","templated":true}]}}