{"id":413,"date":"2004-08-08T07:00:00","date_gmt":"2004-08-08T07:00:00","guid":{"rendered":"https:\/\/moir.org.co\/web\/ante-la-audiencia-publica-convocada-por-la-crc-sobre-la-licencia-ambiental-para-el-proyecto-panelero-de-padilla\/"},"modified":"2004-08-08T07:00:00","modified_gmt":"2004-08-08T07:00:00","slug":"ante-la-audiencia-publica-convocada-por-la-crc-sobre-la-licencia-ambiental-para-el-proyecto-panelero-de-padilla","status":"publish","type":"post","link":"https:\/\/moir.com.co\/web\/ante-la-audiencia-publica-convocada-por-la-crc-sobre-la-licencia-ambiental-para-el-proyecto-panelero-de-padilla\/","title":{"rendered":"ANTE LA AUDIENCIA P\u00daBLICA CONVOCADA POR LA CRC SOBRE LA LICENCIA AMBIENTAL PARA EL &#8220;PROYECTO PANELERO DE PADILLA&#8221;"},"content":{"rendered":"<p>CONSTANCIA<\/p>\n<p>Unidad Panelera Nacional<\/p>\n<p>Los abajo firmantes en nuestra calidad de voceros y\/o representantes de organizaciones paneleras, hacemos constar ante la Audiencia P\u00fablica convocada hoy 22 de marzo de 2002 por la CRC como requisito para otorgar la Licencia Ambiental de Funcionamiento al Ingenio Panelero promovido por \u201cDesarrollos Empresariales Caucanos\u201d en Padilla, Cauca.<\/p>\n<p>Que el funcionamiento del Trapiche Panelero de Padilla constituye una clara violaci\u00f3n a la Ley 40 de 1990 que preserva la producci\u00f3n de panela del pa\u00eds para los peque\u00f1os y medianos productores y constituye un nuevo intento de los monopolios azucareros, esta vez coaligados con el gran capital financiero, por apoderarse de nuestro sector y del mercado panelero nacional.<\/p>\n<p>Que el impacto socio \u2013 econ\u00f3mico del Trapiche Panelero, afecta gravemente los intereses de los 70.000 productores de panela del pa\u00eds y las 350.000 familias que derivan su sustento de esta actividad en Colombia.<\/p>\n<p>Que la presente Audiencia P\u00fablica, como todo el tortuoso proceso para lograr la Licencia Ambiental, ha sido convocada sin previo aviso a la comunidad panelera del pa\u00eds y despu\u00e9s de que todas las organizaciones y expresiones del sector hemos expresado justas razones para oponernos al mencionado proyecto.<\/p>\n<p>Solicitamos a la CRC negar la Licencia Ambiental de Funcionamiento al \u201cTrapiche Panelero de Padilla, Cauca\u201d y exigimos a los gobiernos nacional y departamental, coadyuvar en esta acci\u00f3n, en cumplimiento de la ley 40 de 1990 y a favor de los intereses generales del sector Panelero, que es el segundo generador de empleo rural en Colombia.<\/p>\n<p>En consecuencia, convocamos a los empresarios, productores artesanales y campesinos paneleros a la m\u00e1s decidida RESISTENCIA CIVIL contra la pretensi\u00f3n de los pulpos financieros del pa\u00eds y los monopolios azucareros de arruinar y destruir la producci\u00f3n panelera.<\/p>\n<p>AURELIO SUAREZ<br \/>\nJunta Directiva Nacional SALVACI\u00d3N AGROPECUARIA<\/p>\n<p>PEDRO CAMARGO<br \/>\nCoordinador Unidad Panelera Nacional<\/p>\n<p>LUIS ELVER VERGARA<br \/>\nPresidente AGROPEMCA<br \/>\n(Siguen 200 firmas de delegados presentes)<\/p>\n","protected":false},"excerpt":{"rendered":"<p>CONSTANCIA Unidad Panelera Nacional Los abajo firmantes en nuestra calidad de voceros y\/o representantes de organizaciones paneleras, hacemos constar ante la Audiencia P\u00fablica convocada hoy 22 de marzo de 2002 por la CRC como requisito para otorgar la Licencia Ambiental de Funcionamiento al Ingenio Panelero promovido por \u201cDesarrollos Empresariales Caucanos\u201d en Padilla, Cauca. Que el [&hellip;]<\/p>\n","protected":false},"author":1,"featured_media":0,"comment_status":"open","ping_status":"open","sticky":false,"template":"","format":"standard","meta":{"advanced_seo_description":"","jetpack_seo_html_title":"","jetpack_seo_noindex":false,"_jetpack_memberships_contains_paid_content":false,"footnotes":""},"categories":[7],"tags":[],"class_list":["post-413","post","type-post","status-publish","format-standard","hentry","category-pronunciamientos-de-organizaciones-sociales"],"jetpack_featured_media_url":"","jetpack-related-posts":[{"id":416,"url":"https:\/\/moir.com.co\/web\/la-junta-directiva-nacional-ampliada-de-unidad-panelera-reunida-en-bogota-el-3-de-mayo-de-2002-con-la-presencia-de-cincuenta\/","url_meta":{"origin":413,"position":0},"title":"LA JUNTA DIRECTIVA NACIONAL AMPLIADA DE UNIDAD PANELERA, REUNIDA EN BOGOT\u00c1 EL 3 DE MAYO DE 2002, CON LA PRESENCIA DE CINCUENTA","author":"admin","date":"agosto 8, 2004","format":false,"excerpt":"Bogot\u00e1, mayo 3 de 2002 LA JUNTA DIRECTIVA NACIONAL AMPLIADA DE UNIDAD PANELERA, REUNIDA EN BOGOT\u00c1 EL 3 DE MAYO DE 2002, CON LA PRESENCIA DE CINCUENTA DELEGADOS DE OCHO DEPARTAMENTOS DEL PA\u00cdS, Y TENIENDO EN CUENTA: Que varios de los grandes ingenios del Valle y del Cauca, en asocio\u2026","rel":"","context":"En \u00abPronunciamientos de Organizaciones Sociales\u00bb","block_context":{"text":"Pronunciamientos de Organizaciones Sociales","link":"https:\/\/moir.com.co\/web\/category\/pronunciamientos-de-organizaciones-sociales\/"},"img":{"alt_text":"","src":"","width":0,"height":0},"classes":[]},{"id":414,"url":"https:\/\/moir.com.co\/web\/alerta-a-los-paneleros-del-pais\/","url_meta":{"origin":413,"position":1},"title":"ALERTA A LOS PANELEROS DEL PA\u00cdS","author":"admin","date":"agosto 8, 2004","format":false,"excerpt":"Unidad Panelera Nacional, Bogot\u00e1; abril de 2002 Una vez m\u00e1s, Desarrollos Empresariales Caucanos intenta alcanzar la licencia ambiental para el funcionamiento del ingenio panelero de Padilla, proceso iniciado desde 1998 y negado por la Corporaci\u00f3n Regional del Cauca (CRC), el Ministerio del Medio Ambiente, el Tribunal del Cauca y el\u2026","rel":"","context":"En \u00abPronunciamientos de Organizaciones Sociales\u00bb","block_context":{"text":"Pronunciamientos de Organizaciones Sociales","link":"https:\/\/moir.com.co\/web\/category\/pronunciamientos-de-organizaciones-sociales\/"},"img":{"alt_text":"","src":"","width":0,"height":0},"classes":[]},{"id":421,"url":"https:\/\/moir.com.co\/web\/magna-audiencia-de-paneleros-provincia-del-gualiva-resolucion\/","url_meta":{"origin":413,"position":2},"title":"MAGNA AUDIENCIA DE PANELEROS PROVINCIA DEL GUALIV\u00c1 RESOLUCI\u00d3N","author":"admin","date":"agosto 8, 2004","format":false,"excerpt":"La audiencia de paneleros de los municipios de la Provincia del Gualiv\u00e1 (Caparrap\u00ed, Guaduas, La Pe\u00f1a, La Vega, Nimaima, Nocaima, La Vega, \u00datica, Vergara, Quebradanegra y Villeta), celebrada en el municipio de Villeta con la asistencia de m\u00e1s de mil productores el d\u00eda 3 de junio de 2002 CONSIDERANDO QUE:\u2026","rel":"","context":"En \u00abPronunciamientos de Organizaciones Sociales\u00bb","block_context":{"text":"Pronunciamientos de Organizaciones Sociales","link":"https:\/\/moir.com.co\/web\/category\/pronunciamientos-de-organizaciones-sociales\/"},"img":{"alt_text":"","src":"","width":0,"height":0},"classes":[]},{"id":427,"url":"https:\/\/moir.com.co\/web\/declaracion-de-la-xi-asamblea-nacional-de-delegados-de-unidad-cafetera-sobre-la-adjudicacion-de-la-licencia-ambiental-al-ingenio\/","url_meta":{"origin":413,"position":3},"title":"DECLARACION DE LA XI ASAMBLEA NACIONAL DE DELEGADOS DE UNIDAD CAFETERA SOBRE LA ADJUDICACI\u00d3N DE LA LICENCIA AMBIENTAL AL INGENIO","author":"admin","date":"agosto 8, 2004","format":false,"excerpt":"Unidad Cafetera, Aurelio Su\u00e1rez Montoya, Presidente, La XI Asamblea Nacional de Delegados de UNIDAD CAFETERA, reunida en Pereira el 21 de junio de 2002, conociendo: Que la Corporaci\u00f3n Regional del Cauca \u2013 CRC- concedi\u00f3 licencia ambiental de funcionamiento al Ingenio Panelero del consorcio empresarial de Desarrollos Empresariales Caucanos de Padilla\u2026","rel":"","context":"En \u00abPronunciamientos de Organizaciones Sociales\u00bb","block_context":{"text":"Pronunciamientos de Organizaciones Sociales","link":"https:\/\/moir.com.co\/web\/category\/pronunciamientos-de-organizaciones-sociales\/"},"img":{"alt_text":"","src":"","width":0,"height":0},"classes":[]},{"id":423,"url":"https:\/\/moir.com.co\/web\/los-paneleros-defenderemos-nuestro-producto\/","url_meta":{"origin":413,"position":4},"title":"LOS PANELEROS DEFENDEREMOS NUESTRO PRODUCTO","author":"admin","date":"agosto 8, 2004","format":false,"excerpt":"Sup\u00eda Junio 3 de 2002. M\u00e1s de 400 delegados de los municipios de Aguadas, P\u00e1cora, Salamina, La Merced, Filadelfia, Neira, Belalcazar, Riosucio, Sup\u00eda, Caramanta, Quinch\u00eda y de los corregimientos de Bonafont y San Lorenzo asistentes a la primera Audiencia P\u00fablica en defensa de los Paneleros Colombianos, realizada hoy 3 de\u2026","rel":"","context":"En \u00abPronunciamientos de Organizaciones Sociales\u00bb","block_context":{"text":"Pronunciamientos de Organizaciones Sociales","link":"https:\/\/moir.com.co\/web\/category\/pronunciamientos-de-organizaciones-sociales\/"},"img":{"alt_text":"","src":"","width":0,"height":0},"classes":[]},{"id":436,"url":"https:\/\/moir.com.co\/web\/en-firme-los-preparativos-de-la-marcha-nacional-panelera-en-bogota-contra-el-ingenio-de-padilla\/","url_meta":{"origin":413,"position":5},"title":"EN FIRME LOS PREPARATIVOS DE LA MARCHA NACIONAL PANELERA EN BOGOT\u00c1 CONTRA EL INGENIO DE PADILLA","author":"admin","date":"agosto 9, 2004","format":false,"excerpt":"Asociaci\u00f3n Nacional por la Salvaci\u00f3n Agropecuaria, Ibagu\u00e9; julio 24 de 2002 Delegaciones de paneleros de casi todo el pa\u00eds se est\u00e1n preparando para hacerse presentes en la Marcha Nacional Panelera que se efectuar\u00e1 el pr\u00f3ximo martes 30 de julio en Bogot\u00e1. Han confirmado su asistencia los principales municipios productores de\u2026","rel":"","context":"En \u00abPronunciamientos de Organizaciones Sociales\u00bb","block_context":{"text":"Pronunciamientos de Organizaciones Sociales","link":"https:\/\/moir.com.co\/web\/category\/pronunciamientos-de-organizaciones-sociales\/"},"img":{"alt_text":"","src":"","width":0,"height":0},"classes":[]}],"jetpack_sharing_enabled":true,"_links":{"self":[{"href":"https:\/\/moir.com.co\/web\/wp-json\/wp\/v2\/posts\/413","targetHints":{"allow":["GET"]}}],"collection":[{"href":"https:\/\/moir.com.co\/web\/wp-json\/wp\/v2\/posts"}],"about":[{"href":"https:\/\/moir.com.co\/web\/wp-json\/wp\/v2\/types\/post"}],"author":[{"embeddable":true,"href":"https:\/\/moir.com.co\/web\/wp-json\/wp\/v2\/users\/1"}],"replies":[{"embeddable":true,"href":"https:\/\/moir.com.co\/web\/wp-json\/wp\/v2\/comments?post=413"}],"version-history":[{"count":0,"href":"https:\/\/moir.com.co\/web\/wp-json\/wp\/v2\/posts\/413\/revisions"}],"wp:attachment":[{"href":"https:\/\/moir.com.co\/web\/wp-json\/wp\/v2\/media?parent=413"}],"wp:term":[{"taxonomy":"category","embeddable":true,"href":"https:\/\/moir.com.co\/web\/wp-json\/wp\/v2\/categories?post=413"},{"taxonomy":"post_tag","embeddable":true,"href":"https:\/\/moir.com.co\/web\/wp-json\/wp\/v2\/tags?post=413"}],"curies":[{"name":"wp","href":"https:\/\/api.w.org\/{rel}","templated":true}]}}