{"id":410,"date":"2004-08-08T07:00:00","date_gmt":"2004-08-08T07:00:00","guid":{"rendered":"https:\/\/moir.org.co\/web\/el-subsidio-no-debe-disminuirse-sino-aumentarse\/"},"modified":"2004-08-08T07:00:00","modified_gmt":"2004-08-08T07:00:00","slug":"el-subsidio-no-debe-disminuirse-sino-aumentarse","status":"publish","type":"post","link":"https:\/\/moir.com.co\/web\/el-subsidio-no-debe-disminuirse-sino-aumentarse\/","title":{"rendered":"EL SUBSIDIO NO DEBE DISMINUIRSE SINO AUMENTARSE"},"content":{"rendered":"<p>Jorge Enrique Robledo Castillo,Coordinador Nacional Unidad Cafetera, Manizales, febrero 14 de 2002.<\/p>\n<p>En el d\u00eda de ayer, el ministro de Hacienda, Juan Manuel Santos, anunci\u00f3 que al finalizar el mes de marzo se eliminar\u00e1n los 30 mil pesos de subsidio por carga de caf\u00e9 que viene pagando el gobierno nacional. Con ello, de mantenerse la cotizaci\u00f3n internacional de hoy, el precio pasar\u00eda de 260 a 230 mil pesos por carga en el caso del caf\u00e9 tipo Federaci\u00f3n, con lo que se agravar\u00eda todav\u00eda m\u00e1s la muy profunda crisis que padecen los cafeteros desde hace una d\u00e9cada.<\/p>\n<p>El subsidio vigente, a todas luces escaso como los saben los caficultores y cualquier persona medianamente informada, fue ganado por los cafeteros colombianos con el Paro Nacional Agropecuario que se iniciara el 31 de julio de 2001.<\/p>\n<p>Por razones obvias, Unidad Cafetera Nacional rechaza esta amenaza del ministro de Hacienda, exige que el gobierno nacional no solo mantenga sino que aumente el subsidio al precio interno de la carga de caf\u00e9 y llama a los caficultores colombianos a estar alerta en defensa de un precio interno remunerativo.<\/p>\n<p>QUE EL GOBIERNO DEFIENDA EL PRECIO INTERNACIONAL DEL CAF\u00c9<\/p>\n<p>Producto de las maniobras de las transnacionales y de los gobiernos de los pa\u00edses donde tienen sus sedes, empezando por el de Estados Unidos, la cotizaci\u00f3n del caf\u00e9 colombiano en el mercado mundial lleg\u00f3 a insignificantes 57 centavos de d\u00f3lar la libra, en tanto el precio al consumidor final se mantiene estable o sube, con lo que se agigantan la pobreza de los productores y las ganancias de los monopolios de la comercializaci\u00f3n y la industrializaci\u00f3n a escala mundial. Del precio que paga el consumidor final, solo el 15 por ciento le llega a los pa\u00edses cafeteros.<\/p>\n<p>Pero lo peor es que esta agresi\u00f3n econ\u00f3mica de los monopolios y los grandes imperios en contra de los cafeteros no le genera al gobierno de Andr\u00e9s Pastrana ni el menor reclamo, con lo que se confirma el car\u00e1cter genuflexo de una administraci\u00f3n que se mantiene imp\u00e1vida ante la hambruna que sufren las 566 mil familias de cafeteros colombianos.<\/p>\n<p>Jorge Enrique Robledo Castillo<br \/>\nCoordinador Nacional<br \/>\nUnidad Cafetera<br \/>\nOrganizaci\u00f3n miembro de la Asociaci\u00f3n Nacional por la Salvaci\u00f3n Agropecuaria<\/p>\n","protected":false},"excerpt":{"rendered":"<p>Jorge Enrique Robledo Castillo,Coordinador Nacional Unidad Cafetera, Manizales, febrero 14 de 2002. En el d\u00eda de ayer, el ministro de Hacienda, Juan Manuel Santos, anunci\u00f3 que al finalizar el mes de marzo se eliminar\u00e1n los 30 mil pesos de subsidio por carga de caf\u00e9 que viene pagando el gobierno nacional. Con ello, de mantenerse la [&hellip;]<\/p>\n","protected":false},"author":1,"featured_media":0,"comment_status":"open","ping_status":"open","sticky":false,"template":"","format":"standard","meta":{"advanced_seo_description":"","jetpack_seo_html_title":"","jetpack_seo_noindex":false,"_jetpack_memberships_contains_paid_content":false,"footnotes":""},"categories":[7],"tags":[],"class_list":["post-410","post","type-post","status-publish","format-standard","hentry","category-pronunciamientos-de-organizaciones-sociales"],"jetpack_featured_media_url":"","jetpack-related-posts":[{"id":7299,"url":"https:\/\/moir.com.co\/web\/el-paro-cafetero-es-justo-bastante-oportuno-y-muy-necesario\/","url_meta":{"origin":410,"position":0},"title":"El paro cafetero es justo, bastante oportuno y muy necesario","author":"admin","date":"febrero 26, 2013","format":false,"excerpt":"Las declaraciones del presidente Juan Manuel Santos sobre el paro que adelantan m\u00e1s de 70 mil caficultores en todo el pa\u00eds no solo son injustas, innecesarias e inoportunas sino que buscan desmentir y desconocer la realidad del sector cafetero nacional que hoy se encuentra en la m\u00e1s grave crisis de\u2026","rel":"","context":"En \u00abPolo Democr\u00e1tico Alternativo\u00bb","block_context":{"text":"Polo Democr\u00e1tico Alternativo","link":"https:\/\/moir.com.co\/web\/category\/polo-democratico-alternativo\/"},"img":{"alt_text":"","src":"","width":0,"height":0},"classes":[]},{"id":7472,"url":"https:\/\/moir.com.co\/web\/sobre-el-paro-cafetero-mas-vale-la-dignidad-que-la-vileza\/","url_meta":{"origin":410,"position":1},"title":"Sobre el paro cafetero: M\u00e1s vale la Dignidad que la Vileza","author":"admin","date":"abril 16, 2013","format":false,"excerpt":"Cuando m\u00e1s de 50 mil caficultores se concentraron sobre las v\u00edas y calles de Colombia -el pasado 25 de febrero- conclu\u00eda la etapa de preparaci\u00f3n del Paro C\u00edvico Cafetero Nacional y comenzaba la que estaba destinada a ser la m\u00e1s grande movilizaci\u00f3n de caficultores en la historia del pa\u00eds. Pero\u2026","rel":"","context":"En \u00abOscar Guti\u00e9rrez Reyes\u00bb","block_context":{"text":"Oscar Guti\u00e9rrez Reyes","link":"https:\/\/moir.com.co\/web\/category\/bitacoras\/oscar-gutierrez-reyes\/"},"img":{"alt_text":"","src":"","width":0,"height":0},"classes":[]},{"id":21256,"url":"https:\/\/moir.com.co\/web\/unidad-cafetera-firme-contra-politica-neoliberal-en-el-cafe\/","url_meta":{"origin":410,"position":2},"title":"UNIDAD CAFETERA, FIRME CONTRA POLITICA NEOLIBERAL EN EL CAFE","author":"admin","date":"febrero 15, 2009","format":false,"excerpt":"(Apartes) Mi dif\u00edcil encargo es entregarle a este Congreso el balance de una batalla en la que nos comprometimos hace dieciocho a\u00f1os. Una tarde, en un restaurante en Pereira, Jorge Robledo, Fernando Ruiz y yo, despu\u00e9s de una larga conversaci\u00f3n, concluimos: la crisis del caf\u00e9 se viene inexorablemente, y vamos\u2026","rel":"","context":"En \u00abINTERVENCIONES EN EL CONGRESO NACIONAL AGROPECUARIO\u00bb","block_context":{"text":"INTERVENCIONES EN EL CONGRESO NACIONAL AGROPECUARIO","link":"https:\/\/moir.com.co\/web\/category\/temas\/agro\/intervenciones-en-el-congreso-nacional-agropecuario\/"},"img":{"alt_text":"","src":"","width":0,"height":0},"classes":[]},{"id":6737,"url":"https:\/\/moir.com.co\/web\/movilizacion-cafetera-nacional-el-13-de-agosto-en-manizales\/","url_meta":{"origin":410,"position":3},"title":"Movilizaci\u00f3n cafetera nacional el 13 de agosto en Manizales","author":"admin","date":"agosto 8, 2012","format":false,"excerpt":"Un precio justo para la carga de caf\u00e9 y soluci\u00f3n a las deudas bancarias en que est\u00e1n entrampadas 45 mil familias ser\u00e1n dos de las reivindicaciones agitadas por los miles de productores que se concentrar\u00e1n el 13 de agosto en Manizales. Seg\u00fan lo inform\u00f3 \u00d3scar Guti\u00e9rrez, coordinador del Movimiento por\u2026","rel":"","context":"En \u00abPronunciamientos de Organizaciones Sociales\u00bb","block_context":{"text":"Pronunciamientos de Organizaciones Sociales","link":"https:\/\/moir.com.co\/web\/category\/pronunciamientos-de-organizaciones-sociales\/"},"img":{"alt_text":"","src":"","width":0,"height":0},"classes":[]},{"id":8198,"url":"https:\/\/moir.com.co\/web\/declaracion-de-la-xii-asamblea-nacional-de-dignidad-cafetera-no-mas-dilaciones-que-se-cumpla-lo-acordado\/","url_meta":{"origin":410,"position":4},"title":"Declaraci\u00f3n de la XII Asamblea Nacional de Dignidad Cafetera: No m\u00e1s dilaciones, que se cumpla lo acordado","author":"admin","date":"enero 28, 2014","format":false,"excerpt":"M\u00e1s de 200 delegados de 12 departamentos, reunidos en Manizales, despu\u00e9s de hacer un an\u00e1lisis de la dif\u00edcil situaci\u00f3n que atraviesa la caficultura, declaramos: Un balance de resultados del a\u00f1o anterior deja claro que, a m\u00e1s de la renovaci\u00f3n de 90 mil hect\u00e1reas de cafetales, el aumento de la producci\u00f3n\u2026","rel":"","context":"En \u00abPronunciamientos de Organizaciones Sociales\u00bb","block_context":{"text":"Pronunciamientos de Organizaciones Sociales","link":"https:\/\/moir.com.co\/web\/category\/pronunciamientos-de-organizaciones-sociales\/"},"img":{"alt_text":"","src":"","width":0,"height":0},"classes":[]},{"id":214,"url":"https:\/\/moir.com.co\/web\/cosecha-cafetera-2002-2003-precios-bajos-y-nuevas-cargas\/","url_meta":{"origin":410,"position":5},"title":"COSECHA CAFETERA 2002-2003: PRECIOS BAJOS Y NUEVAS CARGAS","author":"admin","date":"agosto 7, 2004","format":false,"excerpt":"Se cree que las exigencias gremiales, cuando se acerca el principal periodo de recolecci\u00f3n de la cosecha cafetera anual, constituyen un ritual de ocasi\u00f3n. Tales reclamos han elevado el tono desde 1.989 cuando se elimin\u00f3 el Pacto Internacional de Cuotas y se han plasmado en masivas protestas como el Paro\u2026","rel":"","context":"En \u00abTemas\u00bb","block_context":{"text":"Temas","link":"https:\/\/moir.com.co\/web\/category\/temas\/"},"img":{"alt_text":"","src":"","width":0,"height":0},"classes":[]}],"jetpack_sharing_enabled":true,"_links":{"self":[{"href":"https:\/\/moir.com.co\/web\/wp-json\/wp\/v2\/posts\/410","targetHints":{"allow":["GET"]}}],"collection":[{"href":"https:\/\/moir.com.co\/web\/wp-json\/wp\/v2\/posts"}],"about":[{"href":"https:\/\/moir.com.co\/web\/wp-json\/wp\/v2\/types\/post"}],"author":[{"embeddable":true,"href":"https:\/\/moir.com.co\/web\/wp-json\/wp\/v2\/users\/1"}],"replies":[{"embeddable":true,"href":"https:\/\/moir.com.co\/web\/wp-json\/wp\/v2\/comments?post=410"}],"version-history":[{"count":0,"href":"https:\/\/moir.com.co\/web\/wp-json\/wp\/v2\/posts\/410\/revisions"}],"wp:attachment":[{"href":"https:\/\/moir.com.co\/web\/wp-json\/wp\/v2\/media?parent=410"}],"wp:term":[{"taxonomy":"category","embeddable":true,"href":"https:\/\/moir.com.co\/web\/wp-json\/wp\/v2\/categories?post=410"},{"taxonomy":"post_tag","embeddable":true,"href":"https:\/\/moir.com.co\/web\/wp-json\/wp\/v2\/tags?post=410"}],"curies":[{"name":"wp","href":"https:\/\/api.w.org\/{rel}","templated":true}]}}