{"id":403,"date":"2004-08-08T07:00:00","date_gmt":"2004-08-08T07:00:00","guid":{"rendered":"https:\/\/moir.org.co\/web\/congreso-nacional-agropecuario\/"},"modified":"2004-08-08T07:00:00","modified_gmt":"2004-08-08T07:00:00","slug":"congreso-nacional-agropecuario","status":"publish","type":"post","link":"https:\/\/moir.com.co\/web\/congreso-nacional-agropecuario\/","title":{"rendered":"CONGRESO NACIONAL AGROPECUARIO"},"content":{"rendered":"<p>Declaraci\u00f3n final<\/p>\n<p>Asociaci\u00f3n Nacional por la Salvaci\u00f3n Agropecuaria, Bogot\u00e1, 18 de octubre de 2001.<\/p>\n<p>Ning\u00fan pa\u00eds de las caracter\u00edsticas de Colombia puede progresar a plenitud si no desarrolla su sector agropecuario. De la suerte del agro dependen, obviamente, sus productores directos, bien sean campesinos, ind\u00edgenas, empresarios o jornaleros. Pero el consumo de las gentes del campo tambi\u00e9n resulta importante para la industria que lo abastece y para otros sectores que, como el comercio y el transporte, intermedian entre las zonas urbanas y las rurales. Adem\u00e1s, la producci\u00f3n de la comida es vital porque naci\u00f3n que se someta a importarla pierde su seguridad alimentaria y queda sujeta a lo que le quieran imponer los pa\u00edses que la vendan, as\u00ed como a las maniobras de las transnacionales que la comercializan. Estas realidades explican por qu\u00e9 los pa\u00edses capitalistas desarrollados hacen todo tipo de esfuerzos por abastecer con sus propios alimentos a sus pueblos y por qu\u00e9 Estados Unidos es el mayor exportador de productos agropecuarios del mundo. No obedece a un capricho, entonces, que los gobiernos de las potencias industrializadas les paguen a sus agricultores y ganaderos subsidios directos por m\u00e1s de mil millones de d\u00f3lares diarios, es decir, 370 mil millones de d\u00f3lares al a\u00f1o, y que les ofrezcan todo tipo de garant\u00edas en buenos precios de sustentaci\u00f3n, cr\u00e9ditos baratos, bajos costos de equipos e insumos, grandes obras de infraestructura, investigaci\u00f3n cient\u00edfica avanzada y adecuada asistencia t\u00e9cnica.<\/p>\n<p>De ah\u00ed que sea tan censurable que los tres \u00faltimos gobiernos de Colombia se hayan sometido a las pol\u00edticas impuestas por el Fondo Monetario Internacional, las cuales han determinado, de una parte, reducir o eliminar el respaldo del Estado a los productores nacionales y, de la otra, facilitar el ingreso al pa\u00eds de todo tipo de productos agropecuarios extranjeros, destructiva combinaci\u00f3n que llev\u00f3 las importaciones hasta siete millones de toneladas y elimin\u00f3 800 mil hect\u00e1reas de cultivos transitorios, con el brutal aumento de la ruina, el desempleo, el empobrecimiento y la miseria de muchos, dolorosas desgracias que tambi\u00e9n han contribuido al hundimiento de la econom\u00eda urbana.<\/p>\n<p>La alternativa que se nos ofrece a los colombianos de especializarnos en productos tropicales, para dejarle el monopolio de los dem\u00e1s a los Estados Unidos y a las otras potencias, es inaceptable por muchas razones. Ella consolidar\u00eda el \u00e1rea de cultivos perdida y acabar\u00eda con buena parte de la producci\u00f3n agropecuaria que sobrevive, dejar\u00eda sin uso posible a una gran porci\u00f3n de las tierras del pa\u00eds que no podr\u00edan dedicarse a cultivos del tr\u00f3pico y acabar\u00eda de una vez por todas con la seguridad alimentaria de Colombia, base insustituible de la soberan\u00eda nacional, el primer requisito del progreso de cualquier naci\u00f3n. Adem\u00e1s, esa especializaci\u00f3n agr\u00edcola, para venderle a los pa\u00edses desarrollados, nada que valga la pena generar\u00e1, y menos en medio de la globalizaci\u00f3n neoliberal. El caf\u00e9 ilustra bien que las transnacionales del comercio tienen c\u00f3mo imponer unas cotizaciones internacionales muy bajas para esos productos y que, incluso, no les tiembla la mano para estimular su cultivo excesivo a escala mundial, superproducci\u00f3n que, para agravar las cosas, empujan en pa\u00edses paup\u00e9rrimos que pueden venderles su trabajo a precios insignificantes, con lo que buscan establecer un Tercer Mundo destinado a competir entre s\u00ed a punta de hambre.<\/p>\n<p>El sector agropecuario colombiano, entonces, debe luchar por darle un giro de 180 grados a la pol\u00edtica antiagraria que se le impone, empezando por rechazar la inclusi\u00f3n del pa\u00eds en el \u00c1rea de Libre Comercio de las Am\u00e9ricas \u2014ALCA\u2014, porque ese pacto aumentar\u00e1 las facilidades a las importaciones y reducir\u00e1 a\u00fan m\u00e1s el respaldo estatal al agro, con lo que se complicar\u00e1 en grado sumo la crisis que se padece. Al mismo tiempo, debe exigirle al gobierno nacional que encabece el reclamo de los pa\u00edses tropicales ante Estados Unidos y los otros pa\u00edses desarrollados por sus maniobras en contra de los precios internacionales de sus productos de exportaci\u00f3n. Y debe pugnar porque el Estado respalde debidamente la producci\u00f3n agropecuaria nacional.<\/p>\n<p>En resumen, hay que ganar una pol\u00edtica econ\u00f3mica que defina como contraria al inter\u00e9s nacional importar lo que pueda producirse en el pa\u00eds y que apunte a garantizar la seguridad alimentaria de Colombia. Esto, a partir de que el Estado, con sus recursos y medidas, asegure buenos precios de sustentaci\u00f3n, cr\u00e9ditos abundantes y baratos, control a los costos de producci\u00f3n y adecuado respaldo a la investigaci\u00f3n cient\u00edfica, a la asistencia t\u00e9cnica y a la construcci\u00f3n y mantenimiento de distritos de riego, al igual que le d\u00e9 respuesta satisfactoria a las peticiones democr\u00e1ticas de las comunidades ind\u00edgenas e impida la falsificaci\u00f3n de la panela y su producci\u00f3n a escala industrial. Adem\u00e1s, y por haberse tornado en impagables, que se condonen las deudas bancarias del sector.<\/p>\n<p>Es f\u00e1cil entender que sin el logro de estos objetivos no podr\u00e1 progresar el agro, pero que conquistarlos exige un gran esfuerzo, dados los enormes intereses y poderes que hay que desafiar y vencer. Por ello, debe unirse en una sola fuerza a cafeteros, arroceros, paperos, paneleros, ganaderos, bananeros, maiceros y dem\u00e1s productores del campo, lo mismo que a campesinos, ind\u00edgenas, jornaleros y empresarios, de forma que se configure un frente com\u00fan sin antecedentes en la historia de la Rep\u00fablica. Y ese frente debe estar en capacidad de generar formas de movilizaci\u00f3n y reclamo que, a la par que excluyan cualquier m\u00e9todo de lucha que no autoricen la democracia y la civilizaci\u00f3n, tambi\u00e9n sean capaces de ofrecer la resistencia civil que se requiere para ganar esta batalla, en la que se definir\u00e1 la suerte del campo y la de toda Colombia.<\/p>\n<p>Finalmente, este Congreso Nacional Agropecuario llama a todas las organizaciones del campo, sin excepci\u00f3n \u2014agremiaciones, asociaciones, cooperativas, cabildos, sindicatos, etc.\u2014, a que nos conozcamos entre nosotros, a que depongamos prejuicios y a que busquemos coincidencias, para que, cuanto antes, logremos consolidar una unidad, una organizaci\u00f3n y una fuerza que nadie pueda dejar de escuchar con la debida atenci\u00f3n y respeto y que, m\u00e1s importante a\u00fan, gane que sus puntos de vista se conviertan en pol\u00edticas econ\u00f3micas y en normas legales en Colombia.<\/p>\n<p>En consecuencia, este Congreso convoca a los presentes a conformar en el pa\u00eds una organizaci\u00f3n independiente de productores de papa, a impulsar una asamblea nacional de campesinos usuarios de la reforma agraria, hoy arruinados y en trance de perder sus parcelas, y a avanzar en la organizaci\u00f3n de la ganader\u00eda de carne y leche. As\u00ed mismo, autoriza a las direcciones de la Asociaci\u00f3n Nacional por la Salvaci\u00f3n Agropecuaria y de las restantes organizaciones presentes para que, de acuerdo con las necesidades y posibilidades del sector, convoquen a las movilizaciones generales que consideren necesarias en defensa del agro. Y deja establecido su respaldo a cada lucha que cualquier organizaci\u00f3n departamental o de producto espec\u00edfico decida realizar en favor de sus agremiados.<\/p>\n<p>SOBRE EL PARO DEPARTAMENTAL AGROPECUARIO QUE REALIZAR\u00c1 LA ASOCIACI\u00d3N AGROPECUARIA DEL HUILA<\/p>\n<p>El Congreso Nacional Agropecuario, reunido en Bogot\u00e1 el 18 de octubre de 2001,<\/p>\n<p>Teniendo en cuenta<\/p>\n<p>Que en los primeros d\u00edas del mes de agosto pasado el gobierno nacional firm\u00f3 un acuerdo con la Asociaci\u00f3n Agropecuaria del Huila, acuerdo por medio del cual la mencionada asociaci\u00f3n se comprometi\u00f3 a suspender el paro que realizaba, a cambio de que el gobierno resolviera sus peticiones sobre deudas bancarias y cr\u00e9ditos de los campesinos, empresarios e ind\u00edgenas huilenses.<\/p>\n<p>Que la Asociaci\u00f3n Agropecuaria del Huila, organizaci\u00f3n que hace parte de la Asociaci\u00f3n Nacional por la Salvaci\u00f3n Agropecuaria, cumpli\u00f3 lealmente su parte en el acuerdo firmado, en tanto el gobierno no ha cumplido la palabra empe\u00f1ada.<\/p>\n<p>Que ante este nuevo incumplimiento del gobierno de Andr\u00e9s Pastrana, la Asociaci\u00f3n Agropecuaria del Huila iniciar\u00e1, a partir del 1 de noviembre pr\u00f3ximo, una paro agropecuario departamental de car\u00e1cter indefinido, hasta tanto el gobierno cumpla cabalmente lo acordado.<\/p>\n<p>Resuelve<\/p>\n<p>Respaldar, con todo entusiasmo, el muy justo paro departamental indefinido aprobado por la Asociaci\u00f3n Agropecuaria del Huila y llamar a cada uno de los productores del agro de Colombia, y a toda la naci\u00f3n, a solidarizarse con tan justa lucha.<\/p>\n<p>SOBRE EL PARO C\u00cdVICO NACIONAL DEL 1\u00ba DE NOVIEMBRE DE 2001<\/p>\n<p>El Congreso Nacional Agropecuario, reunido en Bogot\u00e1 el 18 de octubre de 2001,<\/p>\n<p>Teniendo en cuenta<\/p>\n<p>Que el Comando Nacional Unitario convoc\u00f3 para, el 1 de noviembre pr\u00f3ximo, a un paro c\u00edvico nacional en rechazo al conjunto de la pol\u00edtica econ\u00f3mica dictada por el Fondo Monetario Internacional al gobierno de Andr\u00e9s Pastrana Arango.<\/p>\n<p>Resuelve<\/p>\n<p>Respaldar el paro c\u00edvico nacional convocado por el Comando Nacional Unitario para el pr\u00f3ximo 1\u00ba de noviembre, y llamar a todos los asistentes para que se vinculen activamente en la preparaci\u00f3n y realizaci\u00f3n de dicha protesta.<\/p>\n","protected":false},"excerpt":{"rendered":"<p>Declaraci\u00f3n final Asociaci\u00f3n Nacional por la Salvaci\u00f3n Agropecuaria, Bogot\u00e1, 18 de octubre de 2001. Ning\u00fan pa\u00eds de las caracter\u00edsticas de Colombia puede progresar a plenitud si no desarrolla su sector agropecuario. De la suerte del agro dependen, obviamente, sus productores directos, bien sean campesinos, ind\u00edgenas, empresarios o jornaleros. Pero el consumo de las gentes del [&hellip;]<\/p>\n","protected":false},"author":1,"featured_media":0,"comment_status":"open","ping_status":"open","sticky":false,"template":"","format":"standard","meta":{"advanced_seo_description":"","jetpack_seo_html_title":"","jetpack_seo_noindex":false,"_jetpack_memberships_contains_paid_content":false,"footnotes":""},"categories":[7],"tags":[],"class_list":["post-403","post","type-post","status-publish","format-standard","hentry","category-pronunciamientos-de-organizaciones-sociales"],"jetpack_featured_media_url":"","jetpack-related-posts":[{"id":3283,"url":"https:\/\/moir.com.co\/web\/se-confirma-el-desastre-agropecuario\/","url_meta":{"origin":403,"position":0},"title":"SE CONFIRMA EL DESASTRE AGROPECUARIO","author":"admin","date":"julio 15, 2009","format":false,"excerpt":"Al conocer que las importaciones agropecuarias sumaron el a\u00f1o pasado 8,3 millones de toneladas, 3,9 m\u00e1s de las que se importaron en 2002, el senador Jorge Enrique Robledo afirm\u00f3: \u201cSe confirma el desastre agropecuario nacional\u201d. El congresista del Polo record\u00f3 que las estad\u00edsticas oficiales no contabilizan el contrabando, denunciado reiteradamente\u2026","rel":"","context":"En \u00abJorge Enrique Robledo\u00bb","block_context":{"text":"Jorge Enrique Robledo","link":"https:\/\/moir.com.co\/web\/category\/jorge-enrique-robledo\/"},"img":{"alt_text":"","src":"","width":0,"height":0},"classes":[]},{"id":488,"url":"https:\/\/moir.com.co\/web\/expectativa-por-foro-agropecuario-de-cartagena\/","url_meta":{"origin":403,"position":1},"title":"EXPECTATIVA POR FORO AGROPECUARIO DE CARTAGENA","author":"admin","date":"agosto 9, 2004","format":false,"excerpt":"Asociaci\u00f3n Nacional por la Salvaci\u00f3n Agropecuaria seccional departamento del Magdalena, Santa Marta, marzo 19 de 2003 La Asociaci\u00f3n Nacional por la Salvaci\u00f3n Agropecuaria ha programado un importante certamen a efectuarse en la ciudad de Cartagena este viernes 21 de marzo. Se trata del Foro Sobre la Situaci\u00f3n Agropecuaria de la\u2026","rel":"","context":"En \u00abPronunciamientos de Organizaciones Sociales\u00bb","block_context":{"text":"Pronunciamientos de Organizaciones Sociales","link":"https:\/\/moir.com.co\/web\/category\/pronunciamientos-de-organizaciones-sociales\/"},"img":{"alt_text":"","src":"","width":0,"height":0},"classes":[]},{"id":514,"url":"https:\/\/moir.com.co\/web\/exitoso-encuentro-de-dirigentes-del-sector-agropecuario-del-quindio-y-norte-del-valle\/","url_meta":{"origin":403,"position":2},"title":"EXITOSO ENCUENTRO DE DIRIGENTES DEL SECTOR AGROPECUARIO DEL QUIND\u00cdO Y NORTE DEL VALLE","author":"admin","date":"agosto 9, 2004","format":false,"excerpt":"Antonio Jos\u00e9 Guti\u00e9rrez Blanco, Armenia, mayo 5 de 2003 Con la presencia de 112 delegados de 15 municipios del Quind\u00edo y del norte de Valle, se llev\u00f3 a cabo, el 29 de abril en el Centro Recreacional de Confenalco del Alto del R\u00edo, en Calarc\u00e1 (Quind\u00edo), un exitoso encuentro de\u2026","rel":"","context":"En \u00abPronunciamientos de Organizaciones Sociales\u00bb","block_context":{"text":"Pronunciamientos de Organizaciones Sociales","link":"https:\/\/moir.com.co\/web\/category\/pronunciamientos-de-organizaciones-sociales\/"},"img":{"alt_text":"","src":"","width":0,"height":0},"classes":[]},{"id":10261,"url":"https:\/\/moir.com.co\/web\/por-que-los-cesarences-debemos-firmar-por-el-agro-nacional\/","url_meta":{"origin":403,"position":3},"title":"\u00bfPor qu\u00e9 los cesarences debemos firmar por el agro nacional?","author":"admin","date":"julio 15, 2016","format":false,"excerpt":"Desde hace unas semanas, Dignidad Agropecuaria Nacional, gremio que agrupa a campesinos y productores agropecuarios peque\u00f1os y grandes, en compa\u00f1\u00eda de varias organizaciones conscientes de la grave situaci\u00f3n por la que pasa el sector agr\u00edcola Colombiano, que ha vivido sendas movilizaciones durante los \u00faltimos 4 a\u00f1os, han decidido emprender la\u2026","rel":"","context":"En \u00abTemas\u00bb","block_context":{"text":"Temas","link":"https:\/\/moir.com.co\/web\/category\/temas\/"},"img":{"alt_text":"","src":"","width":0,"height":0},"classes":[]},{"id":20753,"url":"https:\/\/moir.com.co\/web\/politica-de-apertura-de-los-ultimos-gobiernos-llevo-a-la-ruina-el-agro\/","url_meta":{"origin":403,"position":4},"title":"POL\u00cdTICA DE APERTURA DE LOS \u00daLTIMOS GOBIERNOS LLEV\u00d3 A LA RUINA EL AGRO","author":"admin","date":"abril 8, 2005","format":false,"excerpt":"(Carta abierta al presidente de la Rep\u00fablica, aprobada por unanimidad, a manera de conclusiones, en el Congreso Nacional de Unidad Agropecuaria, realizado en Pereira el 10 de abril de 1997) Congreso Nacional de Unidad Agropecuaria. Muchas cosas han pasado en Colombia desde cuando se decidi\u00f3 someter el pa\u00eds al modelo\u2026","rel":"","context":"En \u00abTribuna Roja N\u00b0 71, Bogot\u00e1; abril 26 de 1997\u00bb","block_context":{"text":"Tribuna Roja N\u00b0 71, Bogot\u00e1; abril 26 de 1997","link":"https:\/\/moir.com.co\/web\/category\/tribuna-roja\/ediciones-1995-1999\/tribuna-roja-n-71-bogota-abril-26-de-1997\/"},"img":{"alt_text":"","src":"","width":0,"height":0},"classes":[]},{"id":11671,"url":"https:\/\/moir.com.co\/web\/declaracion-del-comite-ejecutivo-nacional-ampliado-de-dignidad-agropecuaria-colombiana\/","url_meta":{"origin":403,"position":5},"title":"Declaraci\u00f3n del Comit\u00e9 Ejecutivo Nacional Ampliado de Dignidad Agropecuaria Colombiana","author":"admin","date":"febrero 8, 2017","format":false,"excerpt":"Comit\u00e9 Ejecutivo Nacional Ampliado de Dignidad Agropecuaria Colombiana, Bogot\u00e1, febrero 3 de 2017 El Comit\u00e9 Ejecutivo Nacional Ampliado de Dignidad Agropecuaria Colombiana una vez analizadas las actividades adelantadas durante el a\u00f1o 2016 expresa su satisfacci\u00f3n por la labor realizada, en especial, la del Referendo por el Agro Nacional. Aunque no\u2026","rel":"","context":"En \u00abAgro\u00bb","block_context":{"text":"Agro","link":"https:\/\/moir.com.co\/web\/category\/temas\/agro\/"},"img":{"alt_text":"","src":"https:\/\/i0.wp.com\/moir.com.co\/web\/wp-content\/uploads\/2016\/11\/agricultura.jpg?fit=420%2C290&ssl=1&resize=350%2C200","width":350,"height":200},"classes":[]}],"jetpack_sharing_enabled":true,"_links":{"self":[{"href":"https:\/\/moir.com.co\/web\/wp-json\/wp\/v2\/posts\/403","targetHints":{"allow":["GET"]}}],"collection":[{"href":"https:\/\/moir.com.co\/web\/wp-json\/wp\/v2\/posts"}],"about":[{"href":"https:\/\/moir.com.co\/web\/wp-json\/wp\/v2\/types\/post"}],"author":[{"embeddable":true,"href":"https:\/\/moir.com.co\/web\/wp-json\/wp\/v2\/users\/1"}],"replies":[{"embeddable":true,"href":"https:\/\/moir.com.co\/web\/wp-json\/wp\/v2\/comments?post=403"}],"version-history":[{"count":0,"href":"https:\/\/moir.com.co\/web\/wp-json\/wp\/v2\/posts\/403\/revisions"}],"wp:attachment":[{"href":"https:\/\/moir.com.co\/web\/wp-json\/wp\/v2\/media?parent=403"}],"wp:term":[{"taxonomy":"category","embeddable":true,"href":"https:\/\/moir.com.co\/web\/wp-json\/wp\/v2\/categories?post=403"},{"taxonomy":"post_tag","embeddable":true,"href":"https:\/\/moir.com.co\/web\/wp-json\/wp\/v2\/tags?post=403"}],"curies":[{"name":"wp","href":"https:\/\/api.w.org\/{rel}","templated":true}]}}