{"id":402,"date":"2004-08-08T07:00:00","date_gmt":"2004-08-08T07:00:00","guid":{"rendered":"https:\/\/moir.org.co\/web\/carta-al-ministro-de-agricultura-sobre-el-problema-arrocero\/"},"modified":"2004-08-08T07:00:00","modified_gmt":"2004-08-08T07:00:00","slug":"carta-al-ministro-de-agricultura-sobre-el-problema-arrocero","status":"publish","type":"post","link":"https:\/\/moir.com.co\/web\/carta-al-ministro-de-agricultura-sobre-el-problema-arrocero\/","title":{"rendered":"CARTA AL MINISTRO DE AGRICULTURA SOBRE EL PROBLEMA ARROCERO"},"content":{"rendered":"<p>ASOCIACION NACIONAL POR LA SALVACION AGROPECUARIA<br \/>\nIbagu\u00e9, 20 de noviembre de 2001<\/p>\n<p>Doctor<br \/>\nRODRIGO VILLALBA MOSQUERA<br \/>\nMinistro de Agricultura y Desarrollo Rural<br \/>\nSanta F\u00e9 de Bogot\u00e1<\/p>\n<p>Se\u00f1or Ministro:<\/p>\n<p>Las entidades y personas firmantes, manifestamos a Ud. Nuestra preocupaci\u00f3n por el acontecer del mercado arrocero, fuertemente distorsionado por hechos que son de incumbencia del Estado y por lo mismo requieren de pronta atenci\u00f3n y remedio por parte del Ministerio de Agricultura.<\/p>\n<p>A pesar de haber culminado la cosecha arrocera, los precios del arroz blanco contin\u00faan a la baja, con grave perjuicio para Agricultores, Agroindustriales y Comercializadores, quienes habiendo almacenado arroz, se hallan en total incertidumbre por el comportamiento de los precios del producto; la raz\u00f3n de este fen\u00f3meno parece ser la continua entrada de arroz por la zona de Urab\u00e1, a pesar de los anuncios hechos por ese ministerio en el sentido de que se tomar\u00edan medidas, en acuerdo con la DIAN, a fin de impedir que ilegalmente siga entrando al mercado nacional ese arroz; seguimos a la espera de la respectiva resoluci\u00f3n, que nos permita contar con el instrumento legal que impida la competencia desleal que se da a trav\u00e9s de ese contrabando.<\/p>\n<p>La situaci\u00f3n del arroz Ecuatoriano que se est\u00e1 vendiendo en el mercado Nacional, es igualmente perturbadora del mercado, pues la inoperancia de la aduana permite que sin mayor control, los comerciantes de frontera sigan haciendo su agosto, sin que haya Ley ni Dios que se lo impida, y dejando inoperante la salvaguardia arrocera.<\/p>\n<p>M\u00e1s grave ser\u00e1 la situaci\u00f3n descrita si se permite la entrada legal de arroz Ecuatoriano, como lo vienen insinuando algunos actores de la cadena arrocera nacional. Consideramos absolutamente equivocado permitir que entre cualquier cantidad de arroz, que adem\u00e1s de innecesario es desestimulante y ruinoso.<\/p>\n<p>para quienes persistimos y aspiramos continuar en la actividad arrocera. No hay instrumentos de control suficientes y efectivos que nos garanticen que dichas licencias no sean la patente de corzo, para que entre otra cantidad de arroz de contrabando como sucedi\u00f3 en el pasado.<\/p>\n<p>Por lo anterior, solicitamos del Estado que Ud. Representa como responsable de la pol\u00edticas agropecuarias:<\/p>\n<p>1. Inmediato y efectivo control de la entrada de arroz extranjero por la zona de Urab\u00e1, mediante la expedici\u00f3n de la respectiva medida por parte de la DIAN.<\/p>\n<p>2. Control efectivo de la entrada de arroz Ecuatoriano oportunamente denunciado ante ese ministerio.<\/p>\n<p>3. Continuaci\u00f3n de la vigencia del incentivo al almacenamiento hasta tanto las condiciones de precios en el mercado nacional as\u00ed justifiquen.<\/p>\n<p>4. Suspensi\u00f3n de toda medida de importaci\u00f3n de arroz, que no solo dificulta el desarrollo del cultivo, sino que tambi\u00e9n impide la reactivaci\u00f3n de este sector hasta alcanzar la deseada meta de la autosuficiencia nacional.<\/p>\n<p>5. Control a los costos de los insumos que llevan un incremento en el transcurso del a\u00f1o de 16%, faltando el alza de diciembre que tradicionalmente es del 8 al 10%; este fen\u00f3meno sumado a las importaciones, ha originado la p\u00e9rdida de la poca rentabilidad alcanzada en el cultivo; muy equivocados est\u00e1n quienes atribuyen la falta de competitividad y la crisis a los costos en el valor del arrendamiento de la tierra en Colombia (Portafolio, 15 de noviembre de 2001, p\u00e1g. 10 Induarroz) m\u00e1ximo cuando en el 85% del \u00e1rea cultivable, el valor de \u00e9ste oscila entre $150.000 y $300.000 pesos por hect\u00e1rea (Meta, Casanare, Costa Atl\u00e1ntica, Huila y Norte del Tolima).<\/p>\n<p>Aspiramos a que se escuche este clamor con el fin de garantizar que la importante fuente de empleo que significa nuestra actividad se mantenga e incremente para bien nuestro y del conjunto de la sociedad Colombiana, y evitar protestas sociales por parte de los productores afectados por estas pol\u00edticas.<\/p>\n<p>Atentamente,<\/p>\n<p>ASOCIACION NACIONAL POR LA SALVACION AGROPECUARIA<\/p>\n<p>_____________________<\/p>\n<p>ANGEL MAR\u00cdA CABALLERO<\/p>\n<p>Presidente<\/p>\n<p>\u00a8 AGREMIACIONES Y DISTRITOS DE RIEGO QUE CON LA ASOCIACI\u00d3N NACIONAL POR LA SALVACI\u00d3N AGROPECUARIA RESPALDAN EL PRESENTE DOCUMENTO:<\/p>\n<p>\u00a8 AGAMETA<br \/>\n\u00a8 FEDERRIEGO<br \/>\n\u00a8 ARROCEROS DE CHIGORODO (Antioqu\u00eda)<br \/>\n\u00a8 DISTRITO DE RIEGO USOSALDA\u00d1A<br \/>\n\u00a8 DISTRITO DE RIEGO DE USOCOELLO<br \/>\n\u00a8 DISTRITO DE RIEGO DE ASORRECIO<br \/>\n\u00a8 DISTRITO DE RIEGO DE USOGUAMO<br \/>\n\u00a8 DISTRITO DE RIEGO DE ASOPRADO<br \/>\n\u00a8 DISTRITO DE RIEGO DE ASOZULIA<br \/>\n\u00a8 DISTRITO DE RIEGO AGRORETEN<br \/>\n\u00a8 DISTRITO DE RIEGO DE USOALFONSO<br \/>\n\u00a8 DISTRITO DE RIEGO DE ASOCOMBEIMA<br \/>\n\u00a8 DISTRITO DE RIEGO DE ASOJUNCAL<\/p>\n<p>C.C. Presidencia de la Rep\u00fablica, Congresistas del Dpto. del Tolima y del Meta, Ministerio de Comercio Exterior, Fedearroz, Induarroz, Moliarroz y Centro de Productividad del Tolima.<\/p>\n","protected":false},"excerpt":{"rendered":"<p>ASOCIACION NACIONAL POR LA SALVACION AGROPECUARIA Ibagu\u00e9, 20 de noviembre de 2001 Doctor RODRIGO VILLALBA MOSQUERA Ministro de Agricultura y Desarrollo Rural Santa F\u00e9 de Bogot\u00e1 Se\u00f1or Ministro: Las entidades y personas firmantes, manifestamos a Ud. Nuestra preocupaci\u00f3n por el acontecer del mercado arrocero, fuertemente distorsionado por hechos que son de incumbencia del Estado y [&hellip;]<\/p>\n","protected":false},"author":1,"featured_media":0,"comment_status":"open","ping_status":"open","sticky":false,"template":"","format":"standard","meta":{"advanced_seo_description":"","jetpack_seo_html_title":"","jetpack_seo_noindex":false,"_jetpack_memberships_contains_paid_content":false,"footnotes":""},"categories":[7],"tags":[],"class_list":["post-402","post","type-post","status-publish","format-standard","hentry","category-pronunciamientos-de-organizaciones-sociales"],"jetpack_featured_media_url":"","jetpack-related-posts":[{"id":13240,"url":"https:\/\/moir.com.co\/web\/arroz-contienda-con-el-oligopolio-los-tlc-y-el-gobierno-santos\/","url_meta":{"origin":402,"position":0},"title":"Arroz, contienda con el oligopolio, los TLC y el Gobierno Santos","author":"admin","date":"septiembre 3, 2017","format":false,"excerpt":"Oscar Guti\u00e9rrez Reyes,\u00a0Director Ejecutivo Nacional\u00a0Dignidad Agropecuaria Colombiana, septiembre 3 de 2017 Ayer, 29 de agosto, tal y como estaba previsto y acordado, se realiz\u00f3 el Paro Nacional Arrocero. En las carreteras de Arauca, Casanare, Meta, Cesar, Norte de Santander, Tolima y Huila caminaron o se instalaron m\u00e1s de 8.000 productores\u2026","rel":"","context":"En \u00abAgro\u00bb","block_context":{"text":"Agro","link":"https:\/\/moir.com.co\/web\/category\/temas\/agro\/"},"img":{"alt_text":"","src":"https:\/\/i0.wp.com\/moir.com.co\/web\/wp-content\/uploads\/2017\/09\/tlccampasinado.jpeg?fit=729%2C536&ssl=1&resize=350%2C200","width":350,"height":200,"srcset":"https:\/\/i0.wp.com\/moir.com.co\/web\/wp-content\/uploads\/2017\/09\/tlccampasinado.jpeg?fit=729%2C536&ssl=1&resize=350%2C200 1x, https:\/\/i0.wp.com\/moir.com.co\/web\/wp-content\/uploads\/2017\/09\/tlccampasinado.jpeg?fit=729%2C536&ssl=1&resize=525%2C300 1.5x, https:\/\/i0.wp.com\/moir.com.co\/web\/wp-content\/uploads\/2017\/09\/tlccampasinado.jpeg?fit=729%2C536&ssl=1&resize=700%2C400 2x"},"classes":[]},{"id":14659,"url":"https:\/\/moir.com.co\/web\/hay-que-evitar-la-ruina-de-nuestros-arroceros\/","url_meta":{"origin":402,"position":1},"title":"Hay que evitar la ruina de nuestros arroceros","author":"admin","date":"marzo 5, 2018","format":false,"excerpt":"Oficina de prensa del senador Jorge Enrique Robledo, Bogot\u00e1, marzo 4 de 2018 En carta dirigida al ministro de Agricultura, doctor Juan Guillermo Zuluaga, el senador Jorge Enrique Robledo explica que los 16 mil arroceros colombianos est\u00e1n en riesgo de desaparecer por las malas pol\u00edticas agrarias y los incumplimientos del\u2026","rel":"","context":"En \u00abAgro\u00bb","block_context":{"text":"Agro","link":"https:\/\/moir.com.co\/web\/category\/temas\/agro\/"},"img":{"alt_text":"","src":"https:\/\/i0.wp.com\/moir.com.co\/web\/wp-content\/uploads\/2018\/03\/arrozquiebra2018.jpg?fit=768%2C480&ssl=1&resize=350%2C200","width":350,"height":200,"srcset":"https:\/\/i0.wp.com\/moir.com.co\/web\/wp-content\/uploads\/2018\/03\/arrozquiebra2018.jpg?fit=768%2C480&ssl=1&resize=350%2C200 1x, https:\/\/i0.wp.com\/moir.com.co\/web\/wp-content\/uploads\/2018\/03\/arrozquiebra2018.jpg?fit=768%2C480&ssl=1&resize=525%2C300 1.5x, https:\/\/i0.wp.com\/moir.com.co\/web\/wp-content\/uploads\/2018\/03\/arrozquiebra2018.jpg?fit=768%2C480&ssl=1&resize=700%2C400 2x"},"classes":[]},{"id":11404,"url":"https:\/\/moir.com.co\/web\/colombia-siembra-desastre-en-arroz\/","url_meta":{"origin":402,"position":2},"title":"Colombia Siembra: desastre en arroz","author":"admin","date":"diciembre 28, 2016","format":false,"excerpt":"Eudoro Alvarez Cohecha, Villavicencio, diciembre 28 de 2016 Mucho dinero ha invertido el gobierno nacional en publicidad y en tiempo del Ministro de Agricultura para promover el llamado plan de \u201cColombia siembra\u201d, veamos un ejercicio para evaluar este programa en el caso espec\u00edfico del arroz. Comencemos con lo dicho por\u2026","rel":"","context":"En \u00abAgro\u00bb","block_context":{"text":"Agro","link":"https:\/\/moir.com.co\/web\/category\/temas\/agro\/"},"img":{"alt_text":"","src":"","width":0,"height":0},"classes":[]},{"id":13179,"url":"https:\/\/moir.com.co\/web\/respaldemos-a-los-productores-de-arroz\/","url_meta":{"origin":402,"position":3},"title":"Respaldemos a los productores de Arroz","author":"admin","date":"agosto 24, 2017","format":false,"excerpt":"Pronunciamiento de Dignidad Arrocera y Agropecuaria,\u00a0Bogot\u00e1, 23 de Agosto de 2017 Realizada la Audiencia P\u00fablica solicitada por arroceros de Casanare y concedida por la Comisi\u00f3n V de la C\u00e1mara de Representantes y que cont\u00f3 con la presencia de 3 Senadores de la Rep\u00fablica, los arroceros pertenecientes a Dignidad Arrocera y\u2026","rel":"","context":"En \u00abAgro\u00bb","block_context":{"text":"Agro","link":"https:\/\/moir.com.co\/web\/category\/temas\/agro\/"},"img":{"alt_text":"","src":"","width":0,"height":0},"classes":[]},{"id":5819,"url":"https:\/\/moir.com.co\/web\/plagas-del-arroz-tienen-causas-economicas-y-sociales-no-solo-climaticas-afirma-el-senador-robledo\/","url_meta":{"origin":402,"position":4},"title":"Plagas del arroz tienen causas econ\u00f3micas y sociales, no solo clim\u00e1ticas, afirma el senador Robledo","author":"admin","date":"agosto 2, 2011","format":false,"excerpt":"P\u00e9rdidas multimillonarias. Hoy, 400 mil hect\u00e1reas menos de cultivos que en 1990, seg\u00fan el DANE. Dice el ministro Restrepo que, aunque el arroz colombiano no sea competitivo frente al de EU, de todos modos habr\u00e1 TLC. Se crea la Asociaci\u00f3n por la Dignidad Arrocera. Las plagas que hoy infestan los\u2026","rel":"","context":"En \u00abJorge Enrique Robledo\u00bb","block_context":{"text":"Jorge Enrique Robledo","link":"https:\/\/moir.com.co\/web\/category\/jorge-enrique-robledo\/"},"img":{"alt_text":"","src":"https:\/\/i0.wp.com\/img.youtube.com\/vi\/99g_yZmp650\/0.jpg?resize=350%2C200","width":350,"height":200},"classes":[]},{"id":7381,"url":"https:\/\/moir.com.co\/web\/cucarachero-hace-nido-pal-turpial\/","url_meta":{"origin":402,"position":5},"title":"\u201cCucarachero hace nido p\u2019al turpial\u201d","author":"admin","date":"marzo 17, 2013","format":false,"excerpt":"Delegaciones provenientes del Huila, Tolima, Meta, Casanare, Arauca y adherentes de Sucre y el Cesar, en vibrante asamblea realizada en Villavicencio, le pusieron \u201clos puntos sobre la \u00edes\u201d al gobierno nacional y reiteraron los reclamos del petitorio elaborado con motivo de la movilizaci\u00f3n nacional realizada por Dignidad Arrocera el 8\u2026","rel":"","context":"En \u00abTemas\u00bb","block_context":{"text":"Temas","link":"https:\/\/moir.com.co\/web\/category\/temas\/"},"img":{"alt_text":"","src":"","width":0,"height":0},"classes":[]}],"jetpack_sharing_enabled":true,"_links":{"self":[{"href":"https:\/\/moir.com.co\/web\/wp-json\/wp\/v2\/posts\/402","targetHints":{"allow":["GET"]}}],"collection":[{"href":"https:\/\/moir.com.co\/web\/wp-json\/wp\/v2\/posts"}],"about":[{"href":"https:\/\/moir.com.co\/web\/wp-json\/wp\/v2\/types\/post"}],"author":[{"embeddable":true,"href":"https:\/\/moir.com.co\/web\/wp-json\/wp\/v2\/users\/1"}],"replies":[{"embeddable":true,"href":"https:\/\/moir.com.co\/web\/wp-json\/wp\/v2\/comments?post=402"}],"version-history":[{"count":0,"href":"https:\/\/moir.com.co\/web\/wp-json\/wp\/v2\/posts\/402\/revisions"}],"wp:attachment":[{"href":"https:\/\/moir.com.co\/web\/wp-json\/wp\/v2\/media?parent=402"}],"wp:term":[{"taxonomy":"category","embeddable":true,"href":"https:\/\/moir.com.co\/web\/wp-json\/wp\/v2\/categories?post=402"},{"taxonomy":"post_tag","embeddable":true,"href":"https:\/\/moir.com.co\/web\/wp-json\/wp\/v2\/tags?post=402"}],"curies":[{"name":"wp","href":"https:\/\/api.w.org\/{rel}","templated":true}]}}