{"id":3605,"date":"2009-10-03T18:10:16","date_gmt":"2009-10-03T18:10:16","guid":{"rendered":"https:\/\/moir.org.co\/web\/declaracion-de-la-xlv-junta-nacional-de-la-cut-contra-las-politicas-imperialistas-y-la-reeleccion-uribista\/"},"modified":"2009-10-03T18:10:16","modified_gmt":"2009-10-03T18:10:16","slug":"declaracion-de-la-xlv-junta-nacional-de-la-cut-contra-las-politicas-imperialistas-y-la-reeleccion-uribista","status":"publish","type":"post","link":"https:\/\/moir.com.co\/web\/declaracion-de-la-xlv-junta-nacional-de-la-cut-contra-las-politicas-imperialistas-y-la-reeleccion-uribista\/","title":{"rendered":"DECLARACI\u00d3N DE LA XLV JUNTA NACIONAL DE LA CUT: Contra las pol\u00edticas imperialistas y la reelecci\u00f3n uribista"},"content":{"rendered":"<p>La Junta Directiva Nacional de nuestra Central sesiona en medio de la mayor agresi\u00f3n imperialista a nuestra soberan\u00eda nacional, desde la p\u00e9rdida de Panam\u00e1: El acuerdo militar con el gobierno de Estados Unidos para instalar sofisticados equipos y armamento y estacionar tropas en siete (7) bases militares colombianas. Con ello, no solo aumenta la presencia militar gringa en nuestro territorio, pues desde el Plan Colombia intervienen en el pa\u00eds, sino que amenaza la soberan\u00eda de las naciones de Suram\u00e9rica e incluso posibilita ataques contra el continente africano. El ilegal e inconstitucional acuerdo, nos convierte en portaaviones de las fuerzas armadas gringas y en ariete contra UNASUR y contra las manifestaciones de independencia y soberan\u00eda que refrescan a Am\u00e9rica Latina. Lo anterior afecta la b\u00fasqueda de una soluci\u00f3n pol\u00edtica negociada al conflicto interno. <\/p>\n<p>Este despliegue militar gringo tiene como objetivo persistir en imponerle a las naciones de Suram\u00e9rica y \u00c1frica, nefastas pol\u00edticas econ\u00f3micas, saquear sus recursos naturales estrat\u00e9gicos, explotar mano de obra barata y apoderarse de los mercados internos. En resumen recolonizar econ\u00f3mica, pol\u00edtica y militarmente a esta zona del planeta. El gobierno de Uribe y los sectores m\u00e1s retardatarios del pa\u00eds defienden este  antinacional acuerdo militar, cuyo contenido sigue siendo reserva del gobierno de Colombia y el Departamento de Estado gringo. <\/p>\n<p>En el terreno econ\u00f3mico las cifras desnudan la calamitosa situaci\u00f3n a que nos ha conducido la aplicaci\u00f3n a rajatabla de las pol\u00edticas neoliberales por \u00c1lvaro Uribe: Desempleo, informalidad, pobreza e indigencia, crecimiento de la deuda externa, decrecimiento de la econom\u00eda, balanza de pago negativa, d\u00e9ficit fiscal exorbitante, ca\u00edda de las exportaciones, p\u00e9rdida de la soberan\u00eda alimentaria, cierre de empresas, entre otros. En resumen estamos viviendo el mayor retroceso econ\u00f3mico de nuestra historia. <\/p>\n<p>En la base de la pir\u00e1mide neoliberal y de recolonizaci\u00f3n estamos los trabajadores colombianos soportando el rigor de la quiebra de la producci\u00f3n nacional, de la privatizaci\u00f3n de los servicios p\u00fablicos domiciliarios, la salud y la educaci\u00f3n, las desnacionalizaciones, entre otros, es decir la negaci\u00f3n absoluta de los derechos de asociaci\u00f3n y negociaci\u00f3n. As\u00ed lo evidencian las distintas reformas laborales y pensionales, la negaci\u00f3n de la estabilidad a los provisionales y de la negociaci\u00f3n a los empleados p\u00fablicos, la implementaci\u00f3n de la tercerizaci\u00f3n laboral, la imposici\u00f3n de los aumentos salariales para el sector privado y estatal, la oleada de despidos en el sector privado y la violencia contra los sindicalistas. <\/p>\n<p>Estas pol\u00edticas se aplican aparejadas con un rampante autoritarismo, trato represivo a las luchas populares, persecuci\u00f3n y se\u00f1alamientos contra la oposici\u00f3n y quebrantamiento descarado del Estado de Derecho y de la fr\u00e1gil democracia colombiana. <\/p>\n<p>Los esc\u00e1ndalos abundan, la \u201cparapol\u00edtica\u201d, la \u201cyidispol\u00edtica\u201d, las chuzadas y hostigamiento a las Cortes, Centrales Obreras  y la oposici\u00f3n, las actuaciones criminales del DAS, el tramite para imponer la convocatoria al referendo reeleccionista, la impunidad y el ocultamiento de la verdad sobre el paramilitarismo, el asesinato de dirigentes sindicales y populares. <\/p>\n<p>La corrupci\u00f3n imperante: Agro Ingreso Seguro, Notar\u00edas, Inco, las andanzas de los hijos de Uribe, los negociados de las multinacionales, las exenciones tributarias, la desviaci\u00f3n de los recursos de la salud, entre muchos m\u00e1s. <\/p>\n<p>Ante el desolador panorama de p\u00e9rdida de la soberan\u00eda y de la democracia como consecuencia de la sumisi\u00f3n a las pol\u00edticas imperialistas y del pu\u00f1ado de lacayos que las alcahuetean, los trabajadores colombianos y los distintos sectores de oposici\u00f3n hemos recurrido a la denuncia nacional e internacional y a convocar al pueblo colombiano a la movilizaci\u00f3n social y a la lucha pol\u00edtica. La CUT orienta a todos sus afiliados a organizar y acompa\u00f1ar todas las actividades de protesta que desde el Comando Nacional Unitario, la Gran Coalici\u00f3n Democr\u00e1tica, la Minga Ind\u00edgena y Social, el sector agrario y campesino, las organizaciones de usuarios de los servicios p\u00fablicos y ambientalistas, las organizaciones estudiantiles y juveniles, los movimientos de desplazados y de v\u00edctimas de la violencia, los defensores de derechos humanos, en fin todas las manifestaciones de rechazo contra la agresi\u00f3n imperialista y el gobierno de \u00c1lvaro Uribe. <\/p>\n<p>En este marco orientamos a apoyar decididamente las movilizaciones del 7 de octubre  D\u00eda Mundial por el Trabajo Decente, la Minga Social e Ind\u00edgena del 8 al 17 de octubre, el Paro Nacional de los Trabajadores Estatales del 14 de octubre por la estabilidad laboral de los provisionales y de respaldo a los conflictos de la Rama Judicial, la salud, las Empresas Municipales de Cali EMCALI, la Empresa de Tel\u00e9fonos de Bogot\u00e1 ETB,  el magisterio y el Sena, la marcha contra el Hambre y la Pobreza de la Costa Caribe a realizarse del 12 al 14 de octubre, entre otras. <\/p>\n<p>Igualmente llamamos a que el 10 de diciembre, D\u00eda Mundial de los Derechos Humanos, hagamos la m\u00e1s grande movilizaci\u00f3n de fin de a\u00f1o contra el autoritarismo y la negaci\u00f3n de los derechos econ\u00f3micos y democr\u00e1ticos de los colombianos. La CUT convocar\u00e1 el II Encuentro Nacional de V\u00edctimas de la Violencia Antisindical, los d\u00edas 19 y 20 de noviembre en la ciudad de Medell\u00edn. <\/p>\n<p>Las tareas deben incluir la constante exhortaci\u00f3n a la lucha contra la aprobaci\u00f3n del referendo reeleccionista, la campa\u00f1a de abstenci\u00f3n activa contra el mismo, la denuncia de los nefastos Tratados de Libre Comercio y la exigencia del retiro de las tropas norteamericanas de nuestro territorio. Mantener nuestro acompa\u00f1amiento solidario al pueblo de Honduras en su lucha por restablecer la democracia y derrotar a los golpistas. <\/p>\n<p>La CUT llama a la concreci\u00f3n de la m\u00e1s amplia coalici\u00f3n de la oposici\u00f3n, sobre la base  de defender la soberan\u00eda nacional, cambiar el modelo econ\u00f3mico y recobrar para la poblaci\u00f3n los derechos econ\u00f3micos y el ejercicio de las libertades democr\u00e1ticas, comenzando por los derechos de asociaci\u00f3n y negociaci\u00f3n para los trabajadores. <\/p>\n<p>\u00a1No a las bases militares norteamericanas!            <\/p>\n<p>\u00a1No al referendo reeleccionista!<\/p>\n<p>\u00a1No m\u00e1s Uribe! <\/p>\n<p>TARSICIO MORA GODOY<br \/>\nPresidente<\/p>\n<p>DOMINGO TOVAR  ARRIETA<br \/>\nSecretario General<\/p>\n","protected":false},"excerpt":{"rendered":"<p>La Junta Directiva Nacional de nuestra Central sesiona en medio de la mayor agresi\u00f3n imperialista a nuestra soberan\u00eda nacional, desde la p\u00e9rdida de Panam\u00e1: El acuerdo militar con el gobierno de Estados Unidos para instalar sofisticados equipos y armamento y estacionar tropas en siete (7) bases militares colombianas. Con ello, no solo aumenta la presencia [&hellip;]<\/p>\n","protected":false},"author":1,"featured_media":0,"comment_status":"open","ping_status":"open","sticky":false,"template":"","format":"standard","meta":{"advanced_seo_description":"","jetpack_seo_html_title":"","jetpack_seo_noindex":false,"_jetpack_memberships_contains_paid_content":false,"footnotes":""},"categories":[7],"tags":[],"class_list":["post-3605","post","type-post","status-publish","format-standard","hentry","category-pronunciamientos-de-organizaciones-sociales"],"jetpack_featured_media_url":"","jetpack-related-posts":[{"id":2811,"url":"https:\/\/moir.com.co\/web\/no-a-las-bases-militares-gringas-en-nuestro-territorio\/","url_meta":{"origin":3605,"position":0},"title":"\u00a1No a las bases militares gringas en nuestro territorio!","author":"admin","date":"marzo 11, 2009","format":false,"excerpt":"En el mismo momento en que el presidente Rafael Correa anunci\u00f3 la terminaci\u00f3n del acuerdo que permite el uso por parte de Estados Unidos de la Base Militar de Manta, en el Pacifico ecuatoriano, se presentaron varios rumores sobre las distintas opciones a las cuales recurrir\u00eda el imperio para suplir\u2026","rel":"","context":"En \u00abPronunciamientos de Organizaciones Sociales\u00bb","block_context":{"text":"Pronunciamientos de Organizaciones Sociales","link":"https:\/\/moir.com.co\/web\/category\/pronunciamientos-de-organizaciones-sociales\/"},"img":{"alt_text":"","src":"","width":0,"height":0},"classes":[]},{"id":4181,"url":"https:\/\/moir.com.co\/web\/las-bases-gringas-son-inconstitucionales\/","url_meta":{"origin":3605,"position":1},"title":"Las bases gringas son inconstitucionales","author":"admin","date":"marzo 3, 2010","format":false,"excerpt":"El senador Jorge Enrique Robledo solicit\u00f3 a la Corte Constitucional declarar la inconstitucionalidad del tratado que le permite a Estados Unidos usar de manera exclusiva siete bases colombianas. Robledo hizo la solicitud dentro del tr\u00e1mite de la demanda de inconstitucionalidad presentada por un grupo de ciudadanos. Seg\u00fan el congresista del\u2026","rel":"","context":"En \u00abJorge Enrique Robledo\u00bb","block_context":{"text":"Jorge Enrique Robledo","link":"https:\/\/moir.com.co\/web\/category\/jorge-enrique-robledo\/"},"img":{"alt_text":"","src":"","width":0,"height":0},"classes":[]},{"id":4456,"url":"https:\/\/moir.com.co\/web\/hillary-clinton-visita-no-grata\/","url_meta":{"origin":3605,"position":2},"title":"Hillary Clinton: visita no grata","author":"admin","date":"junio 8, 2010","format":false,"excerpt":"Esta noche llega al pa\u00eds la Secretaria de Estado de Estados Unidos, Hillary Clinton, usando como pretexto la lucha antidrogas, pero con el mandato de pasar revista a las nuevas adquisiciones de su pa\u00eds con la firma del acuerdo militar, que le posibilita tener control sobre siete bases militares, o\u2026","rel":"","context":"En \u00abTemas\u00bb","block_context":{"text":"Temas","link":"https:\/\/moir.com.co\/web\/category\/temas\/"},"img":{"alt_text":"","src":"","width":0,"height":0},"classes":[]},{"id":3293,"url":"https:\/\/moir.com.co\/web\/el-acuerdo-que-permite-bases-militares-de-ee-uu-viola-la-soberania-agrede-los-pueblos-vecinos-y-es-inconstitucional\/","url_meta":{"origin":3605,"position":3},"title":"EL ACUERDO QUE PERMITE BASES MILITARES DE EE.UU  VIOLA LA SOBERANIA, AGREDE LOS PUEBLOS VECINOS Y ES INCONSTITUCIONAL","author":"admin","date":"julio 18, 2009","format":false,"excerpt":"Haciendo uso de atribuciones dictatoriales y arbitrarias el gobierno de \u00c1lvaro Uribe negocia con Washington la instalaci\u00f3n de tropas y equipos estadounidenses en el territorio nacional, inicialmente en Malambo (Atl\u00e1ntico), Palanquero (Dorada, Caldas) Y Apiay (Meta), posteriormente lo har\u00eda en otras dos bases navales del pa\u00eds. Por supuesto, los colombianos\u2026","rel":"","context":"En \u00abTemas\u00bb","block_context":{"text":"Temas","link":"https:\/\/moir.com.co\/web\/category\/temas\/"},"img":{"alt_text":"","src":"","width":0,"height":0},"classes":[]},{"id":4535,"url":"https:\/\/moir.com.co\/web\/logica-guerrerista-de-washington-arrasa-con-la-soberania-costarricense\/","url_meta":{"origin":3605,"position":4},"title":"L\u00f3gica guerrerista de Washington arrasa con la soberan\u00eda costarricense","author":"admin","date":"julio 6, 2010","format":false,"excerpt":"Condenamos mayor\u00eda parlamentaria que autoriz\u00f3 abusiva presencia militar gringa en suelo tico; decisi\u00f3n equiparable a una traici\u00f3n a la Patria. En la pr\u00e1ctica se trata de una invasi\u00f3n. 7 mil marines transitando por suelo nacional, 46 buques de guerra, 200 helic\u00f3pteros artillados (entre ellos los Black Hawck), aviones de combate\u2026","rel":"","context":"En \u00abPronunciamientos de Organizaciones Sociales\u00bb","block_context":{"text":"Pronunciamientos de Organizaciones Sociales","link":"https:\/\/moir.com.co\/web\/category\/pronunciamientos-de-organizaciones-sociales\/"},"img":{"alt_text":"","src":"","width":0,"height":0},"classes":[]},{"id":4664,"url":"https:\/\/moir.com.co\/web\/fallo-sobre-inconstitucionalidad-de-las-bases-gringas-nos-da-la-razon-robledo\/","url_meta":{"origin":3605,"position":5},"title":"\u201cFallo sobre inconstitucionalidad de las bases gringas nos da la raz\u00f3n\u201d: Robledo","author":"admin","date":"agosto 18, 2010","format":false,"excerpt":"Tras conocerse el fallo de la Corte Constitucional que declar\u00f3 la inconstitucionalidad del acuerdo militar con Estados Unidos, el senador Jorge Enrique Robledo celebr\u00f3 que se haya hundido un tratado que viola de manera grav\u00edsima la soberan\u00eda nacional y afirm\u00f3 que la sentencia les dio la raz\u00f3n a quienes desde\u2026","rel":"","context":"En \u00abJorge Enrique Robledo\u00bb","block_context":{"text":"Jorge Enrique Robledo","link":"https:\/\/moir.com.co\/web\/category\/jorge-enrique-robledo\/"},"img":{"alt_text":"","src":"","width":0,"height":0},"classes":[]}],"jetpack_sharing_enabled":true,"_links":{"self":[{"href":"https:\/\/moir.com.co\/web\/wp-json\/wp\/v2\/posts\/3605","targetHints":{"allow":["GET"]}}],"collection":[{"href":"https:\/\/moir.com.co\/web\/wp-json\/wp\/v2\/posts"}],"about":[{"href":"https:\/\/moir.com.co\/web\/wp-json\/wp\/v2\/types\/post"}],"author":[{"embeddable":true,"href":"https:\/\/moir.com.co\/web\/wp-json\/wp\/v2\/users\/1"}],"replies":[{"embeddable":true,"href":"https:\/\/moir.com.co\/web\/wp-json\/wp\/v2\/comments?post=3605"}],"version-history":[{"count":0,"href":"https:\/\/moir.com.co\/web\/wp-json\/wp\/v2\/posts\/3605\/revisions"}],"wp:attachment":[{"href":"https:\/\/moir.com.co\/web\/wp-json\/wp\/v2\/media?parent=3605"}],"wp:term":[{"taxonomy":"category","embeddable":true,"href":"https:\/\/moir.com.co\/web\/wp-json\/wp\/v2\/categories?post=3605"},{"taxonomy":"post_tag","embeddable":true,"href":"https:\/\/moir.com.co\/web\/wp-json\/wp\/v2\/tags?post=3605"}],"curies":[{"name":"wp","href":"https:\/\/api.w.org\/{rel}","templated":true}]}}