{"id":3563,"date":"2009-09-21T16:16:42","date_gmt":"2009-09-21T16:16:42","guid":{"rendered":"https:\/\/moir.org.co\/web\/condolencias-por-el-fallecimiento-del-companero-luis-angel-lemos-mosquera\/"},"modified":"2009-09-21T16:16:42","modified_gmt":"2009-09-21T16:16:42","slug":"condolencias-por-el-fallecimiento-del-companero-luis-angel-lemos-mosquera","status":"publish","type":"post","link":"https:\/\/moir.com.co\/web\/condolencias-por-el-fallecimiento-del-companero-luis-angel-lemos-mosquera\/","title":{"rendered":"CONDOLENCIAS POR EL FALLECIMIENTO DEL COMPA\u00d1ERO LUIS \u00c1NGEL LEMOS MOSQUERA"},"content":{"rendered":"<p>Apreciados compa\u00f1eros:<\/p>\n<p>En la tarde de ayer, domingo 20 de septiembre, recibimos la dolorosa noticia del fallecimiento del compa\u00f1ero Luis \u00c1ngel Lemus Mosquera, bi\u00f3logo de profesi\u00f3n y profesor de la Universidad Tecnol\u00f3gica del Choc\u00f3 durante varias d\u00e9cadas. Un infarto, sufrido luego de un accidente n\u00e1utico en las cercan\u00edas de Bah\u00eda Cupica, donde adelantaba actividades profesionales, puso fin a su fruct\u00edfera existencia.<\/p>\n<p>Lucho, como cari\u00f1osamente lo llamamos en vida, fue un militante infatigable de la organizaci\u00f3n profesoral, defensor de la educaci\u00f3n p\u00fablica y de los derechos de los docentes universitarios. En varias oportunidades presidi\u00f3 la seccional del Choco de la Asociaci\u00f3n Sindical de Profesores Universitarios y en la actualidad ocupaba la presidencia de la Central Unitaria de Trabajadores \u2013CUT-, en ese departamento.<\/p>\n<p>Podemos afirmar, sin temor a equivocarnos, que no hubo causa justa en favor de los habitantes de esta olvidada regi\u00f3n de la patria que no contara con su decidido respaldo y entusiasta concurso. Continuar la lucha por los objetivos que Lucho abraz\u00f3 en vida, es el mejor homenaje que podemos ofrecer a la memoria de este dirigente de la izquierda democr\u00e1tica que con fervor emprendi\u00f3 la tarea de construir en Colombia una alternativa pol\u00edtica promisoria, en compa\u00f1\u00eda de importantes dirigentes nacionales como el senador Jorge Enrique Robledo y el maestro Carlos Gaviria D\u00edaz, dentro de su partido el Polo Democr\u00e1tico Alternativo. Estamos seguros que su ejemplo de vida iluminar\u00e1 el camino que los chocoanos habr\u00e1n de transitar en busca del progreso y la prosperidad para sus gentes, en compa\u00f1\u00eda del resto de colombianos.<\/p>\n<p>Nos unimos a los sentimientos de dolor que embargan a sus familiares, amigos y allegados, a la comunidad universitaria y acad\u00e9mica del Choco, a quienes extendemos nuestras m\u00e1s sentidas condolencias.<\/p>\n<p>Gonzalo Arango Jim\u00e9nez<br \/>\nPresidente<\/p>\n","protected":false},"excerpt":{"rendered":"<p>Apreciados compa\u00f1eros: En la tarde de ayer, domingo 20 de septiembre, recibimos la dolorosa noticia del fallecimiento del compa\u00f1ero Luis \u00c1ngel Lemus Mosquera, bi\u00f3logo de profesi\u00f3n y profesor de la Universidad Tecnol\u00f3gica del Choc\u00f3 durante varias d\u00e9cadas. Un infarto, sufrido luego de un accidente n\u00e1utico en las cercan\u00edas de Bah\u00eda Cupica, donde adelantaba actividades profesionales, [&hellip;]<\/p>\n","protected":false},"author":1,"featured_media":0,"comment_status":"open","ping_status":"open","sticky":false,"template":"","format":"standard","meta":{"advanced_seo_description":"","jetpack_seo_html_title":"","jetpack_seo_noindex":false,"_jetpack_memberships_contains_paid_content":false,"footnotes":""},"categories":[7],"tags":[],"class_list":["post-3563","post","type-post","status-publish","format-standard","hentry","category-pronunciamientos-de-organizaciones-sociales"],"jetpack_featured_media_url":"","jetpack-related-posts":[{"id":3558,"url":"https:\/\/moir.com.co\/web\/polo-democratico-alternativo-del-choco-lamenta-la-muerte-de-luis-angel-lemos-mosquera\/","url_meta":{"origin":3563,"position":0},"title":"Polo Democr\u00e1tico Alternativo del Choc\u00f3 lamenta la  muerte de Luis \u00c1ngel Lemos Mosquera","author":"admin","date":"septiembre 21, 2009","format":false,"excerpt":"Con profundo dolor registramos el inesperado fallecimiento de nuestro querido compa\u00f1ero Luis \u00c1ngel Lemos Mosquera, miembro de la direcci\u00f3n regional del Polo Democr\u00e1tico en el Choc\u00f3. Lucho, como cari\u00f1osamente lo llam\u00e1bamos, se encontraba dirigiendo una investigaci\u00f3n sobre manglares en la zona de Cupica, Bah\u00eda Solano, cuando muri\u00f3 en un accidente\u2026","rel":"","context":"En \u00abPolo Democr\u00e1tico Alternativo\u00bb","block_context":{"text":"Polo Democr\u00e1tico Alternativo","link":"https:\/\/moir.com.co\/web\/category\/polo-democratico-alternativo\/"},"img":{"alt_text":"","src":"","width":0,"height":0},"classes":[]},{"id":3560,"url":"https:\/\/moir.com.co\/web\/fallecio-el-camarada-luis-angel-lemos-mosquera\/","url_meta":{"origin":3563,"position":1},"title":"FALLECI\u00d3 EL CAMARADA LUIS \u00c1NGEL LEMOS MOSQUERA","author":"admin","date":"septiembre 21, 2009","format":false,"excerpt":"Ayer, 20 de septiembre, falleci\u00f3 en Cupica, Bah\u00eda Solano, Luis \u00c1ngel Lemos Mosquera, integrante del Comit\u00e9 Regional del MOIR en Choc\u00f3 y de la Coordinadora Departamental del Polo Democr\u00e1tico Alternativo y presidente de la Subdirectiva de la Central Unitaria de Trabajadores, CUT. Luis \u00c1ngel era un veterano dirigente de la\u2026","rel":"","context":"En \u00abEscritos del Moir\u00bb","block_context":{"text":"Escritos del Moir","link":"https:\/\/moir.com.co\/web\/category\/moir\/escritos-del-moir\/"},"img":{"alt_text":"","src":"","width":0,"height":0},"classes":[]},{"id":3561,"url":"https:\/\/moir.com.co\/web\/condolencias-por-el-camarada-luis-angel-lemos-mosquera\/","url_meta":{"origin":3563,"position":2},"title":"CONDOLENCIAS POR EL CAMARADA LUIS \u00c1NGEL LEMOS MOSQUERA","author":"admin","date":"septiembre 21, 2009","format":false,"excerpt":"A DO\u00d1A ITA RENTER\u00cdA DE LEMOS A MOIRA, MARCELA, LUISA Y ESTHER LUC\u00cdA AL COMIT\u00c9 REGIONAL DEL MOIR Expreso a Ustedes mi m\u00e1s sentidas condolencias por la tr\u00e1gica muerte ayer domingo, en Cupica, Bah\u00eda Solano, mientras laboraba en una investigaci\u00f3n sobre manglares, de nuestro querido camarada Luis \u00c1ngel Lemos Mosquera.\u2026","rel":"","context":"En \u00abJorge Enrique Robledo\u00bb","block_context":{"text":"Jorge Enrique Robledo","link":"https:\/\/moir.com.co\/web\/category\/jorge-enrique-robledo\/"},"img":{"alt_text":"","src":"","width":0,"height":0},"classes":[]},{"id":20845,"url":"https:\/\/moir.com.co\/web\/partidos-sindicatos-y-personalidades-exaltan\/","url_meta":{"origin":3563,"position":3},"title":"PARTIDOS, SINDICATOS Y PERSONALIDADES EXALTAN","author":"admin","date":"mayo 1, 2005","format":false,"excerpt":"Declaraci\u00f3n del Comit\u00e9 Ejecutivo Central del Partido Comunista Colombiano \"Ha muerto en Bogot\u00e1 Francisco Mosquera, fundador y principal dirigente del Movimiento Obrero Independiente y Revolucionario, MOIR, cuya Secretar\u00eda General ocup\u00f3 durante varios a\u00f1os. El compa\u00f1ero Mosquera estuvo vinculado a la organizaci\u00f3n sindical, a las corrientes revolucionarias del marxismo y a\u2026","rel":"","context":"En \u00abTribuna Roja N\u00b0 57, Bogot\u00e1; septiembre 29 de 1994\u00bb","block_context":{"text":"Tribuna Roja N\u00b0 57, Bogot\u00e1; septiembre 29 de 1994","link":"https:\/\/moir.com.co\/web\/category\/tribuna-roja\/ediciones-1990-1994\/tribuna-roja-n-57-bogota-septiembre-29-de-1994\/"},"img":{"alt_text":"","src":"","width":0,"height":0},"classes":[]},{"id":20846,"url":"https:\/\/moir.com.co\/web\/cgtd\/","url_meta":{"origin":3563,"position":4},"title":"CGTD","author":"admin","date":"mayo 1, 2005","format":false,"excerpt":"Alfonso Vargas Tovar, directivo de la seccional Valle \"Con verdadero pesar registro sensible fallecimiento Francisco Mosquera como fundador y l\u00edder indiscutible del MOIR. Presento sentidas condolencias a sus familiares, amigos y correligionarios. \" Federaci\u00f3n General de Trabajadores de Santander, Fetrasan \"El plenario de juntas directivas de los sindicatos de Santander\u2026","rel":"","context":"En \u00abTribuna Roja N\u00b0 57, Bogot\u00e1; septiembre 29 de 1994\u00bb","block_context":{"text":"Tribuna Roja N\u00b0 57, Bogot\u00e1; septiembre 29 de 1994","link":"https:\/\/moir.com.co\/web\/category\/tribuna-roja\/ediciones-1990-1994\/tribuna-roja-n-57-bogota-septiembre-29-de-1994\/"},"img":{"alt_text":"","src":"","width":0,"height":0},"classes":[]},{"id":6192,"url":"https:\/\/moir.com.co\/web\/el-moir-y-tribuna-roja-lamentan-el-fallecimiento-del-companero-guillermo-alberto-arevalo\/","url_meta":{"origin":3563,"position":5},"title":"El MOIR y Tribuna Roja lamentan el fallecimiento del compa\u00f1ero Guillermo Alberto Ar\u00e9valo","author":"admin","date":"diciembre 20, 2011","format":false,"excerpt":"El escritor Guillermo Alberto Ar\u00e9valo falleci\u00f3 en Bogot\u00e1, hoy19 de diciembre, a los 64 a\u00f1os de edad, v\u00edctima de una trombosis cerebral. Catedr\u00e1tico, periodista, poeta y cr\u00edtico literario, Guillermo Alberto hab\u00eda estudiado filosof\u00eda y letras en la Universidad de los Andes y durante d\u00e9cadas form\u00f3 a la juventud del magisterio\u2026","rel":"","context":"En \u00abEscritos del Moir\u00bb","block_context":{"text":"Escritos del Moir","link":"https:\/\/moir.com.co\/web\/category\/moir\/escritos-del-moir\/"},"img":{"alt_text":"","src":"","width":0,"height":0},"classes":[]}],"jetpack_sharing_enabled":true,"_links":{"self":[{"href":"https:\/\/moir.com.co\/web\/wp-json\/wp\/v2\/posts\/3563","targetHints":{"allow":["GET"]}}],"collection":[{"href":"https:\/\/moir.com.co\/web\/wp-json\/wp\/v2\/posts"}],"about":[{"href":"https:\/\/moir.com.co\/web\/wp-json\/wp\/v2\/types\/post"}],"author":[{"embeddable":true,"href":"https:\/\/moir.com.co\/web\/wp-json\/wp\/v2\/users\/1"}],"replies":[{"embeddable":true,"href":"https:\/\/moir.com.co\/web\/wp-json\/wp\/v2\/comments?post=3563"}],"version-history":[{"count":0,"href":"https:\/\/moir.com.co\/web\/wp-json\/wp\/v2\/posts\/3563\/revisions"}],"wp:attachment":[{"href":"https:\/\/moir.com.co\/web\/wp-json\/wp\/v2\/media?parent=3563"}],"wp:term":[{"taxonomy":"category","embeddable":true,"href":"https:\/\/moir.com.co\/web\/wp-json\/wp\/v2\/categories?post=3563"},{"taxonomy":"post_tag","embeddable":true,"href":"https:\/\/moir.com.co\/web\/wp-json\/wp\/v2\/tags?post=3563"}],"curies":[{"name":"wp","href":"https:\/\/api.w.org\/{rel}","templated":true}]}}