{"id":3506,"date":"2009-09-11T18:16:23","date_gmt":"2009-09-11T18:16:23","guid":{"rendered":"https:\/\/moir.org.co\/web\/comunicado-a-la-opinion-publica-sobre-el-referendo-del-agua\/"},"modified":"2009-09-11T18:16:23","modified_gmt":"2009-09-11T18:16:23","slug":"comunicado-a-la-opinion-publica-sobre-el-referendo-del-agua","status":"publish","type":"post","link":"https:\/\/moir.com.co\/web\/comunicado-a-la-opinion-publica-sobre-el-referendo-del-agua\/","title":{"rendered":"COMUNICADO A LA OPINION P\u00daBLICA SOBRE EL REFERENDO DEL AGUA"},"content":{"rendered":"<p>El Comit\u00e9 Nacional en Defensa del Agua y de la Vida, promotor del referendo por el derecho humano al agua, ante las declaraciones del Ministro de Hacienda en el sentido de convocar para la misma fecha al pueblo colombiano para que se pronuncie sobre los referendos de reelecci\u00f3n presidencial, de cadena perpetua a los violadores de menores de edad y por el derecho humano al agua, aduciendo ahorro de costos, y teniendo en cuenta el debate nacional que se ha suscitado al respecto, manifiesta: <\/p>\n<p>1.- Que rechaza enf\u00e1ticamente la modificaci\u00f3n del texto original del referendo del agua y de los dem\u00e1s referendos para ponerlos al servicio de la reelecci\u00f3n del actual Presidente de la Rep\u00fablica, Dr \u00c1lvaro Uribe V\u00e9lez. Tales modificaciones que violan la Constituci\u00f3n y la Ley 134 de 1994, sobre mecanismos de participaci\u00f3n, hacen inocua la recolecci\u00f3n de firmas y en si mismas constituyen un desconocimiento al firmante que apoy\u00f3 un texto y ver\u00e1 como se somete a votaci\u00f3n otro, sustancialmente modificado. La anterior grave irregularidad de cambiar los textos es la que convierte en perversa la convocatoria de los referendos para el mismo d\u00eda, la cual en otras circunstancias, es una opci\u00f3n contemplada en la Ley, razonable en t\u00e9rminos de costos y organizaci\u00f3n electoral. <\/p>\n<p>2.- El referendo por el derecho humano al agua se encuentra a consideraci\u00f3n de la Comisi\u00f3n Quinta de la C\u00e1mara, a donde fue enviado en virtud de la aceptaci\u00f3n de nuestra apelaci\u00f3n contra las modificaciones sustanciales a \u00e9l introducidas por la mayor\u00eda de la coalici\u00f3n del gobierno en la Comisi\u00f3n Primera. La plenaria de la C\u00e1mara de Representantes, con el voto de la mayor\u00eda de sus integrantes, de todas las tendencias pol\u00edticas, nos dio la raz\u00f3n entendiendo que las mencionadas modificaciones equival\u00edan a un pronunciamiento en contra de la iniciativa popular por el derecho humano al agua. <\/p>\n<p>3.- Aunque es remota la posibilidad de convocar los tres referendos de manera simult\u00e1nea, pues los de reelecci\u00f3n y cadena perpetua ya se encuentran en la Corte, rechazamos una convocatoria simult\u00e1nea a favor del referendo reeleccionista y estamos a la expectativa de la Sentencia de la Honorable Corte Constitucional sobre el alcance de las modificaciones que el Congreso de la Rep\u00fablica puede introducir a los referendos de iniciativa popular. La Corte fijar\u00e1 sin duda su criterio a prop\u00f3sito de dichas modificaciones.<\/p>\n<p>4.- Nuestra posici\u00f3n es que en cualquier caso debe respetarse la voluntad de los ciudadanos y ciudadanas \u00a1que se decida sobre el texto que ellos firmaron!. Como lo han dicho varios constitucionalistas: el Congreso no es en este caso el constituyente primario sino solo el convocante de un referendo cuya iniciativa, es decir la determinaci\u00f3n de consultar al pueblo y sobre que consultarlo, es exclusivamente ciudadana. Por tanto fuera de ajustes de redacci\u00f3n el Congreso no esta facultado para modificar los textos originales.    <\/p>\n<p>POR EL COMIT\u00c9 NACIONAL <\/p>\n<p>Rafael Colmenares &#8211; ECOFONDO, Vocero; Humberto Polo, SINTRAEMSDES; H\u00e9ctor Ga\u00f1an, ONIC; Oscar Guti\u00e9rrez, UNION NACIONAL DE USUARIOS DE LOS SERVICIOS P\u00daBLICOS; Javier M\u00e1rquez, PENCA DE SABILA; Tatiana Roa, CENSAT; Rodrigo Acosta, CUT; Martha Ca\u00f1\u00f3n, AVOCAR; Cristo Miranda, ACUEDUCTOS COMUNITARIOS.<\/p>\n","protected":false},"excerpt":{"rendered":"<p>El Comit\u00e9 Nacional en Defensa del Agua y de la Vida, promotor del referendo por el derecho humano al agua, ante las declaraciones del Ministro de Hacienda en el sentido de convocar para la misma fecha al pueblo colombiano para que se pronuncie sobre los referendos de reelecci\u00f3n presidencial, de cadena perpetua a los violadores [&hellip;]<\/p>\n","protected":false},"author":1,"featured_media":0,"comment_status":"open","ping_status":"open","sticky":false,"template":"","format":"standard","meta":{"advanced_seo_description":"","jetpack_seo_html_title":"","jetpack_seo_noindex":false,"_jetpack_memberships_contains_paid_content":false,"footnotes":""},"categories":[7],"tags":[],"class_list":["post-3506","post","type-post","status-publish","format-standard","hentry","category-pronunciamientos-de-organizaciones-sociales"],"jetpack_featured_media_url":"","jetpack-related-posts":[{"id":4187,"url":"https:\/\/moir.com.co\/web\/comunicado-del-referendo-por-el-derecho-humano-al-agua-la-corte-constitucional-nos-da-la-razon\/","url_meta":{"origin":3506,"position":0},"title":"Comunicado del Referendo por el Derecho Humano al Agua: \u00a1LA CORTE CONSTITUCIONAL NOS DA LA RAZON!!!","author":"admin","date":"marzo 5, 2010","format":false,"excerpt":"Sobre el pronunciamiento de la corte constitucional a prop\u00f3sito del \u201creferendo reeleccionista\u201d y sus efectos sobre el \u201creferendo del agua\u201d La decisi\u00f3n proferida por la Corte Constitucional el pasado viernes 26 de febrero sobre la constitucionalidad del referendo reeleccionista, le record\u00f3 al cuerpo legislativo que \u00e9l esta privado de la\u2026","rel":"","context":"Entrada similar","block_context":{"text":"Entrada similar","link":""},"img":{"alt_text":"","src":"","width":0,"height":0},"classes":[]},{"id":3139,"url":"https:\/\/moir.com.co\/web\/aceptada-apelacion-del-comite-promotor\/","url_meta":{"origin":3506,"position":1},"title":"\u00a1ACEPTADA APELACION DEL COMIT\u00c9 PROMOTOR!","author":"admin","date":"mayo 28, 2009","format":false,"excerpt":"Nueva oportunidad para el texto original del Referendo por el Derecho Humano al Agua. El Comit\u00e9 Promotor del Referendo saluda y agradece la decisi\u00f3n de la C\u00e1mara de Representantes, en pleno, en el sentido de aceptar la apelaci\u00f3n interpuesta por el Comit\u00e9 a trav\u00e9s del Vocero, Rafael Colmenares, lo cual\u2026","rel":"","context":"En \u00abPronunciamientos de Organizaciones Sociales\u00bb","block_context":{"text":"Pronunciamientos de Organizaciones Sociales","link":"https:\/\/moir.com.co\/web\/category\/pronunciamientos-de-organizaciones-sociales\/"},"img":{"alt_text":"","src":"","width":0,"height":0},"classes":[]},{"id":4396,"url":"https:\/\/moir.com.co\/web\/el-congreso-nego-el-referendo-por-el-derecho-humano-al-agua-la-lucha-por-la-defensa-del-agua-y-de-la-vida-continua\/","url_meta":{"origin":3506,"position":2},"title":"El congreso neg\u00f3 el referendo por el derecho humano al agua. \u00a1La lucha por la defensa del agua y de la vida continua!","author":"admin","date":"mayo 21, 2010","format":false,"excerpt":"EL Comit\u00e9 Promotor del Referendo por el Derecho Humano al Agua informa al Pueblo Colombiano, a los m\u00e1s de dos millones de personas que firmaron para que se convocara el referendo, a las organizaciones que lo promueven, integrantes de los Comit\u00e9s Territoriales y del Comit\u00e9 Nacional en Defensa del Agua\u2026","rel":"","context":"En \u00abPronunciamientos de Organizaciones Sociales\u00bb","block_context":{"text":"Pronunciamientos de Organizaciones Sociales","link":"https:\/\/moir.com.co\/web\/category\/pronunciamientos-de-organizaciones-sociales\/"},"img":{"alt_text":"","src":"","width":0,"height":0},"classes":[]},{"id":3029,"url":"https:\/\/moir.com.co\/web\/el-referendo-del-agua-aprobado-no-es-el-referendo-solicitado\/","url_meta":{"origin":3506,"position":3},"title":"El Referendo del Agua aprobado no es el referendo solicitado","author":"admin","date":"abril 28, 2009","format":false,"excerpt":"El 21 de Abril, el Comit\u00e9 Nacional de Promotores del referendo El Agua: Un derecho Fundamental, solicit\u00f3 a la Comisi\u00f3n Primera de la C\u00e1mara de Representantes, se respetara y aprobara el texto que hab\u00edan respaldado con su firma m\u00e1s de dos millones 200 mil colombianos. Sin embargo, acatando la orden\u2026","rel":"","context":"En \u00abOscar Guti\u00e9rrez Reyes\u00bb","block_context":{"text":"Oscar Guti\u00e9rrez Reyes","link":"https:\/\/moir.com.co\/web\/category\/bitacoras\/oscar-gutierrez-reyes\/"},"img":{"alt_text":"","src":"","width":0,"height":0},"classes":[]},{"id":3011,"url":"https:\/\/moir.com.co\/web\/intentan-trampa-con-el-referendo-del-agua\/","url_meta":{"origin":3506,"position":4},"title":"INTENTAN TRAMPA CON EL REFERENDO DEL AGUA","author":"admin","date":"abril 23, 2009","format":false,"excerpt":"El uribismo de la Comisi\u00f3n Primera de la C\u00e1mara de Representantes aprob\u00f3 el Referendo del Agua. Pero el texto aprobado no se parece en nada al que respaldaron con sus firmas m\u00e1s de dos millones de compatriotas. En el articulado que pasa a la Plenaria de la C\u00e1mara no aparece\u2026","rel":"","context":"En \u00abJorge Enrique Robledo\u00bb","block_context":{"text":"Jorge Enrique Robledo","link":"https:\/\/moir.com.co\/web\/category\/jorge-enrique-robledo\/"},"img":{"alt_text":"","src":"","width":0,"height":0},"classes":[]},{"id":3286,"url":"https:\/\/moir.com.co\/web\/se-prepara-nueva-etapa-del-referendo-por-el-derecho-humano-al-agua\/","url_meta":{"origin":3506,"position":5},"title":"SE PREPARA NUEVA ETAPA DEL REFERENDO POR EL DERECHO HUMANO AL AGUA","author":"admin","date":"julio 15, 2009","format":false,"excerpt":"Con la asistencia de 170 delegados, el pasado 11 de Julio en la Universidad Cooperativa de Colombia, se realiz\u00f3 la VI Asamblea del Comit\u00e9 Nacional en Defensa del Agua y de la Vida \u2013 CNDV- que promueve el referendo, en ella se acord\u00f3 una serie de estrategias y acciones para\u2026","rel":"","context":"En \u00abPronunciamientos de Organizaciones Sociales\u00bb","block_context":{"text":"Pronunciamientos de Organizaciones Sociales","link":"https:\/\/moir.com.co\/web\/category\/pronunciamientos-de-organizaciones-sociales\/"},"img":{"alt_text":"","src":"","width":0,"height":0},"classes":[]}],"jetpack_sharing_enabled":true,"_links":{"self":[{"href":"https:\/\/moir.com.co\/web\/wp-json\/wp\/v2\/posts\/3506","targetHints":{"allow":["GET"]}}],"collection":[{"href":"https:\/\/moir.com.co\/web\/wp-json\/wp\/v2\/posts"}],"about":[{"href":"https:\/\/moir.com.co\/web\/wp-json\/wp\/v2\/types\/post"}],"author":[{"embeddable":true,"href":"https:\/\/moir.com.co\/web\/wp-json\/wp\/v2\/users\/1"}],"replies":[{"embeddable":true,"href":"https:\/\/moir.com.co\/web\/wp-json\/wp\/v2\/comments?post=3506"}],"version-history":[{"count":0,"href":"https:\/\/moir.com.co\/web\/wp-json\/wp\/v2\/posts\/3506\/revisions"}],"wp:attachment":[{"href":"https:\/\/moir.com.co\/web\/wp-json\/wp\/v2\/media?parent=3506"}],"wp:term":[{"taxonomy":"category","embeddable":true,"href":"https:\/\/moir.com.co\/web\/wp-json\/wp\/v2\/categories?post=3506"},{"taxonomy":"post_tag","embeddable":true,"href":"https:\/\/moir.com.co\/web\/wp-json\/wp\/v2\/tags?post=3506"}],"curies":[{"name":"wp","href":"https:\/\/api.w.org\/{rel}","templated":true}]}}