{"id":3483,"date":"2009-09-05T21:54:32","date_gmt":"2009-09-05T21:54:32","guid":{"rendered":"https:\/\/moir.org.co\/web\/malambo-es-colombia-no-a-las-bases-norteamericanas\/"},"modified":"2009-09-05T21:54:32","modified_gmt":"2009-09-05T21:54:32","slug":"malambo-es-colombia-no-a-las-bases-norteamericanas","status":"publish","type":"post","link":"https:\/\/moir.com.co\/web\/malambo-es-colombia-no-a-las-bases-norteamericanas\/","title":{"rendered":"MALAMBO ES COLOMBIA: NO A LAS BASES NORTEAMERICANAS"},"content":{"rendered":"<p>MANIFESTACI\u00d3N EN MALAMBO MI\u00c9RCOLES 9 DE SEPTIEMBRE 4 PM<\/p>\n<p>La Gran Coalici\u00f3n Democr\u00e1tica en el Atl\u00e1ntico invita a los sectores democr\u00e1ticos y progresistas de la poblaci\u00f3n a una manifestaci\u00f3n de rechazo a la instalaci\u00f3n y utilizaci\u00f3n de bases militares y navales colombianas por parte de las Fuerzas Militares norteamericanas porque violan la soberan\u00eda, la Constituci\u00f3n Nacional y convierte a nuestro pa\u00eds en una plataforma de la pol\u00edtica imperial de guerra perpetua que lleva a desestabilizar a Am\u00e9rica del Sur y a tensionar las relaciones con pa\u00edses hermanos, entreg\u00e1ndoles adem\u00e1s, inmunidad a los militares gringos por cualquier delito cometido en el pa\u00eds.<\/p>\n<p>La jornada nacional de protesta contra las bases gringas fue aprobada por la Cumbre Social y Pol\u00edtica que se realiz\u00f3 en Bogot\u00e1 los d\u00edas 20, 21 y 22 de agosto y se realizar\u00e1 en Malambo el mi\u00e9rcoles 9 de septiembre a las cuatro de la tarde en el Parque de la tro Cultura del municipio, situado en la carrera 8 entre calles 11 y 13. Tambi\u00e9n se ha programado un Simposio Internacional sobre las bases de EEUU en Colombia que se realizar\u00e1 el 17 de septiembre en el auditorio de Combarranquilla Country en la calle 76 con carrera 58.<\/p>\n<p><strong>Gran Coalici\u00f3n Democr\u00e1tica, Polo Democr\u00e1tico Alternativo, Centrales Obreras, CUT, UTRAL-CGT, CTC, ADEA, ADEBA, UNEB, Coordinadora Estudiantil Uniatl\u00e1ntico, Asociaciones de Pensionados, Casa Anficti\u00f3nica, Comit\u00e9 de Comerciantes Estacionarios, Comit\u00e9 de Base de la Salud, Movimiento Comunal<\/strong><\/p>\n","protected":false},"excerpt":{"rendered":"<p>MANIFESTACI\u00d3N EN MALAMBO MI\u00c9RCOLES 9 DE SEPTIEMBRE 4 PM La Gran Coalici\u00f3n Democr\u00e1tica en el Atl\u00e1ntico invita a los sectores democr\u00e1ticos y progresistas de la poblaci\u00f3n a una manifestaci\u00f3n de rechazo a la instalaci\u00f3n y utilizaci\u00f3n de bases militares y navales colombianas por parte de las Fuerzas Militares norteamericanas porque violan la soberan\u00eda, la Constituci\u00f3n [&hellip;]<\/p>\n","protected":false},"author":1,"featured_media":0,"comment_status":"open","ping_status":"open","sticky":false,"template":"","format":"standard","meta":{"advanced_seo_description":"","jetpack_seo_html_title":"","jetpack_seo_noindex":false,"_jetpack_memberships_contains_paid_content":false,"footnotes":""},"categories":[7],"tags":[],"class_list":["post-3483","post","type-post","status-publish","format-standard","hentry","category-pronunciamientos-de-organizaciones-sociales"],"jetpack_featured_media_url":"","jetpack-related-posts":[{"id":3517,"url":"https:\/\/moir.com.co\/web\/manifestacion-estudiantil-en-pasto-contra-las-bases-militares-gringas-no-1-septiembre-9-de-2009\/","url_meta":{"origin":3483,"position":0},"title":"Manifestaci\u00f3n estudiantil en Pasto contra las bases militares gringas N\u00ba 1, septiembre 9 de 2009","author":"admin","date":"septiembre 14, 2009","format":false,"excerpt":"","rel":"","context":"En \u00abGaler\u00edas\u00bb","block_context":{"text":"Galer\u00edas","link":"https:\/\/moir.com.co\/web\/category\/multimedia\/galerias\/"},"img":{"alt_text":"","src":"","width":0,"height":0},"classes":[]},{"id":3518,"url":"https:\/\/moir.com.co\/web\/manifestacion-estudiantil-en-pasto-contra-las-bases-militares-gringas-no-2-septiembre-9-de-2009\/","url_meta":{"origin":3483,"position":1},"title":"Manifestaci\u00f3n estudiantil en Pasto contra las bases militares gringas N\u00ba 2, septiembre 9 de 2009","author":"admin","date":"septiembre 14, 2009","format":false,"excerpt":"","rel":"","context":"En \u00abGaler\u00edas\u00bb","block_context":{"text":"Galer\u00edas","link":"https:\/\/moir.com.co\/web\/category\/multimedia\/galerias\/"},"img":{"alt_text":"","src":"","width":0,"height":0},"classes":[]},{"id":3519,"url":"https:\/\/moir.com.co\/web\/manifestacion-estudiantil-en-pasto-contra-las-bases-militares-gringas-no-3-septiembre-9-de-2009\/","url_meta":{"origin":3483,"position":2},"title":"Manifestaci\u00f3n estudiantil en Pasto contra las bases militares gringas N\u00ba 3, septiembre 9 de 2009","author":"admin","date":"septiembre 14, 2009","format":false,"excerpt":"","rel":"","context":"En \u00abGaler\u00edas\u00bb","block_context":{"text":"Galer\u00edas","link":"https:\/\/moir.com.co\/web\/category\/multimedia\/galerias\/"},"img":{"alt_text":"","src":"","width":0,"height":0},"classes":[]},{"id":4456,"url":"https:\/\/moir.com.co\/web\/hillary-clinton-visita-no-grata\/","url_meta":{"origin":3483,"position":3},"title":"Hillary Clinton: visita no grata","author":"admin","date":"junio 8, 2010","format":false,"excerpt":"Esta noche llega al pa\u00eds la Secretaria de Estado de Estados Unidos, Hillary Clinton, usando como pretexto la lucha antidrogas, pero con el mandato de pasar revista a las nuevas adquisiciones de su pa\u00eds con la firma del acuerdo militar, que le posibilita tener control sobre siete bases militares, o\u2026","rel":"","context":"En \u00abTemas\u00bb","block_context":{"text":"Temas","link":"https:\/\/moir.com.co\/web\/category\/temas\/"},"img":{"alt_text":"","src":"","width":0,"height":0},"classes":[]},{"id":20870,"url":"https:\/\/moir.com.co\/web\/el-pueblo-de-san-andres-reafirma-soberania-colombiana\/","url_meta":{"origin":3483,"position":4},"title":"\u00a1EL PUEBLO DE SAN ANDR\u00c9S REAFIRMA SOBERAN\u00cdA COLOMBIANA!","author":"admin","date":"mayo 1, 2005","format":false,"excerpt":"Jorge Santos N\u00fa\u00f1ez, senador del MOIR, preside manifestaci\u00f3n antiyanqui en la isla, con organizaciones pol\u00edticas y sociales Con creciente alarma e indignaci\u00f3n los colombianos venimos registrando c\u00f3mo el gobierno norteamericano se prepara para intervenir militarmente en nuestra naci\u00f3n y ocupar el archipi\u00e9lago de San Andr\u00e9s y Providencia. Tales preparativos se\u2026","rel":"","context":"En \u00abTribuna Roja N\u00b0 58, Bogot\u00e1; marzo 11 de 1995\u00bb","block_context":{"text":"Tribuna Roja N\u00b0 58, Bogot\u00e1; marzo 11 de 1995","link":"https:\/\/moir.com.co\/web\/category\/tribuna-roja\/ediciones-1995-1999\/tribuna-roja-n-58-bogota-marzo-11-de-1995\/"},"img":{"alt_text":"","src":"","width":0,"height":0},"classes":[]},{"id":3310,"url":"https:\/\/moir.com.co\/web\/la-cut-exige-respeto-a-la-soberania-nacional\/","url_meta":{"origin":3483,"position":5},"title":"LA CUT EXIGE RESPETO A LA SOBERAN\u00cdA NACIONAL","author":"admin","date":"julio 22, 2009","format":false,"excerpt":"La Central Unitaria de Trabajadores de Colombia CUT rechaza la decisi\u00f3n unilateral del Gobierno, que desconociendo al Congreso de la Rep\u00fablica permitir\u00e1 a las Fuerzas Armadas estadounidenses operar en actividades antidrogas y antiterroristas desde las bases militares colombianas de Malambo (Atl\u00e1ntico), Palanquero (Cundinamarca) y Apiay (Meta), adem\u00e1s de la posibilidad\u2026","rel":"","context":"En \u00abPronunciamientos de Organizaciones Sociales\u00bb","block_context":{"text":"Pronunciamientos de Organizaciones Sociales","link":"https:\/\/moir.com.co\/web\/category\/pronunciamientos-de-organizaciones-sociales\/"},"img":{"alt_text":"","src":"","width":0,"height":0},"classes":[]}],"jetpack_sharing_enabled":true,"_links":{"self":[{"href":"https:\/\/moir.com.co\/web\/wp-json\/wp\/v2\/posts\/3483","targetHints":{"allow":["GET"]}}],"collection":[{"href":"https:\/\/moir.com.co\/web\/wp-json\/wp\/v2\/posts"}],"about":[{"href":"https:\/\/moir.com.co\/web\/wp-json\/wp\/v2\/types\/post"}],"author":[{"embeddable":true,"href":"https:\/\/moir.com.co\/web\/wp-json\/wp\/v2\/users\/1"}],"replies":[{"embeddable":true,"href":"https:\/\/moir.com.co\/web\/wp-json\/wp\/v2\/comments?post=3483"}],"version-history":[{"count":0,"href":"https:\/\/moir.com.co\/web\/wp-json\/wp\/v2\/posts\/3483\/revisions"}],"wp:attachment":[{"href":"https:\/\/moir.com.co\/web\/wp-json\/wp\/v2\/media?parent=3483"}],"wp:term":[{"taxonomy":"category","embeddable":true,"href":"https:\/\/moir.com.co\/web\/wp-json\/wp\/v2\/categories?post=3483"},{"taxonomy":"post_tag","embeddable":true,"href":"https:\/\/moir.com.co\/web\/wp-json\/wp\/v2\/tags?post=3483"}],"curies":[{"name":"wp","href":"https:\/\/api.w.org\/{rel}","templated":true}]}}