{"id":3478,"date":"2009-09-04T19:21:08","date_gmt":"2009-09-04T19:21:08","guid":{"rendered":"https:\/\/moir.org.co\/web\/la-maquinaria-uribista-impone-aprobacion-del-referendo-reeleccionista\/"},"modified":"2009-09-04T19:21:08","modified_gmt":"2009-09-04T19:21:08","slug":"la-maquinaria-uribista-impone-aprobacion-del-referendo-reeleccionista","status":"publish","type":"post","link":"https:\/\/moir.com.co\/web\/la-maquinaria-uribista-impone-aprobacion-del-referendo-reeleccionista\/","title":{"rendered":"LA MAQUINARIA URIBISTA IMPONE APROBACI\u00d3N DEL REFERENDO REELECCIONISTA"},"content":{"rendered":"<p>Como parte de un tr\u00e1mite lleno de azarosos y truculentos rompimientos de la normatividad jur\u00eddica y constitucional, la C\u00e1mara de Representantes aprob\u00f3 anoche por escaso margen (85 votos de 84 requeridos) el proyecto de ley que convoca al referendo reeleccionista.<\/p>\n<p>Sin certificaci\u00f3n de la Registradur\u00eda, ni control de cuentas del Consejo Nacional Electoral, con modificaciones al texto original firmado por los ciudadanos que respaldaron la iniciativa, congresistas que firmaron el Acta de Conciliaci\u00f3n y luego se declararon impedidos en las plenarias, otros con inhabilidades, entre muchas otras anomal\u00edas, la maquinaria uribista  impuso a punta de prebendas y sobornos la aprobaci\u00f3n del mencionado referendo. Ahora sigue el control de la Corte Constitucional, que si act\u00faa en Derecho, deber\u00e1 declarar inexequible la ley.   <\/p>\n<p>La Central Unitaria de Trabajadores CUT, rechaza como ha hecho desde un inicio, las pretensiones reeleccionistas de \u00c1lvaro Uribe. Su proceder rompe con el ordenamiento jur\u00eddico de la naci\u00f3n y representa una conducta autoritaria y dictatorial consistente en modificar a su antojo la Constituci\u00f3n Pol\u00edtica y las leyes para sacar adelante las nefastas pretensiones de mantenerse en el poder favoreciendo las pol\u00edticas imperialistas de Estados Unidos y a los grupos econ\u00f3micos dominantes. Los trabajadores y el pueblo colombiano no podemos reelegir a un gobierno que ha llevado a nuestro pa\u00eds al actual desastre social con cifras de desempleo, pobreza, indigencia y desigualdad en la distribuci\u00f3n del ingreso que no ten\u00edan antecedentes en la historia nacional.<\/p>\n<p>Convocamos a todos los sectores democr\u00e1ticos desde ya, a aunar esfuerzos para exigirle a la Corte Constitucional que obre en Derecho y coordinar la organizaci\u00f3n y ejecuci\u00f3n de la campa\u00f1a de abstenci\u00f3n en caso de que finalmente se concrete tal convocatoria. <\/p>\n<p>Est\u00e1 en juego la continuidad de la endeble democracia colombiana para dar paso a la continuidad de un gobierno autoritario y corrupto que ha favorecido los intereses del capital financiero y las multinacionales en detrimento de la soberan\u00eda, el empleo y la producci\u00f3n nacionales, negando con ello los m\u00e1s elementales derechos econ\u00f3micos y las libertades democr\u00e1ticas de la poblaci\u00f3n.<\/p>\n<p>GUSTAVO TRIANA SU\u00c1REZ \t\t\t\tDOMINGO TOVAR ARRIETA<br \/>\nSegundo Vicepresidente\t\t\t\tSecretario General<\/p>\n","protected":false},"excerpt":{"rendered":"<p>Como parte de un tr\u00e1mite lleno de azarosos y truculentos rompimientos de la normatividad jur\u00eddica y constitucional, la C\u00e1mara de Representantes aprob\u00f3 anoche por escaso margen (85 votos de 84 requeridos) el proyecto de ley que convoca al referendo reeleccionista. Sin certificaci\u00f3n de la Registradur\u00eda, ni control de cuentas del Consejo Nacional Electoral, con modificaciones [&hellip;]<\/p>\n","protected":false},"author":1,"featured_media":0,"comment_status":"open","ping_status":"open","sticky":false,"template":"","format":"standard","meta":{"advanced_seo_description":"","jetpack_seo_html_title":"","jetpack_seo_noindex":false,"_jetpack_memberships_contains_paid_content":false,"footnotes":""},"categories":[7],"tags":[],"class_list":["post-3478","post","type-post","status-publish","format-standard","hentry","category-pronunciamientos-de-organizaciones-sociales"],"jetpack_featured_media_url":"","jetpack-related-posts":[{"id":3475,"url":"https:\/\/moir.com.co\/web\/declaracion-publica-ante-la-aprobacion-del-referendo-reeleccionista-por-parte-de-la-camara-de-representantes\/","url_meta":{"origin":3478,"position":0},"title":"\u00b4DECLARACI\u00d3N P\u00daBLICA ANTE LA APROBACI\u00d3N DEL REFERENDO REELECCIONISTA POR PARTE DE LA C\u00c1MARA DE REPRESENTANTES","author":"admin","date":"septiembre 4, 2009","format":false,"excerpt":"Desde el turbio origen de los fondos multimillonarios para hacer posible la recolecci\u00f3n de las firmas que respaldan la solicitud del referendo, pasando por las m\u00faltiples irregularidades en su tr\u00e1mite en el Congreso de la Rep\u00fablica, por los cambios en la intenci\u00f3n de voto de varios parlamentarios, y culminando con\u2026","rel":"","context":"En \u00abPolo Democr\u00e1tico Alternativo\u00bb","block_context":{"text":"Polo Democr\u00e1tico Alternativo","link":"https:\/\/moir.com.co\/web\/category\/polo-democratico-alternativo\/"},"img":{"alt_text":"","src":"","width":0,"height":0},"classes":[]},{"id":3011,"url":"https:\/\/moir.com.co\/web\/intentan-trampa-con-el-referendo-del-agua\/","url_meta":{"origin":3478,"position":1},"title":"INTENTAN TRAMPA CON EL REFERENDO DEL AGUA","author":"admin","date":"abril 23, 2009","format":false,"excerpt":"El uribismo de la Comisi\u00f3n Primera de la C\u00e1mara de Representantes aprob\u00f3 el Referendo del Agua. Pero el texto aprobado no se parece en nada al que respaldaron con sus firmas m\u00e1s de dos millones de compatriotas. En el articulado que pasa a la Plenaria de la C\u00e1mara no aparece\u2026","rel":"","context":"En \u00abJorge Enrique Robledo\u00bb","block_context":{"text":"Jorge Enrique Robledo","link":"https:\/\/moir.com.co\/web\/category\/jorge-enrique-robledo\/"},"img":{"alt_text":"","src":"","width":0,"height":0},"classes":[]},{"id":2964,"url":"https:\/\/moir.com.co\/web\/contra-el-referendo-reeleccionistaabstencion-activa\/","url_meta":{"origin":3478,"position":2},"title":"CONTRA EL REFERENDO REELECCIONISTA\u2026\u00a1\u00a1ABSTENCI\u00d3N ACTIVA!!","author":"admin","date":"abril 14, 2009","format":false,"excerpt":"\"La acci\u00f3n pol\u00edtica inmoral s\u00f3lo se justifica cuando tiene por finalidad la salvaci\u00f3n de la patria\"(Maquiavelo) INTRODUCCI\u00d3N Vuelve y juega. Todos los caminos conducen a la tercera postulaci\u00f3n presidencial de Uribe V\u00e9lez y a la b\u00fasqueda de su segunda reelecci\u00f3n. Las movidas de los \u00faltimos meses as\u00ed lo indican. La\u2026","rel":"","context":"En \u00abTemas\u00bb","block_context":{"text":"Temas","link":"https:\/\/moir.com.co\/web\/category\/temas\/"},"img":{"alt_text":"","src":"","width":0,"height":0},"classes":[]},{"id":3472,"url":"https:\/\/moir.com.co\/web\/soledad-en-unasur-y-resistencia-al-referendo\/","url_meta":{"origin":3478,"position":3},"title":"SOLEDAD EN UNASUR Y RESISTENCIA AL REFERENDO","author":"admin","date":"septiembre 4, 2009","format":false,"excerpt":"El gran derrotado en la Cumbre de Unasur fue Estados Unidos o, mejor, el imperialismo norteamericano \u2013calificativo que algunos tontamente se empe\u00f1an en negar\u2013, porque ninguna contradicci\u00f3n existe con el pueblo de ese pa\u00eds. La derrota consiste, en primer t\u00e9rmino, en que Unasur sali\u00f3 unida a pesar de las contradicciones,\u2026","rel":"","context":"En \u00abJorge Enrique Robledo\u00bb","block_context":{"text":"Jorge Enrique Robledo","link":"https:\/\/moir.com.co\/web\/category\/jorge-enrique-robledo\/"},"img":{"alt_text":"","src":"","width":0,"height":0},"classes":[]},{"id":3001,"url":"https:\/\/moir.com.co\/web\/carlos-gaviria-quien-la-tiene-mas-dificil-es-alvaro-uribe-velez\/","url_meta":{"origin":3478,"position":4},"title":"CARLOS GAVIRIA: QUI\u00c9N LA TIENE M\u00c1S DIF\u00cdCIL ES \u00c1LVARO URIBE V\u00c9LEZ","author":"admin","date":"abril 20, 2009","format":false,"excerpt":"SEMANA: \u00bfNo cree que la oposici\u00f3n ya perdi\u00f3 la batalla contra el referendo? Carlos Gaviria: No. La batalla apenas comienza y quien m\u00e1s dif\u00edcil la tiene es Uribe, a pesar de todas sus estrategias. A\u00fan no se sabe c\u00f3mo se van a conciliar los textos de Senado y C\u00e1mara ni\u2026","rel":"","context":"En \u00abPolo Democr\u00e1tico Alternativo\u00bb","block_context":{"text":"Polo Democr\u00e1tico Alternativo","link":"https:\/\/moir.com.co\/web\/category\/polo-democratico-alternativo\/"},"img":{"alt_text":"","src":"","width":0,"height":0},"classes":[]},{"id":2974,"url":"https:\/\/moir.com.co\/web\/si-se-consiguieron-las-firmas-del-referendo-con-ilegalidad-no-se-deben-validar\/","url_meta":{"origin":3478,"position":5},"title":"&#8220;Si se consiguieron las firmas del referendo con ilegalidad no se deben validar&#8221;","author":"admin","date":"abril 16, 2009","format":false,"excerpt":"Quiz\u00e1s quien m\u00e1s ha insistido en denunciar las irregularidades en el tr\u00e1mite del referendo reeleccionista es el representante a la C\u00e1mara Germ\u00e1n Navas Talero del Polo. El 8 de enero pasado, Talero denunci\u00f3 ante la Fiscal\u00eda a los promotores del referendo pues con las falencias en la contabilidad pudieron incurrir\u2026","rel":"","context":"En \u00abTemas\u00bb","block_context":{"text":"Temas","link":"https:\/\/moir.com.co\/web\/category\/temas\/"},"img":{"alt_text":"","src":"","width":0,"height":0},"classes":[]}],"jetpack_sharing_enabled":true,"_links":{"self":[{"href":"https:\/\/moir.com.co\/web\/wp-json\/wp\/v2\/posts\/3478","targetHints":{"allow":["GET"]}}],"collection":[{"href":"https:\/\/moir.com.co\/web\/wp-json\/wp\/v2\/posts"}],"about":[{"href":"https:\/\/moir.com.co\/web\/wp-json\/wp\/v2\/types\/post"}],"author":[{"embeddable":true,"href":"https:\/\/moir.com.co\/web\/wp-json\/wp\/v2\/users\/1"}],"replies":[{"embeddable":true,"href":"https:\/\/moir.com.co\/web\/wp-json\/wp\/v2\/comments?post=3478"}],"version-history":[{"count":0,"href":"https:\/\/moir.com.co\/web\/wp-json\/wp\/v2\/posts\/3478\/revisions"}],"wp:attachment":[{"href":"https:\/\/moir.com.co\/web\/wp-json\/wp\/v2\/media?parent=3478"}],"wp:term":[{"taxonomy":"category","embeddable":true,"href":"https:\/\/moir.com.co\/web\/wp-json\/wp\/v2\/categories?post=3478"},{"taxonomy":"post_tag","embeddable":true,"href":"https:\/\/moir.com.co\/web\/wp-json\/wp\/v2\/tags?post=3478"}],"curies":[{"name":"wp","href":"https:\/\/api.w.org\/{rel}","templated":true}]}}