{"id":3344,"date":"2009-08-02T18:59:54","date_gmt":"2009-08-02T18:59:54","guid":{"rendered":"https:\/\/moir.org.co\/web\/exigimos-al-gobierno-nacional-la-debida-proteccion-para-nuestro-mercado-interno\/"},"modified":"2009-08-02T18:59:54","modified_gmt":"2009-08-02T18:59:54","slug":"exigimos-al-gobierno-nacional-la-debida-proteccion-para-nuestro-mercado-interno","status":"publish","type":"post","link":"https:\/\/moir.com.co\/web\/exigimos-al-gobierno-nacional-la-debida-proteccion-para-nuestro-mercado-interno\/","title":{"rendered":"Exigimos al gobierno nacional la debida protecci\u00f3n para nuestro mercado interno"},"content":{"rendered":"<p>En la ma\u00f1ana de hoy mi\u00e9rcoles 29 de julio, y mientras repart\u00eda un bolet\u00edn exigiendo del gobierno nacional medidas para defender el mercado nacional para nuestra industria, en las afueras del Centro de Convenciones de Medell\u00edn, fue detenido durante casi una hora el industrial antioque\u00f1o \u00c1lvaro Yarce Reyes, integrante de la ALIANZA POR LA DEFENSA DEL TRABAJO Y LA PRODUCCI\u00d3N NACIONAL EN LA CADENA INDUSTRIAL DEL VESTUARIO. <\/p>\n<p>Sentamos nuestra m\u00e1s en\u00e9rgica protesta por el atropello al derecho constitucional a la libertad de expresi\u00f3n por parte de las autoridades de polic\u00eda y la administraci\u00f3n municipal de Medell\u00edn. <\/p>\n<p>En el d\u00eda de ma\u00f1ana ser\u00e1 instaurada denuncia formal ante la Personer\u00eda, en la que adem\u00e1s exigiremos la devoluci\u00f3n de la propaganda arbitrariamente decomisada. <\/p>\n<p>Este es el texto bolet\u00edn \u201ccuerpo del delito\u201d:<\/p>\n<p>EMPRESARIO, MICROEMPRESARIOS, FAMIEMPRESARIO, INDUSTRIAL DE LA CADENA FIBRAS TEXTIL CONFECCI\u00d3N CUERO Y CALZADO: <\/p>\n<p>ACOMP\u00c1\u00d1ENOS EN EL PROP\u00d3SITO DE EXIGIR AL GOBIERNO NACIONAL LA DEBIDA PROTECCI\u00d3N PARA NUESTRO MERCADO INTERNO. <\/p>\n<p>Hoy estamos avocados a una nueva escalada en el deterioro de la producci\u00f3n nacional, y en la p\u00e9rdida de puestos de trabajo en la cadena industrial del vestido. Con la tasa de cambio m\u00e1s revaluada del continente, los costos de servicios p\u00fablicos m\u00e1s caros en d\u00f3lares respecto a nuestros competidores, (energ\u00eda por ejemplo subi\u00f3 el 37.6% en los \u00faltimos 18 meses), con los niveles de protecci\u00f3n arancelaria m\u00e1s bajos en relaci\u00f3n a M\u00e9xico, Centro Am\u00e9rica y China, con un deterioro de los mercados de exportaci\u00f3n y una ca\u00edda dram\u00e1tica en el consumo nacional, las ventas cayendo en picada, la cartera morosa aumentando, adem\u00e1s hemos perdido los mercados externos pr\u00e1cticamente en su totalidad y vemos como aceleradamente perdemos tambi\u00e9n el mercado interno con competidores que tienen en la tasa de cambio y en la inexistente protecci\u00f3n arancelaria su gran fortaleza, reforzada por el contrabando t\u00e9cnico y el contrabando abierto. <\/p>\n<p>Una actividad en la que estamos involucrados de manera directa o indirecta cerca de un mill\u00f3n de colombianos merece un trato respetuso y amigable por parte del gobierno nacional, el cu\u00e1l se debate entre la indiferencia y la hostilidad con el sector, mientras muestra mano generosa a los inversionistas especulativos y a los monopolios comerciales internacionales. <\/p>\n<p>Ante la volatilidad de los mercados externos, el \u00fanico camino para salvar la cadena es la protecci\u00f3n de nuestro mercado interno. Otras naciones as\u00ed lo hacen. El Congreso norteamericano aprob\u00f3 la \u201cCl\u00e1usula Buy American\u201d que exige \u201cel uso de hierro y acero y de productos manufacturados estadounidenses en los proyectos de infraestructura financiados con los recursos del plan de est\u00edmulo, dotado con unos 900,000 millones de d\u00f3lares\u201d. El gobierno venezolano restringe la salidad de d\u00f3lares para el pago de exportaciones, mientras el ecuatoriano aumenta los aranceles para los productos colombianos, alegando que la revaluaci\u00f3n del peso frente al d\u00f3lar coloca en desventaja a los productores de ese pa\u00eds. \u00bf Y en Colombia qu\u00e9?, repetimos, \u00bfy en Colombia qu\u00e9? <\/p>\n<p>Exijamos al gobierno nacional la protecci\u00f3n de nuestro mercado interno, exijamos un cambio profundo en el rumbo de la econom\u00eda de tal forma que se proteja el empleo y la producci\u00f3n nacional. Reaccionemos antes de que sea demasiado tarde!<\/p>\n<p>Cont\u00e1ctese con nosotros por medio del correo electr\u00f3nico alianzavestuario@une.net.co o al Celular 310 4268990<\/p>\n","protected":false},"excerpt":{"rendered":"<p>En la ma\u00f1ana de hoy mi\u00e9rcoles 29 de julio, y mientras repart\u00eda un bolet\u00edn exigiendo del gobierno nacional medidas para defender el mercado nacional para nuestra industria, en las afueras del Centro de Convenciones de Medell\u00edn, fue detenido durante casi una hora el industrial antioque\u00f1o \u00c1lvaro Yarce Reyes, integrante de la ALIANZA POR LA DEFENSA [&hellip;]<\/p>\n","protected":false},"author":1,"featured_media":0,"comment_status":"open","ping_status":"open","sticky":false,"template":"","format":"standard","meta":{"advanced_seo_description":"","jetpack_seo_html_title":"","jetpack_seo_noindex":false,"_jetpack_memberships_contains_paid_content":false,"footnotes":""},"categories":[7],"tags":[],"class_list":["post-3344","post","type-post","status-publish","format-standard","hentry","category-pronunciamientos-de-organizaciones-sociales"],"jetpack_featured_media_url":"","jetpack-related-posts":[{"id":2452,"url":"https:\/\/moir.com.co\/web\/senador-robledo-apoya-marcha-de-empresarios-y-trabajadores-del-vestido-manana-en-medellin\/","url_meta":{"origin":3344,"position":0},"title":"SENADOR ROBLEDO APOYA MARCHA DE EMPRESARIOS Y TRABAJADORES DEL VESTIDO MA\u00d1ANA EN MEDELL\u00cdN","author":"admin","date":"julio 29, 2008","format":false,"excerpt":"Oficina de Prensa Senador Jorge Enrique Robledo, Bogot\u00e1, 29 de julio de 2008 Cientos de industriales y microempresarios de la cadena del vestuario, a los que se han sumado los estudiantes de dise\u00f1o de moda, los trabajadores y numerosas organizaciones sociales marchar\u00e1n ma\u00f1ana mi\u00e9rcoles 30 de julio por el centro\u2026","rel":"","context":"En \u00abJorge Enrique Robledo\u00bb","block_context":{"text":"Jorge Enrique Robledo","link":"https:\/\/moir.com.co\/web\/category\/jorge-enrique-robledo\/"},"img":{"alt_text":"","src":"","width":0,"height":0},"classes":[]},{"id":16810,"url":"https:\/\/moir.com.co\/web\/en-medellin-no-existe-ninguna-cuarta-revolucion-industrial\/","url_meta":{"origin":3344,"position":1},"title":"En Medell\u00edn no existe ninguna cuarta revoluci\u00f3n industrial","author":"admin","date":"enero 29, 2019","format":false,"excerpt":"Yamid L\u00f3pez, Medell\u00edn, enero 28 de 2019 Existe una cuarta revoluci\u00f3n industrial, es cierto. El internet de las cosas, IOT, transforma la industria manufacturera y dejar\u00e1 en el futuro cercano m\u00e1s de 10 millones de puestos de trabajo en manos de las m\u00e1quinas. En Medell\u00edn, sin embargo, no existe ninguna\u2026","rel":"","context":"En \u00abCiencia\u00bb","block_context":{"text":"Ciencia","link":"https:\/\/moir.com.co\/web\/category\/temas\/ciencia\/"},"img":{"alt_text":"","src":"https:\/\/i0.wp.com\/moir.com.co\/web\/wp-content\/uploads\/2019\/01\/medellininnovacion.jpeg?fit=400%2C200&ssl=1&resize=350%2C200","width":350,"height":200},"classes":[]},{"id":19896,"url":"https:\/\/moir.com.co\/web\/caucasia-a-la-vanguardia-en-la-defensa-de-los-servicios-publicos-domiciliarios\/","url_meta":{"origin":3344,"position":2},"title":"CAUCASIA A LA VANGUARDIA EN LA DEFENSA DE LOS SERVICIOS P\u00daBLICOS DOMICILIARIOS","author":"admin","date":"agosto 10, 2004","format":false,"excerpt":"Por V\u00edctor Arbel\u00e1ez El pasado 24 de mayo, a las 6 de la ma\u00f1ana, un espectacular estruendo de centenares de voladores dio inicio a un combativo Paro en Caucasia, municipio de 63 mil habitantes en el norte de Antioquia. Ganaderos, comerciantes, mineros, sindicatos, profesores, Iglesia, juntas de acci\u00f3n comunal, comit\u00e9s\u2026","rel":"","context":"En \u00abTribuna Roja N\u00ba 81, agosto 19 de 2000\u00bb","block_context":{"text":"Tribuna Roja N\u00ba 81, agosto 19 de 2000","link":"https:\/\/moir.com.co\/web\/category\/tribuna-roja\/ediciones-2000-2004\/tribuna-roja-no-81-agosto-19-de-2000\/"},"img":{"alt_text":"","src":"","width":0,"height":0},"classes":[]},{"id":634,"url":"https:\/\/moir.com.co\/web\/se-ratifica-participacion-masiva-de-campesinos-indigenas-y-productores-agropecuarios-antioquenos-en-jornada-andina-de-lucha\/","url_meta":{"origin":3344,"position":3},"title":"SE RATIFICA PARTICIPACI\u00d3N MASIVA DE CAMPESINOS, IND\u00cdGENAS Y PRODUCTORES AGROPECUARIOS ANTIOQUE\u00d1OS EN JORNADA ANDINA DE LUCHA","author":"admin","date":"agosto 11, 2004","format":false,"excerpt":"Salvaci\u00f3n Agropecuaria, Medell\u00edn, abril 12 de 2004. Desde las diez de la ma\u00f1ana de este Jueves 15 de Abril, comenzar\u00e1n a llegar al sitio \u201cPrimavera\u201d, en el municipio de Caldas, y procedentes de las distintas regiones de nuestro departamento las delegaciones que se concentrar\u00e1n en el marco de la Jornada\u2026","rel":"","context":"En \u00abPronunciamientos de Organizaciones Sociales\u00bb","block_context":{"text":"Pronunciamientos de Organizaciones Sociales","link":"https:\/\/moir.com.co\/web\/category\/pronunciamientos-de-organizaciones-sociales\/"},"img":{"alt_text":"","src":"","width":0,"height":0},"classes":[]},{"id":2477,"url":"https:\/\/moir.com.co\/web\/diez-mil-lecheros-exigen-derogatoria-de-los-decretos-2838-y-616\/","url_meta":{"origin":3344,"position":4},"title":"DIEZ MIL LECHEROS EXIGEN DEROGATORIA DE LOS DECRETOS 2838 Y 616","author":"admin","date":"agosto 20, 2008","format":false,"excerpt":"Asociaci\u00f3n Nacional por la Salvaci\u00f3n Agropecuaria, Bogot\u00e1, agosto 19 de 2008 En la Marcha Lechera Nacional de Bogot\u00e1, realizada el martes 19 de agosto, diez mil lecheros venidos de quince departamentos de Colombia y de centenares de municipios, exigieron pac\u00edficamente la derogatoria de los decretos 2838 y 616 que imponen\u2026","rel":"","context":"En \u00abPronunciamientos de Organizaciones Sociales\u00bb","block_context":{"text":"Pronunciamientos de Organizaciones Sociales","link":"https:\/\/moir.com.co\/web\/category\/pronunciamientos-de-organizaciones-sociales\/"},"img":{"alt_text":"","src":"","width":0,"height":0},"classes":[]},{"id":676,"url":"https:\/\/moir.com.co\/web\/importar-cafe-es-un-disparate-importar-del-que-ya-se-habia-exportado-es-una-verguenza\/","url_meta":{"origin":3344,"position":5},"title":"IMPORTAR CAF\u00c9 ES UN DISPARATE, IMPORTAR DEL QUE YA SE HAB\u00cdA EXPORTADO ES UNA VERG\u00dcENZA","author":"admin","date":"agosto 11, 2004","format":false,"excerpt":"Unidad Cafetera Nacional, Medell\u00edn, julio 28 de 2004. Como una medida genial quiso presentar ayer el Gerente de la Federaci\u00f3n Nacional de Cafeteros, la decisi\u00f3n de reimportar 150.000 sacos de caf\u00e9 para abastecer el mercado nacional. Hay que recordar que el volumen anunciado representar\u00eda el 10% del total del consumo\u2026","rel":"","context":"En \u00abPronunciamientos de Organizaciones Sociales\u00bb","block_context":{"text":"Pronunciamientos de Organizaciones Sociales","link":"https:\/\/moir.com.co\/web\/category\/pronunciamientos-de-organizaciones-sociales\/"},"img":{"alt_text":"","src":"","width":0,"height":0},"classes":[]}],"jetpack_sharing_enabled":true,"_links":{"self":[{"href":"https:\/\/moir.com.co\/web\/wp-json\/wp\/v2\/posts\/3344","targetHints":{"allow":["GET"]}}],"collection":[{"href":"https:\/\/moir.com.co\/web\/wp-json\/wp\/v2\/posts"}],"about":[{"href":"https:\/\/moir.com.co\/web\/wp-json\/wp\/v2\/types\/post"}],"author":[{"embeddable":true,"href":"https:\/\/moir.com.co\/web\/wp-json\/wp\/v2\/users\/1"}],"replies":[{"embeddable":true,"href":"https:\/\/moir.com.co\/web\/wp-json\/wp\/v2\/comments?post=3344"}],"version-history":[{"count":0,"href":"https:\/\/moir.com.co\/web\/wp-json\/wp\/v2\/posts\/3344\/revisions"}],"wp:attachment":[{"href":"https:\/\/moir.com.co\/web\/wp-json\/wp\/v2\/media?parent=3344"}],"wp:term":[{"taxonomy":"category","embeddable":true,"href":"https:\/\/moir.com.co\/web\/wp-json\/wp\/v2\/categories?post=3344"},{"taxonomy":"post_tag","embeddable":true,"href":"https:\/\/moir.com.co\/web\/wp-json\/wp\/v2\/tags?post=3344"}],"curies":[{"name":"wp","href":"https:\/\/api.w.org\/{rel}","templated":true}]}}