{"id":3333,"date":"2009-07-30T22:10:41","date_gmt":"2009-07-30T22:10:41","guid":{"rendered":"https:\/\/moir.org.co\/web\/perdida-de-la-soberania-nacional-en-colombia-atenta-contra-los-gobiernos-progresistas-y-tranquilidad-de-la-region\/"},"modified":"2009-07-30T22:10:41","modified_gmt":"2009-07-30T22:10:41","slug":"perdida-de-la-soberania-nacional-en-colombia-atenta-contra-los-gobiernos-progresistas-y-tranquilidad-de-la-region","status":"publish","type":"post","link":"https:\/\/moir.com.co\/web\/perdida-de-la-soberania-nacional-en-colombia-atenta-contra-los-gobiernos-progresistas-y-tranquilidad-de-la-region\/","title":{"rendered":"P\u00c9RDIDA  DE LA SOBERANIA NACIONAL EN COLOMBIA ATENTA CONTRA LOS GOBIERNOS PROGRESISTAS Y TRANQUILIDAD DE LA REGION"},"content":{"rendered":"<p>El sindicato Nacional de los Trabajadores de la Industria del carb\u00f3n SINTRACARBON, rechaza de forma en\u00e9rgica la instalaci\u00f3n  de bases militares en territorio colombiano, con el aval del gobierno fascista de Uribe V\u00e9lez, y en detrimento del pueblo colombiano en:<\/p>\n<p>\u2022\tPerdida de la Soberan\u00eda Nacional,  donde se coloca todo el territorio nacional colombiano, en tierra, mar y aire a disposici\u00f3n del ejercito Estadounidense. Desconociendo las instancias consultivas y violando el estado social de derecho.<\/p>\n<p>\u2022\tSe permite un posicionamiento geopol\u00edtico de los EE.UU., para establecer control sobre nuestros recursos naturales y vigilancia militar permanente de la regi\u00f3n   para tratar de impedir la integraci\u00f3n latinoamericana y del caribe, atentando contra la hegemon\u00eda continental, tal como  en nuestro hermano pueblo hondure\u00f1o.<\/p>\n<p>\u2022\tSe le niega al pueblo colombiano el conocimiento de los t\u00e9rminos reales del acuerdo, bajo el supuesto que es una extensi\u00f3n de uno ya establecido, sin embargo, en lo poco que conocemos de el, se le otorga inmunidad diplom\u00e1tica a los militares y contratistas del ejercito de EE.UU., que finalmente terminar\u00e1 convertida en impunidad, argumentando que se necesita ayuda militar para continuar combatiendo el narcotr\u00e1fico y terrorismo, para fortalecer la Seguridad Democr\u00e1tica,  que permite el libre transito por las carretas a los colombianos, pero le niega la posibilidad de poder sentarse en las puertas de su casa ante la imperante  y rampante violencia  actual.<\/p>\n<p>Por todas las razones expuestas, SINTRACARBON convoca a todas las organizaciones populares, sociales, estudiantiles e ind\u00edgenas, al igual que todas las fuerzas vivas del departamento de la Guajira y al pueblo colombiano en general, a que nos movilicemos en rechazo a este tipo de atropellos que atentan contra la soberan\u00eda nacional, los procesos de integraci\u00f3n latinoamericano y del caribe y la tranquilidad de la regi\u00f3n.  <\/p>\n<p>\u00a1MOVILIZACION Y LUCHA!<\/p>\n","protected":false},"excerpt":{"rendered":"<p>El sindicato Nacional de los Trabajadores de la Industria del carb\u00f3n SINTRACARBON, rechaza de forma en\u00e9rgica la instalaci\u00f3n de bases militares en territorio colombiano, con el aval del gobierno fascista de Uribe V\u00e9lez, y en detrimento del pueblo colombiano en: \u2022 Perdida de la Soberan\u00eda Nacional, donde se coloca todo el territorio nacional colombiano, en [&hellip;]<\/p>\n","protected":false},"author":1,"featured_media":0,"comment_status":"open","ping_status":"open","sticky":false,"template":"","format":"standard","meta":{"advanced_seo_description":"","jetpack_seo_html_title":"","jetpack_seo_noindex":false,"_jetpack_memberships_contains_paid_content":false,"footnotes":""},"categories":[7],"tags":[],"class_list":["post-3333","post","type-post","status-publish","format-standard","hentry","category-pronunciamientos-de-organizaciones-sociales"],"jetpack_featured_media_url":"","jetpack-related-posts":[{"id":5406,"url":"https:\/\/moir.com.co\/web\/el-quimbo-una-afrenta-contra-la-dignidad-y-los-derechos-de-la-nacion-colombiana\/","url_meta":{"origin":3333,"position":0},"title":"El Quimbo: una afrenta contra la dignidad y los derechos de la naci\u00f3n colombiana","author":"admin","date":"marzo 15, 2011","format":false,"excerpt":"Se realiza hoy 14 de marzo la gran movilizaci\u00f3n social por la defensa del territorio, de los derechos sociales, econ\u00f3micos y ambientales de los colombianos por los desarrollos mineros, energ\u00e9ticos y agroindustriales que el gran capital monop\u00f3lico transnacional. Para los huilenses el proyecto de El Quimbo, que ser\u00e1 la primera\u2026","rel":"","context":"En \u00abPolo Democr\u00e1tico Alternativo\u00bb","block_context":{"text":"Polo Democr\u00e1tico Alternativo","link":"https:\/\/moir.com.co\/web\/category\/polo-democratico-alternativo\/"},"img":{"alt_text":"","src":"","width":0,"height":0},"classes":[]},{"id":3780,"url":"https:\/\/moir.com.co\/web\/a-todas-las-organizaciones-y-movimientos-sociales-del-pais-no-a-las-bases-estadounidenses-en-colombia\/","url_meta":{"origin":3333,"position":1},"title":"A todas las organizaciones y movimientos sociales del pa\u00eds: No a las bases estadounidenses en Colombia","author":"admin","date":"noviembre 18, 2009","format":false,"excerpt":"Estimados amigos y amigas, Frente a los riesgos que para el pa\u00eds y la regi\u00f3n implicar\u00e1 la instalaci\u00f3n de al menos siete bases militares estadounidenses en territorio colombiano, distintas organizaciones, movimientos sociales y personas a t\u00edtulo profesional nos hemos reunido para debatir esta situaci\u00f3n y pensar en estrategias y acciones.\u2026","rel":"","context":"En \u00abTemas\u00bb","block_context":{"text":"Temas","link":"https:\/\/moir.com.co\/web\/category\/temas\/"},"img":{"alt_text":"","src":"","width":0,"height":0},"classes":[]},{"id":4780,"url":"https:\/\/moir.com.co\/web\/region-caribe-y-unidad-nacional\/","url_meta":{"origin":3333,"position":2},"title":"Regi\u00f3n Caribe y unidad nacional","author":"admin","date":"septiembre 9, 2010","format":false,"excerpt":"Uno de los temas que ha generado mayor discusi\u00f3n \u00faltimamente es el relacionado con el impulso a la constituci\u00f3n de la regi\u00f3n Caribe que ha llevado al gobierno nacional a presentar un proyecto de ley org\u00e1nica de ordenamiento territorial al congreso de la Rep\u00fablica. Es cierto que en la Costa\u2026","rel":"","context":"En \u00abTemas\u00bb","block_context":{"text":"Temas","link":"https:\/\/moir.com.co\/web\/category\/temas\/"},"img":{"alt_text":"","src":"","width":0,"height":0},"classes":[]},{"id":1963,"url":"https:\/\/moir.com.co\/web\/el-tlc-es-incompatible-con-la-soberania-el-progreso-y-el-empleo-nacional\/","url_meta":{"origin":3333,"position":3},"title":"EL TLC ES INCOMPATIBLE CON LA SOBERAN\u00cdA, EL PROGRESO Y EL EMPLEO NACIONAL","author":"admin","date":"mayo 17, 2007","format":false,"excerpt":"Oficina de prensa del senador Jorge Enrique Robledo, Bogot\u00e1, 16 de mayo de 2007 En el debate de hoy en la plenaria del Senado, el senador Jorge Enrique Robledo, le exigi\u00f3 de nuevo, en aras de la dignidad nacional, al gobierno de \u00c1lvaro Uribe V\u00e9lez y a sus mayor\u00edas en\u2026","rel":"","context":"En \u00abTemas\u00bb","block_context":{"text":"Temas","link":"https:\/\/moir.com.co\/web\/category\/temas\/"},"img":{"alt_text":"","src":"","width":0,"height":0},"classes":[]},{"id":2212,"url":"https:\/\/moir.com.co\/web\/no-perder-los-principios-ni-la-cabeza-fria\/","url_meta":{"origin":3333,"position":4},"title":"NO PERDER LOS PRINCIPIOS NI LA CABEZA FR\u00cdA","author":"admin","date":"marzo 7, 2008","format":false,"excerpt":"Jorge Enrique Robledo, Bogot\u00e1, 6 de marzo de 2008 Los siguientes son los principales comentarios que hizo la bancada del Polo en el Congreso el 4 de marzo pasado, a prop\u00f3sito del grave deterioro de las relaciones de Colombia sus vecinos: \u201cSon los pueblos de los tres pa\u00edses, y en\u2026","rel":"","context":"En \u00abJorge Enrique Robledo\u00bb","block_context":{"text":"Jorge Enrique Robledo","link":"https:\/\/moir.com.co\/web\/category\/jorge-enrique-robledo\/"},"img":{"alt_text":"","src":"","width":0,"height":0},"classes":[]},{"id":3310,"url":"https:\/\/moir.com.co\/web\/la-cut-exige-respeto-a-la-soberania-nacional\/","url_meta":{"origin":3333,"position":5},"title":"LA CUT EXIGE RESPETO A LA SOBERAN\u00cdA NACIONAL","author":"admin","date":"julio 22, 2009","format":false,"excerpt":"La Central Unitaria de Trabajadores de Colombia CUT rechaza la decisi\u00f3n unilateral del Gobierno, que desconociendo al Congreso de la Rep\u00fablica permitir\u00e1 a las Fuerzas Armadas estadounidenses operar en actividades antidrogas y antiterroristas desde las bases militares colombianas de Malambo (Atl\u00e1ntico), Palanquero (Cundinamarca) y Apiay (Meta), adem\u00e1s de la posibilidad\u2026","rel":"","context":"En \u00abPronunciamientos de Organizaciones Sociales\u00bb","block_context":{"text":"Pronunciamientos de Organizaciones Sociales","link":"https:\/\/moir.com.co\/web\/category\/pronunciamientos-de-organizaciones-sociales\/"},"img":{"alt_text":"","src":"","width":0,"height":0},"classes":[]}],"jetpack_sharing_enabled":true,"_links":{"self":[{"href":"https:\/\/moir.com.co\/web\/wp-json\/wp\/v2\/posts\/3333","targetHints":{"allow":["GET"]}}],"collection":[{"href":"https:\/\/moir.com.co\/web\/wp-json\/wp\/v2\/posts"}],"about":[{"href":"https:\/\/moir.com.co\/web\/wp-json\/wp\/v2\/types\/post"}],"author":[{"embeddable":true,"href":"https:\/\/moir.com.co\/web\/wp-json\/wp\/v2\/users\/1"}],"replies":[{"embeddable":true,"href":"https:\/\/moir.com.co\/web\/wp-json\/wp\/v2\/comments?post=3333"}],"version-history":[{"count":0,"href":"https:\/\/moir.com.co\/web\/wp-json\/wp\/v2\/posts\/3333\/revisions"}],"wp:attachment":[{"href":"https:\/\/moir.com.co\/web\/wp-json\/wp\/v2\/media?parent=3333"}],"wp:term":[{"taxonomy":"category","embeddable":true,"href":"https:\/\/moir.com.co\/web\/wp-json\/wp\/v2\/categories?post=3333"},{"taxonomy":"post_tag","embeddable":true,"href":"https:\/\/moir.com.co\/web\/wp-json\/wp\/v2\/tags?post=3333"}],"curies":[{"name":"wp","href":"https:\/\/api.w.org\/{rel}","templated":true}]}}