{"id":3310,"date":"2009-07-22T19:59:11","date_gmt":"2009-07-22T19:59:11","guid":{"rendered":"https:\/\/moir.org.co\/web\/la-cut-exige-respeto-a-la-soberania-nacional\/"},"modified":"2009-07-22T19:59:11","modified_gmt":"2009-07-22T19:59:11","slug":"la-cut-exige-respeto-a-la-soberania-nacional","status":"publish","type":"post","link":"https:\/\/moir.com.co\/web\/la-cut-exige-respeto-a-la-soberania-nacional\/","title":{"rendered":"LA CUT EXIGE RESPETO A LA SOBERAN\u00cdA NACIONAL"},"content":{"rendered":"<p>La Central Unitaria de Trabajadores de Colombia CUT rechaza la decisi\u00f3n unilateral  del Gobierno, que desconociendo al Congreso de la Rep\u00fablica  permitir\u00e1 a las Fuerzas Armadas estadounidenses operar en actividades antidrogas y antiterroristas desde las bases militares colombianas de Malambo (Atl\u00e1ntico), Palanquero (Cundinamarca) y Apiay (Meta), adem\u00e1s de la posibilidad de otras dos donde ya hay personal asignado de Estados Unidos: Larandia (Caquet\u00e1) y Tolemaida (Tolima). <\/p>\n<p>La CUT exige al Gobierno el respeto a la soberan\u00eda nacional a trav\u00e9s del levantamiento de esas bases del territorio colombiano, puesto que esta decisi\u00f3n va en contrav\u00eda a los caminos de paz que se han buscado, profundizar\u00e1 el conflicto interno y generar\u00e1 conflictos externos. Estas bases concedidas graciosamente por el r\u00e9gimen uribista a los Estados Unidos a espaldas de la Naci\u00f3n y del Congreso, se suman a las m\u00e1s de 700 que ya tiene esta potencia en todo el mundo. El acantonamiento de tropas extranjeras en Colombia est\u00e1 prohibido por la Constituci\u00f3n Nacional, la cual s\u00f3lo permite el tr\u00e1nsito autorizado previamente por el Congreso y bajo concepto favorable del Consejo de Estado. Sin embargo, en virtud de este acuerdo, habr\u00e1 permanentemente en Colombia, por lo menos, 1400 soldados norteamericanos, 800 de manera directa y otros 600 bajo el eufemismo de \u201cContratistas\u201d con que los Estados Unidos han disfrazado las tropas en sus guerras mercenarias.   <\/p>\n<p>Con esta grave decisi\u00f3n que vulnera la soberan\u00eda nacional, Colombia se convierte de hecho en un pa\u00eds hostil para los vecinos de la regi\u00f3n, al  transformarse en punta de lanza de la expansi\u00f3n de los Estados Unidos. Con esto, no s\u00f3lo se le entrega a la potencia del norte patente de corso para intervenir en nuestros asuntos internos bajo el pretexto de la lucha antinarc\u00f3ticos y antiterrorista, sino que se le facilita la infraestructura militar  y tecnol\u00f3gica para que desde nuestro territorio se perpet\u00faen ataques y bombardeos a cualquier pa\u00eds de Am\u00e9rica Latina y del Caribe.<\/p>\n<p>Esta determinaci\u00f3n, que adem\u00e1s incluye la ins\u00f3lita cl\u00e1usula de impunidad judicial para las actuaciones de las tropas norteamericanas en Colombia sin importar que sean delictivas, es prueba fehaciente de los grados de abyecci\u00f3n a los que es capaz de llegar el actual gobierno para lograr que el Congreso Norteamericano finalmente le d\u00e9 v\u00eda libre el TLC y sostenga los  flujos de dineros para el fracasado Plan Colombia, eje de la tir\u00e1nica pol\u00edtica de la seguridad democr\u00e1tica.<\/p>\n<p>La CUT exige que estos acuerdos secretos sean echados atr\u00e1s y que nuestro pa\u00eds no cumpla el dudoso honor de reemplazar con todo el territorio nacional disponible la cerrada base de Manta que el gobierno soberano de Ecuador en buena hora desaloj\u00f3 de su territorio.  <\/p>\n<p>Bogot\u00e1, 16 de julio de 2009<\/p>\n<p>TARSICIO MORA GODOY\t\tDOMINGO TOVAR ARRIETA<br \/>\nPresidente\t\t\t\t        Secretario General<\/p>\n<p>                       RAUL ARROYAVE ARANGO<br \/>\n     Director Departamento Relaciones Internacionales<\/p>\n","protected":false},"excerpt":{"rendered":"<p>La Central Unitaria de Trabajadores de Colombia CUT rechaza la decisi\u00f3n unilateral del Gobierno, que desconociendo al Congreso de la Rep\u00fablica permitir\u00e1 a las Fuerzas Armadas estadounidenses operar en actividades antidrogas y antiterroristas desde las bases militares colombianas de Malambo (Atl\u00e1ntico), Palanquero (Cundinamarca) y Apiay (Meta), adem\u00e1s de la posibilidad de otras dos donde ya [&hellip;]<\/p>\n","protected":false},"author":1,"featured_media":0,"comment_status":"open","ping_status":"open","sticky":false,"template":"","format":"standard","meta":{"advanced_seo_description":"","jetpack_seo_html_title":"","jetpack_seo_noindex":false,"_jetpack_memberships_contains_paid_content":false,"footnotes":""},"categories":[7],"tags":[],"class_list":["post-3310","post","type-post","status-publish","format-standard","hentry","category-pronunciamientos-de-organizaciones-sociales"],"jetpack_featured_media_url":"","jetpack-related-posts":[{"id":11985,"url":"https:\/\/moir.com.co\/web\/la-cut-exige-al-gobierno-nacional-respeto-por-la-decision-del-municipio-de-cajamarca\/","url_meta":{"origin":3310,"position":0},"title":"La CUT exige al gobierno nacional respeto por la decisi\u00f3n del municipio de Cajamarca","author":"admin","date":"marzo 28, 2017","format":false,"excerpt":"Comit\u00e9 Ejecutivo Nacional CUT, Bogot\u00e1, marzo 27 de \u00a02017 La CUT exige al Gobierno Nacional en cabeza del ministro de Minas, Germ\u00e1n Arce, que respete y cumpla el contundente resultado de la consulta realizada el pasado 26 de marzo en el municipio de Cajamarca, Tolima, en la cual el 97,92%\u2026","rel":"","context":"En \u00abAgro\u00bb","block_context":{"text":"Agro","link":"https:\/\/moir.com.co\/web\/category\/temas\/agro\/"},"img":{"alt_text":"","src":"","width":0,"height":0},"classes":[]},{"id":1324,"url":"https:\/\/moir.com.co\/web\/posicion-sobre-el-acuerdo-del-salario-minimo-legal\/","url_meta":{"origin":3310,"position":1},"title":"POSICI\u00d3N SOBRE EL ACUERDO DEL SALARIO M\u00cdNIMO LEGAL","author":"admin","date":"diciembre 7, 2005","format":false,"excerpt":"El acuerdo tripartito en la Comisi\u00f3n Permanente de Concertaci\u00f3n entre gobierno, patronos y centrales obreras, no corresponde a la realidad que viven el movimiento sindical y las masas laboriosas y significa un rev\u00e9s en la lucha contra las pol\u00edticas de Uribe y sus prop\u00f3sitos reeleccionistas. Tampoco se resuelve ninguno de\u2026","rel":"","context":"En \u00abPronunciamientos de Organizaciones Sociales\u00bb","block_context":{"text":"Pronunciamientos de Organizaciones Sociales","link":"https:\/\/moir.com.co\/web\/category\/pronunciamientos-de-organizaciones-sociales\/"},"img":{"alt_text":"","src":"","width":0,"height":0},"classes":[]},{"id":10769,"url":"https:\/\/moir.com.co\/web\/persistamos-en-la-necesidad-de-la-busqueda-de-un-acuerdo-de-paz\/","url_meta":{"origin":3310,"position":2},"title":"Persistamos en la necesidad de la b\u00fasqueda de un acuerdo de paz","author":"admin","date":"octubre 25, 2016","format":false,"excerpt":"El\u00edas Fonseca Cortina, Director Departamento de Comunicaciones CUT, Informativo CUT, Bogot\u00e1, octubre de 2016 El pasado domingo 2 de octubre se llev\u00f3 a cabo la votaci\u00f3n para definir la suerte del acuerdo firmado entre el gobierno colombiano y las FARC-EP, el resultado final dio ganador al NO, con el 50,21\u2026","rel":"","context":"En \u00abPol\u00edtica\u00bb","block_context":{"text":"Pol\u00edtica","link":"https:\/\/moir.com.co\/web\/category\/temas\/politica\/"},"img":{"alt_text":"","src":"https:\/\/i0.wp.com\/moir.com.co\/web\/wp-content\/uploads\/2016\/10\/plebiscitosipolo.jpg?fit=960%2C960&ssl=1&resize=350%2C200","width":350,"height":200,"srcset":"https:\/\/i0.wp.com\/moir.com.co\/web\/wp-content\/uploads\/2016\/10\/plebiscitosipolo.jpg?fit=960%2C960&ssl=1&resize=350%2C200 1x, https:\/\/i0.wp.com\/moir.com.co\/web\/wp-content\/uploads\/2016\/10\/plebiscitosipolo.jpg?fit=960%2C960&ssl=1&resize=525%2C300 1.5x, https:\/\/i0.wp.com\/moir.com.co\/web\/wp-content\/uploads\/2016\/10\/plebiscitosipolo.jpg?fit=960%2C960&ssl=1&resize=700%2C400 2x"},"classes":[]},{"id":3605,"url":"https:\/\/moir.com.co\/web\/declaracion-de-la-xlv-junta-nacional-de-la-cut-contra-las-politicas-imperialistas-y-la-reeleccion-uribista\/","url_meta":{"origin":3310,"position":3},"title":"DECLARACI\u00d3N DE LA XLV JUNTA NACIONAL DE LA CUT: Contra las pol\u00edticas imperialistas y la reelecci\u00f3n uribista","author":"admin","date":"octubre 3, 2009","format":false,"excerpt":"La Junta Directiva Nacional de nuestra Central sesiona en medio de la mayor agresi\u00f3n imperialista a nuestra soberan\u00eda nacional, desde la p\u00e9rdida de Panam\u00e1: El acuerdo militar con el gobierno de Estados Unidos para instalar sofisticados equipos y armamento y estacionar tropas en siete (7) bases militares colombianas. Con ello,\u2026","rel":"","context":"En \u00abPronunciamientos de Organizaciones Sociales\u00bb","block_context":{"text":"Pronunciamientos de Organizaciones Sociales","link":"https:\/\/moir.com.co\/web\/category\/pronunciamientos-de-organizaciones-sociales\/"},"img":{"alt_text":"","src":"","width":0,"height":0},"classes":[]},{"id":1404,"url":"https:\/\/moir.com.co\/web\/declaracion-del-encuentro-de-solidaridad-con-los-mineros-del-carbon\/","url_meta":{"origin":3310,"position":4},"title":"DECLARACI\u00d3N DEL ENCUENTRO DE SOLIDARIDAD CON LOS MINEROS DEL CARB\u00d3N","author":"admin","date":"mayo 24, 2006","format":false,"excerpt":"Las organizaciones y personalidades que acudimos a esta importante convocatoria de la CUT, Funtraenerg\u00e9tica y Sintraminerg\u00e9tica y el Comit\u00e9 por un Cesar Productivo, expresamos nuestro m\u00e1s irrestricto respaldo a la huelga que adelantan los trabajadores de las empresas Drummond, Glencore y Prodeco, en las minas de La Jagua de Ib\u00e9rico\u2026","rel":"","context":"En \u00abPronunciamientos de Organizaciones Sociales\u00bb","block_context":{"text":"Pronunciamientos de Organizaciones Sociales","link":"https:\/\/moir.com.co\/web\/category\/pronunciamientos-de-organizaciones-sociales\/"},"img":{"alt_text":"","src":"","width":0,"height":0},"classes":[]},{"id":1445,"url":"https:\/\/moir.com.co\/web\/declaracion-politica-del-v-congreso-de-la-cut\/","url_meta":{"origin":3310,"position":5},"title":"DECLARACI\u00d3N POL\u00cdTICA DEL V CONGRESO DE LA CUT","author":"admin","date":"agosto 20, 2006","format":false,"excerpt":"El V Congreso de la CUT una vez presentadas y discutidas las diferentes tesis sobre la situaci\u00f3n pol\u00edtica nacional e internacional acuerda la siguiente declaraci\u00f3n pol\u00edtica: 1. El proceso pol\u00edtico que se inici\u00f3 con el gobierno de \u00c1lvaro Uribe V\u00e9lez en agosto de 2002, las recientes elecciones parlamentarias y su\u2026","rel":"","context":"En \u00abPronunciamientos de Organizaciones Sociales\u00bb","block_context":{"text":"Pronunciamientos de Organizaciones Sociales","link":"https:\/\/moir.com.co\/web\/category\/pronunciamientos-de-organizaciones-sociales\/"},"img":{"alt_text":"","src":"","width":0,"height":0},"classes":[]}],"jetpack_sharing_enabled":true,"_links":{"self":[{"href":"https:\/\/moir.com.co\/web\/wp-json\/wp\/v2\/posts\/3310","targetHints":{"allow":["GET"]}}],"collection":[{"href":"https:\/\/moir.com.co\/web\/wp-json\/wp\/v2\/posts"}],"about":[{"href":"https:\/\/moir.com.co\/web\/wp-json\/wp\/v2\/types\/post"}],"author":[{"embeddable":true,"href":"https:\/\/moir.com.co\/web\/wp-json\/wp\/v2\/users\/1"}],"replies":[{"embeddable":true,"href":"https:\/\/moir.com.co\/web\/wp-json\/wp\/v2\/comments?post=3310"}],"version-history":[{"count":0,"href":"https:\/\/moir.com.co\/web\/wp-json\/wp\/v2\/posts\/3310\/revisions"}],"wp:attachment":[{"href":"https:\/\/moir.com.co\/web\/wp-json\/wp\/v2\/media?parent=3310"}],"wp:term":[{"taxonomy":"category","embeddable":true,"href":"https:\/\/moir.com.co\/web\/wp-json\/wp\/v2\/categories?post=3310"},{"taxonomy":"post_tag","embeddable":true,"href":"https:\/\/moir.com.co\/web\/wp-json\/wp\/v2\/tags?post=3310"}],"curies":[{"name":"wp","href":"https:\/\/api.w.org\/{rel}","templated":true}]}}