{"id":3286,"date":"2009-07-15T23:08:19","date_gmt":"2009-07-15T23:08:19","guid":{"rendered":"https:\/\/moir.org.co\/web\/se-prepara-nueva-etapa-del-referendo-por-el-derecho-humano-al-agua\/"},"modified":"2009-07-15T23:08:19","modified_gmt":"2009-07-15T23:08:19","slug":"se-prepara-nueva-etapa-del-referendo-por-el-derecho-humano-al-agua","status":"publish","type":"post","link":"https:\/\/moir.com.co\/web\/se-prepara-nueva-etapa-del-referendo-por-el-derecho-humano-al-agua\/","title":{"rendered":"SE PREPARA NUEVA ETAPA DEL REFERENDO POR EL DERECHO HUMANO AL AGUA"},"content":{"rendered":"<p>Con la asistencia de 170 delegados, el pasado 11 de Julio  en la Universidad Cooperativa de Colombia, se realiz\u00f3 la VI Asamblea del Comit\u00e9 Nacional en Defensa del Agua y de la Vida \u2013 CNDV-  que promueve el referendo,  en ella se acord\u00f3 una serie de estrategias y acciones para continuar impulsando esta iniciativa, cuyo texto original volver\u00e1 a ser discutido por la Comisi\u00f3n Quinta de la C\u00e1mara de Representantes, a partir del pr\u00f3ximo 20 de Julio. <\/p>\n<p>En la reuni\u00f3n se analizaron las posibilidades jur\u00eddicas y pol\u00edticas de este referendo con la participaci\u00f3n de parlamentarios como el Senador H\u00e9ctor Hel\u00ed Rojas y Orsinia Polanco Representante de la misma Comisi\u00f3n. El panel sobre el tema fue coordinado por la ex \u2013 congresista, Alegr\u00eda Fonseca, destacada ambientalista, coincidiendo todos en la importancia del tema y el respaldo a la misma, la cual requiere de una amplia explicaci\u00f3n a fin de despejar dudas sobre temas claves y responder a las cr\u00edticas que ha recibido en particular de sectores gubernamentales. Otros parlamentarios invitados como el Senador Jorge Robledo enviaron mensajes a la Asamblea por encontrarse fuera del pa\u00eds. <\/p>\n<p>Con la presencia de l\u00edderes ind\u00edgenas como Feliciano Valencia, se examin\u00f3 la trascendencia de consagrar en  la Constituci\u00f3n que las agua que circulan por los territorios ind\u00edgenas y afrodescendientes sean consideradas parte integrante de los mismos, aclar\u00e1ndose que tal reconocimiento se refiere \u00fanicamente al uso cultural y tradicional que estas comunidades hacen, el cual no implica su utilizaci\u00f3n con fines comerciales e industriales, siendo por el contrario los megaproyectos que se han realizado o se proyectan en esos territorios una amenaza tanto para las comunidades como para la preservaci\u00f3n del potencial h\u00eddrico nacional. Se enfatiz\u00f3 en el car\u00e1cter colectivo, no enajenable, de los mencionados territorios y en la naturaleza estatal de las autoridades \u00e9tnicas reconocidas en la actual Constituci\u00f3n. Se destac\u00f3 igualmente el apoyo que la Minga Ind\u00edgena da al referendo y la incorporaci\u00f3n del mismo dentro de sus propuestas. <\/p>\n<p>La Asamblea rechaz\u00f3 la amenaza de las explotaci\u00f3n y exploraci\u00f3n minera en los p\u00e1ramos y dem\u00e1s ecosistemas esenciales para el ciclo del agua y acord\u00f3 realizar una movilizaci\u00f3n y un Foro en Cajamarca \u2013 Tolima- para examinar los da\u00f1os ambientales y sociales que producir\u00e1 la explotaci\u00f3n de oro en las zonas de p\u00e1ramo y subp\u00e1ramo de Anaime, una vez entre en funcionamiento la mina \u201cLa Colosa\u201d que ya cuenta con licencia ambiental para la fase de exploraci\u00f3n. <\/p>\n<p>Los Planes Departamentales de Agua, fueron objeto de an\u00e1lisis y cuestionamiento, por parte de la Comisi\u00f3n de la Asamblea encargada del tema de servicios p\u00fablicos, al tiempo que se acordaba el impulso a una confederaci\u00f3n nacional de acueductos comunitarios en la mesa respectiva y en la encargada de ecosistemas del ciclo del agua se aprobaban los actos ya mencionados en Cajamarca, en fecha que ser\u00e1 definida pr\u00f3ximamente. <\/p>\n<p>La Asamblea aprob\u00f3 tambi\u00e9n una marcha hacia la Plaza de Bol\u00edvar, en Bogot\u00e1, para pedir al Congreso la convocatoria del referendo, con el texto original firmado por m\u00e1s de dos millones de colombianos y colombianas. <\/p>\n<p>COMIT\u00c9 PROMOTOR <\/p>\n<p>Rafael Colmenares, Vocero, Tatiana Roa, Oscar Guti\u00e9rrez,<br \/>\nJavier M\u00e1rquez, Martha Ca\u00f1\u00f3n, Rodrigo Acosta, Humberto Polo, H\u00e9ctor Ga\u00f1\u00e1n y Cristo Miranda, miembros del Comit\u00e9.<\/p>\n","protected":false},"excerpt":{"rendered":"<p>Con la asistencia de 170 delegados, el pasado 11 de Julio en la Universidad Cooperativa de Colombia, se realiz\u00f3 la VI Asamblea del Comit\u00e9 Nacional en Defensa del Agua y de la Vida \u2013 CNDV- que promueve el referendo, en ella se acord\u00f3 una serie de estrategias y acciones para continuar impulsando esta iniciativa, cuyo [&hellip;]<\/p>\n","protected":false},"author":1,"featured_media":0,"comment_status":"open","ping_status":"open","sticky":false,"template":"","format":"standard","meta":{"advanced_seo_description":"","jetpack_seo_html_title":"","jetpack_seo_noindex":false,"_jetpack_memberships_contains_paid_content":false,"footnotes":""},"categories":[7],"tags":[],"class_list":["post-3286","post","type-post","status-publish","format-standard","hentry","category-pronunciamientos-de-organizaciones-sociales"],"jetpack_featured_media_url":"","jetpack-related-posts":[{"id":3029,"url":"https:\/\/moir.com.co\/web\/el-referendo-del-agua-aprobado-no-es-el-referendo-solicitado\/","url_meta":{"origin":3286,"position":0},"title":"El Referendo del Agua aprobado no es el referendo solicitado","author":"admin","date":"abril 28, 2009","format":false,"excerpt":"El 21 de Abril, el Comit\u00e9 Nacional de Promotores del referendo El Agua: Un derecho Fundamental, solicit\u00f3 a la Comisi\u00f3n Primera de la C\u00e1mara de Representantes, se respetara y aprobara el texto que hab\u00edan respaldado con su firma m\u00e1s de dos millones 200 mil colombianos. Sin embargo, acatando la orden\u2026","rel":"","context":"En \u00abOscar Guti\u00e9rrez Reyes\u00bb","block_context":{"text":"Oscar Guti\u00e9rrez Reyes","link":"https:\/\/moir.com.co\/web\/category\/bitacoras\/oscar-gutierrez-reyes\/"},"img":{"alt_text":"","src":"","width":0,"height":0},"classes":[]},{"id":3011,"url":"https:\/\/moir.com.co\/web\/intentan-trampa-con-el-referendo-del-agua\/","url_meta":{"origin":3286,"position":1},"title":"INTENTAN TRAMPA CON EL REFERENDO DEL AGUA","author":"admin","date":"abril 23, 2009","format":false,"excerpt":"El uribismo de la Comisi\u00f3n Primera de la C\u00e1mara de Representantes aprob\u00f3 el Referendo del Agua. Pero el texto aprobado no se parece en nada al que respaldaron con sus firmas m\u00e1s de dos millones de compatriotas. En el articulado que pasa a la Plenaria de la C\u00e1mara no aparece\u2026","rel":"","context":"En \u00abJorge Enrique Robledo\u00bb","block_context":{"text":"Jorge Enrique Robledo","link":"https:\/\/moir.com.co\/web\/category\/jorge-enrique-robledo\/"},"img":{"alt_text":"","src":"","width":0,"height":0},"classes":[]},{"id":2939,"url":"https:\/\/moir.com.co\/web\/el-referendo-del-agua-avanza-haciendo-camino-al-andar\/","url_meta":{"origin":3286,"position":2},"title":"El Referendo del Agua avanza, haciendo camino al andar","author":"admin","date":"abril 4, 2009","format":false,"excerpt":"Nunca como ahora hemos sentido en el trasegar del referendo del agua como movimiento, el viejo aserto de Machado: Caminante no hay camino, se hace camino al andar\u2026 Nuestros pasos han venido dejando en estas semanas cinco tipos de huellas en ese camino: 1. Expresiones callejeras como la manifestaci\u00f3n del\u2026","rel":"","context":"Entrada similar","block_context":{"text":"Entrada similar","link":""},"img":{"alt_text":"","src":"","width":0,"height":0},"classes":[]},{"id":3506,"url":"https:\/\/moir.com.co\/web\/comunicado-a-la-opinion-publica-sobre-el-referendo-del-agua\/","url_meta":{"origin":3286,"position":3},"title":"COMUNICADO A LA OPINION P\u00daBLICA SOBRE EL REFERENDO DEL AGUA","author":"admin","date":"septiembre 11, 2009","format":false,"excerpt":"El Comit\u00e9 Nacional en Defensa del Agua y de la Vida, promotor del referendo por el derecho humano al agua, ante las declaraciones del Ministro de Hacienda en el sentido de convocar para la misma fecha al pueblo colombiano para que se pronuncie sobre los referendos de reelecci\u00f3n presidencial, de\u2026","rel":"","context":"En \u00abPronunciamientos de Organizaciones Sociales\u00bb","block_context":{"text":"Pronunciamientos de Organizaciones Sociales","link":"https:\/\/moir.com.co\/web\/category\/pronunciamientos-de-organizaciones-sociales\/"},"img":{"alt_text":"","src":"","width":0,"height":0},"classes":[]},{"id":3139,"url":"https:\/\/moir.com.co\/web\/aceptada-apelacion-del-comite-promotor\/","url_meta":{"origin":3286,"position":4},"title":"\u00a1ACEPTADA APELACION DEL COMIT\u00c9 PROMOTOR!","author":"admin","date":"mayo 28, 2009","format":false,"excerpt":"Nueva oportunidad para el texto original del Referendo por el Derecho Humano al Agua. El Comit\u00e9 Promotor del Referendo saluda y agradece la decisi\u00f3n de la C\u00e1mara de Representantes, en pleno, en el sentido de aceptar la apelaci\u00f3n interpuesta por el Comit\u00e9 a trav\u00e9s del Vocero, Rafael Colmenares, lo cual\u2026","rel":"","context":"En \u00abPronunciamientos de Organizaciones Sociales\u00bb","block_context":{"text":"Pronunciamientos de Organizaciones Sociales","link":"https:\/\/moir.com.co\/web\/category\/pronunciamientos-de-organizaciones-sociales\/"},"img":{"alt_text":"","src":"","width":0,"height":0},"classes":[]},{"id":2818,"url":"https:\/\/moir.com.co\/web\/por-el-derecho-al-agua-potable-el-18-de-marzo-movilicemonos\/","url_meta":{"origin":3286,"position":5},"title":"Por el Derecho al Agua Potable, el 18 de Marzo \u00a1Movilic\u00e9monos!","author":"admin","date":"marzo 13, 2009","format":false,"excerpt":"El Comit\u00e9 Nacional en Defensa del Agua y la Vida, CNDAV, en su primera reuni\u00f3n de este a\u00f1o, realizada el 21 de enero pasado, despu\u00e9s de hacer un an\u00e1lisis del tr\u00e1mite del Referendo del Agua en la C\u00e1mara de Representantes, resolvi\u00f3 adelantar una serie de actividades y tareas que habr\u00e1n\u2026","rel":"","context":"Entrada similar","block_context":{"text":"Entrada similar","link":""},"img":{"alt_text":"","src":"","width":0,"height":0},"classes":[]}],"jetpack_sharing_enabled":true,"_links":{"self":[{"href":"https:\/\/moir.com.co\/web\/wp-json\/wp\/v2\/posts\/3286","targetHints":{"allow":["GET"]}}],"collection":[{"href":"https:\/\/moir.com.co\/web\/wp-json\/wp\/v2\/posts"}],"about":[{"href":"https:\/\/moir.com.co\/web\/wp-json\/wp\/v2\/types\/post"}],"author":[{"embeddable":true,"href":"https:\/\/moir.com.co\/web\/wp-json\/wp\/v2\/users\/1"}],"replies":[{"embeddable":true,"href":"https:\/\/moir.com.co\/web\/wp-json\/wp\/v2\/comments?post=3286"}],"version-history":[{"count":0,"href":"https:\/\/moir.com.co\/web\/wp-json\/wp\/v2\/posts\/3286\/revisions"}],"wp:attachment":[{"href":"https:\/\/moir.com.co\/web\/wp-json\/wp\/v2\/media?parent=3286"}],"wp:term":[{"taxonomy":"category","embeddable":true,"href":"https:\/\/moir.com.co\/web\/wp-json\/wp\/v2\/categories?post=3286"},{"taxonomy":"post_tag","embeddable":true,"href":"https:\/\/moir.com.co\/web\/wp-json\/wp\/v2\/tags?post=3286"}],"curies":[{"name":"wp","href":"https:\/\/api.w.org\/{rel}","templated":true}]}}