{"id":3241,"date":"2009-06-22T19:58:57","date_gmt":"2009-06-22T19:58:57","guid":{"rendered":"https:\/\/moir.org.co\/web\/exigimos-el-reintegro-de-vicente-pomarico\/"},"modified":"2009-06-22T19:58:57","modified_gmt":"2009-06-22T19:58:57","slug":"exigimos-el-reintegro-de-vicente-pomarico","status":"publish","type":"post","link":"https:\/\/moir.com.co\/web\/exigimos-el-reintegro-de-vicente-pomarico\/","title":{"rendered":"EXIGIMOS EL REINTEGRO DE VICENTE POMARICO"},"content":{"rendered":"<p>En el marco de la 98\u00aa Conferencia Internacional de la OIT realizada en d\u00edas pasados en Ginebra-Suiza, las centrales obreras colombianas tuvieron la oportunidad de denunciar la vulneraci\u00f3n y el desconocimiento  sistem\u00e1tico de los  derechos de asociaci\u00f3n Libertad sindical y negociaci\u00f3n colectiva a los trabajadores por parte del estado colombiano, representado el estado  en el Ministerio de la Protecci\u00f3n Social y como \u00e9ste no permiti\u00f3 la creaci\u00f3n de m\u00e1s de trescientos sindicatos en los \u00faltimos a\u00f1os.<\/p>\n<p>Entendiendo \u00e9sta como una pol\u00edtica de estado, proveniente de un gobierno que se ha caracterizado por legislar a favores de la oligarqu\u00eda colombiana y Multinacionales, en detrimento de las condiciones laborales y derechos de los trabajadores, sin embargo, es importante destacar la denuncia realizada por las Centrales Obreras Colombianas, que deja como resultado la inclusi\u00f3n de Colombia en la lista de los veinticinco pa\u00edses que m\u00e1s violan y desconocen los derechos fundamentales de los trabajadores<\/p>\n<p>En la empresa CERREJON, propiedad de las Multinacionales BH BILLITON, .ANGLO AMERICA y XSTRATA, existen en la actualidad m\u00e1s de trescientas empresas contratistas que durante veinticinco a\u00f1os aproximadamente le han negado el derecho de asociaci\u00f3n, libertad sindical y negociaci\u00f3n colectiva a m\u00e1s de cinco mil trabajadores tercerizados, ofreciendo trabajos que rayan con el trabajo semiesclavo o esclavo, en condiciones precarizadas, los cuales pueden ser clasificados como trabajos indecentes que no permiten la posibilidad de una vida digna para estos trabajadores, y que obedecen a una pol\u00edtica de estado a beneficio de la oligarqu\u00eda y multinacionales. <\/p>\n<p>Recientemente los trabajadores de la empresa SOTRANS (Empresa Contratista, que transporta a los trabajadores de Cerrej\u00f3n desde su sitio de residencia al lugar de trabajo y viceversa), decidieron organizarse sindicalmente y fue as\u00ed como crearon el Sindicato Nacional de Trabajadores de la  empresa Sotrans SINTRANS.<\/p>\n<p>SINTRACARBON rechaza en\u00e9rgicamente las pol\u00edticas de hostigamiento, persecuci\u00f3n y represi\u00f3n a que vienen siendo sometidos estos compa\u00f1eros, por parte de la empresa SOTRANS, lideradas por Juan Berm\u00fadez y Edgar Acosta. Represi\u00f3n con la cual cancelaron el contrato de trabajo al compa\u00f1ero VICENTE POMARICO, en condici\u00f3n de directivo de este reci\u00e9n creado sindicato, y quien goza del fuero de fundador y fuero sindical, hecho que desconoce esta contratista chupasangre y negrera, vulnerando el derecho de asociaci\u00f3n y atentando de forma flagrante contra el libre ejercicio de la actividad sindical, por esta raz\u00f3n, SINTRACARBON exige  el reintegro inmediato del compa\u00f1ero VICENTE POMARICO, e invita a todas las organizaciones sociales. Populares, campesinas, estudiantiles, sindicales, Ong\u201ds internacionales, al comit\u00e9 de libertad sindical de la OIT, a las centrales obreras de Colombia y el mundo, para que rechacen este tipo de atropellos contra la clase obrera colombiana y el movimiento sindical mundial.<\/p>\n<p>De igual forma, SINTRACARBON rechaza en\u00e9rgicamente la postura pasiva de la empresa CERREJON, quien se ampara en el concepto de autonom\u00eda empresarial y permite que estas empresas contratistas, exploten y mantengan en condiciones precarias de trabajo  a estos trabajadores tercerizados en sus propias instalaciones, por lo que manifestamos la corresponsabilidad que existe por parte de esta multinacional.<\/p>\n","protected":false},"excerpt":{"rendered":"<p>En el marco de la 98\u00aa Conferencia Internacional de la OIT realizada en d\u00edas pasados en Ginebra-Suiza, las centrales obreras colombianas tuvieron la oportunidad de denunciar la vulneraci\u00f3n y el desconocimiento sistem\u00e1tico de los derechos de asociaci\u00f3n Libertad sindical y negociaci\u00f3n colectiva a los trabajadores por parte del estado colombiano, representado el estado en el [&hellip;]<\/p>\n","protected":false},"author":1,"featured_media":0,"comment_status":"open","ping_status":"open","sticky":false,"template":"","format":"standard","meta":{"advanced_seo_description":"","jetpack_seo_html_title":"","jetpack_seo_noindex":false,"_jetpack_memberships_contains_paid_content":false,"footnotes":""},"categories":[7],"tags":[],"class_list":["post-3241","post","type-post","status-publish","format-standard","hentry","category-pronunciamientos-de-organizaciones-sociales"],"jetpack_featured_media_url":"","jetpack-related-posts":[{"id":523,"url":"https:\/\/moir.com.co\/web\/circular-urgente-del-comando-nacional-unitario\/","url_meta":{"origin":3241,"position":0},"title":"CIRCULAR URGENTE DEL COMANDO NACIONAL UNITARIO","author":"admin","date":"agosto 10, 2004","format":false,"excerpt":"Junio 13 de 2003 Fraternal saludo En reuni\u00f3n extraordinaria del Comando Nacional Unitario CNU, realizada en la fecha, en la sede sindical de la USTC, teniendo en cuenta la agresiva pol\u00edtica y decisi\u00f3n del Gobierno del doctor ALVARO URIBE VELEZ, frente a los trabajadores de TELECOM, la militarizaci\u00f3n de sus\u2026","rel":"","context":"En \u00abPronunciamientos de Organizaciones Sociales\u00bb","block_context":{"text":"Pronunciamientos de Organizaciones Sociales","link":"https:\/\/moir.com.co\/web\/category\/pronunciamientos-de-organizaciones-sociales\/"},"img":{"alt_text":"","src":"","width":0,"height":0},"classes":[]},{"id":3866,"url":"https:\/\/moir.com.co\/web\/en-parlamento-europeo-delegacion-colombiana-defendio-los-intereses-nacionales\/","url_meta":{"origin":3241,"position":1},"title":"En parlamento europeo delegaci\u00f3n colombiana defendi\u00f3 los intereses nacionales","author":"admin","date":"diciembre 15, 2009","format":false,"excerpt":"L\u00edderes pol\u00edticos y sociales colombianos, encabezados por Jorge Enrique Robledo, senador del Polo Democr\u00e1tico Alternativo; Ra\u00fal Arroyave, de la Central Unitaria de Trabajadores; y Y\u00e9ssika Hoyos, defensora de derechos humanos, adelantaron una importante jornada de incidencia en Europa, para manifestar la inconveniencia de firmar un Tratado de Libre Comercio entre\u2026","rel":"","context":"En \u00ab\u00a1No a los TLC y al ALCA!\u00bb","block_context":{"text":"\u00a1No a los TLC y al ALCA!","link":"https:\/\/moir.com.co\/web\/category\/temas\/no-a-los-tlc-y-al-alca\/"},"img":{"alt_text":"","src":"","width":0,"height":0},"classes":[]},{"id":675,"url":"https:\/\/moir.com.co\/web\/declaracion-de-la-cumbre-politica-y-social\/","url_meta":{"origin":3241,"position":2},"title":"DECLARACI\u00d3N DE LA CUMBRE POL\u00cdTICA Y SOCIAL","author":"admin","date":"agosto 11, 2004","format":false,"excerpt":"En esta amplia y representativa Cumbre Pol\u00edtica y Social que se ha realizado hoy, 22 de julio, en el auditorio del edificio Orqu\u00eddea Real de Bogot\u00e1, la Gran Coalici\u00f3n Democr\u00e1tica, los partidos pol\u00edticos democr\u00e1ticos, el movimiento sindical confederado, parlamentarios, diputados y concejales de diversas corrientes pol\u00edticas, los pensionados y las\u2026","rel":"","context":"En \u00abPronunciamientos de Organizaciones Sociales\u00bb","block_context":{"text":"Pronunciamientos de Organizaciones Sociales","link":"https:\/\/moir.com.co\/web\/category\/pronunciamientos-de-organizaciones-sociales\/"},"img":{"alt_text":"","src":"","width":0,"height":0},"classes":[]},{"id":19558,"url":"https:\/\/moir.com.co\/web\/declaracion-de-la-cumbre-politica-y-social-2\/","url_meta":{"origin":3241,"position":3},"title":"DECLARACI\u00d3N DE LA CUMBRE POL\u00cdTICA Y SOCIAL","author":"admin","date":"agosto 4, 2004","format":false,"excerpt":"Bogot\u00e1, julio 22 de 2004 En esta amplia y representativa Cumbre Pol\u00edtica y Social que se ha realizado hoy, 22 de julio, en el auditorio del edificio Orqu\u00eddea Real de Bogot\u00e1, la Gran Coalici\u00f3n Democr\u00e1tica, los partidos pol\u00edticos democr\u00e1ticos, el movimiento sindical confederado, parlamentarios, diputados y concejales de diversas corrientes\u2026","rel":"","context":"En \u00abTribuna Roja N\u00ba 96; Julio 23 de 2004\u00bb","block_context":{"text":"Tribuna Roja N\u00ba 96; Julio 23 de 2004","link":"https:\/\/moir.com.co\/web\/category\/tribuna-roja\/ediciones-2000-2004\/tribuna-roja-no-96-julio-23-de-2004\/"},"img":{"alt_text":"","src":"","width":0,"height":0},"classes":[]},{"id":5406,"url":"https:\/\/moir.com.co\/web\/el-quimbo-una-afrenta-contra-la-dignidad-y-los-derechos-de-la-nacion-colombiana\/","url_meta":{"origin":3241,"position":4},"title":"El Quimbo: una afrenta contra la dignidad y los derechos de la naci\u00f3n colombiana","author":"admin","date":"marzo 15, 2011","format":false,"excerpt":"Se realiza hoy 14 de marzo la gran movilizaci\u00f3n social por la defensa del territorio, de los derechos sociales, econ\u00f3micos y ambientales de los colombianos por los desarrollos mineros, energ\u00e9ticos y agroindustriales que el gran capital monop\u00f3lico transnacional. Para los huilenses el proyecto de El Quimbo, que ser\u00e1 la primera\u2026","rel":"","context":"En \u00abPolo Democr\u00e1tico Alternativo\u00bb","block_context":{"text":"Polo Democr\u00e1tico Alternativo","link":"https:\/\/moir.com.co\/web\/category\/polo-democratico-alternativo\/"},"img":{"alt_text":"","src":"","width":0,"height":0},"classes":[]},{"id":5672,"url":"https:\/\/moir.com.co\/web\/la-cut-pide-que-el-gobierno-colombiano-quede-incluido-en-los-25-paises-que-mas-violan-los-dd-hh-y-sindicales\/","url_meta":{"origin":3241,"position":5},"title":"La CUT pide que el gobierno colombiano quede incluido en los 25 pa\u00edses que m\u00e1s violan los DD.HH. y sindicales","author":"admin","date":"junio 2, 2011","format":false,"excerpt":"Durante el desarrollo de la 100\u00ba Conferencia Anual de la Organizaci\u00f3n Internacional del Trabajo, la reuni\u00f3n de su Comit\u00e9 de Normas, inici\u00f3 incluyendo a Colombia en la lista de los 44 pa\u00edses a examinar por el incumplimiento de las normas internacionales del trabajo y la protecci\u00f3n de los derechos humanos.\u2026","rel":"","context":"En \u00abPronunciamientos de Organizaciones Sociales\u00bb","block_context":{"text":"Pronunciamientos de Organizaciones Sociales","link":"https:\/\/moir.com.co\/web\/category\/pronunciamientos-de-organizaciones-sociales\/"},"img":{"alt_text":"","src":"","width":0,"height":0},"classes":[]}],"jetpack_sharing_enabled":true,"_links":{"self":[{"href":"https:\/\/moir.com.co\/web\/wp-json\/wp\/v2\/posts\/3241","targetHints":{"allow":["GET"]}}],"collection":[{"href":"https:\/\/moir.com.co\/web\/wp-json\/wp\/v2\/posts"}],"about":[{"href":"https:\/\/moir.com.co\/web\/wp-json\/wp\/v2\/types\/post"}],"author":[{"embeddable":true,"href":"https:\/\/moir.com.co\/web\/wp-json\/wp\/v2\/users\/1"}],"replies":[{"embeddable":true,"href":"https:\/\/moir.com.co\/web\/wp-json\/wp\/v2\/comments?post=3241"}],"version-history":[{"count":0,"href":"https:\/\/moir.com.co\/web\/wp-json\/wp\/v2\/posts\/3241\/revisions"}],"wp:attachment":[{"href":"https:\/\/moir.com.co\/web\/wp-json\/wp\/v2\/media?parent=3241"}],"wp:term":[{"taxonomy":"category","embeddable":true,"href":"https:\/\/moir.com.co\/web\/wp-json\/wp\/v2\/categories?post=3241"},{"taxonomy":"post_tag","embeddable":true,"href":"https:\/\/moir.com.co\/web\/wp-json\/wp\/v2\/tags?post=3241"}],"curies":[{"name":"wp","href":"https:\/\/api.w.org\/{rel}","templated":true}]}}