{"id":3225,"date":"2009-06-18T20:02:35","date_gmt":"2009-06-18T20:02:35","guid":{"rendered":"https:\/\/moir.org.co\/web\/no-a-la-avenida-colon-si-a-vivienda-digna\/"},"modified":"2009-06-18T20:02:35","modified_gmt":"2009-06-18T20:02:35","slug":"no-a-la-avenida-colon-si-a-vivienda-digna","status":"publish","type":"post","link":"https:\/\/moir.com.co\/web\/no-a-la-avenida-colon-si-a-vivienda-digna\/","title":{"rendered":"NO A LA AVENIDA COLON, SI A VIVIENDA DIGNA"},"content":{"rendered":"<p>Las organizaciones sociales y comunales que convocaron el Foro Ciudadano Comuna San Jos\u00e9: Renovaci\u00f3n Urbana o Desplazamiento Social, realizado hoy 7 de junio de 2009, y los asistentes al mismo, hemos decidido expresar nuestra posici\u00f3n de manera unificada en la presente declaraci\u00f3n.<\/p>\n<p>Un an\u00e1lisis minucioso de la propuesta de Renovaci\u00f3n Urbana de la Comuna San Jos\u00e9 que viene desarrollando la Alcald\u00eda de Manizales y que ha sido avalada en parte por el Ministerio de Ambiente, Vivienda y Desarrollo Territorial, ense\u00f1a que m\u00e1s que Renovaci\u00f3n Urbana, lo que se va a dar es un inmenso desplazamiento social. As\u00ed como se encuentra formulada la pol\u00edtica de la Alcald\u00eda y el Ministerio, no beneficiar\u00e1 a la mayor\u00eda de los habitantes de la Comuna San Jos\u00e9 sino que, por el contrario, los perjudicar\u00e1. Las razones son las siguientes:<\/p>\n<p>1.\tLa Alcald\u00eda tiene como proyecto prioritario la construcci\u00f3n del Par Vial Avenida Col\u00f3n que implica desalojar de sus viviendas a casi seiscientas familias y que con la llamada \u201cZona Mixta\u201d expropiar\u00e1 a cuatrocientas treinta y siete m\u00e1s que perder\u00e1n sus casas y sus tierras para que la Alcald\u00eda de Manizales, una vez se haga a la tierra, la venda a grandes constructores privados para que hagan negocios construyendo viviendas de inter\u00e9s social -VIS-, que como conoce la opini\u00f3n p\u00fablica no son exactamente para los estratos uno y dos.<\/p>\n<p>2.\tAspira la alcald\u00eda adem\u00e1s, a comprar o expropiar los terrenos sobre los cuales est\u00e1n construidas mil viviendas en las que habitan m\u00e1s de 1600 familias para demolerlas y construir la llamada vivienda de inter\u00e9s prioritario -VIP- que, seg\u00fan el proyecto, ser\u00e1n 93 edificios con tres mil apartamentos cada uno con un \u00e1rea de 42 metros cuadrados y que, seg\u00fan la misma administraci\u00f3n, ser\u00e1n para las familias que habitan en las zonas de riesgo en los sectores de ladera de la Comuna. No se entiende muy bien para que se van a construir 3000 apartamentos si las familias a trasladar de las zonas de riesgo son 1200. \u00bfSer\u00e1 que acaso se aspira a amontonar en esos apartamentos a los dem\u00e1s desplazados por el proyecto de renovaci\u00f3n urbana?  <\/p>\n<p>3.\tContempla el proyecto expropiar o adquirir ciento noventa y ocho predios en los que dice la alcald\u00eda, se construir\u00e1 un Mega-Colegio que -afirman adem\u00e1s- se entregar\u00e1 en concesi\u00f3n a empresarios privados y el Parque Tecnol\u00f3gico. Sobre este caso queremos hacer una denuncia especial; es inaudito que se desaloje de sus viviendas a familias que han hecho su ahorro de toda la vida en esas viviendas para entregar esas tierras a los negociantes privados o mixtos que hoy son due\u00f1os de los Call-Center. <\/p>\n<p>4.\tDentro del Plan Parcial de Renovaci\u00f3n de la Galer\u00eda est\u00e1 contemplado -seg\u00fan las declaraciones de funcionarios de Infimanizales- tumbar el pabell\u00f3n central y hacer all\u00ed un parque. Las gentes se preguntan. \u00bfD\u00f3nde ganar\u00e1n su sustento quienes hoy derivan sus ingresos de las ventas tanto dentro como en los alrededores de la Galer\u00eda? Similar inquietud presentan los comerciantes de repuestos y los mec\u00e1nicos del Parque Liborio con relaci\u00f3n al ejercicio de sus oficios. Ninguno de estos proyectos han sido consultados ni concertados con la comunidad. A \u00e9sta ni siquiera se le ha contado en que consiste el proyecto en la Galer\u00eda y menos han dicho cu\u00e1l ser\u00e1 el futuro de quienes hoy trabajan en el Parque Liborio.<\/p>\n<p>5.\tCon la idea de que se debe hacer equipamiento urbano, el proyecto plantea la construcci\u00f3n de seiscientos parqueaderos en el parque de San Jos\u00e9, al igual que paseos ecol\u00f3gicos y un parque para el que se requiere expropiar o comprar m\u00e1s de cien predios. La gente se pregunta \u00bfPara que seiscientos parqueaderos? \u00bfPara los carros de qui\u00e9n? Y \u00bfpor qu\u00e9 un parque sobre la base de expropiar a familias humildes de estratos uno y dos de la comuna San Jos\u00e9?<\/p>\n<p>Ante est\u00e1 realidad los asistentes al foro y las organizaciones que lo convocaron proponemos el siguiente pliego de peticiones que nos permita tramitar, concertar y aprobar por parte de la comunidad un verdadero proyecto de renovaci\u00f3n urbana, que tenga en cuenta no s\u00f3lo las experiencias nefastas de algunos que se han desarrollado en el pa\u00eds sino las experiencias positivas de otros pa\u00edses. Procesos en los cuales lo que se ha buscado es el bienestar de la comunidad y no como en este caso, el desplazamiento social. Nuestra propuesta expresada en un pliego de peticiones es la siguiente:<\/p>\n<p>PLIEGO DE PETICIONES<\/p>\n<p>1.\tExigimos que la prioridad del proyecto sea la reubicaci\u00f3n en condiciones de dignidad de las familias que viven en zonas de riesgo no mitigable y NO la Avenida Col\u00f3n.<\/p>\n<p>2.\tExigimos que para la reubicaci\u00f3n de las familias en zonas de riesgo se concierte con ellas las condiciones de la reubicaci\u00f3n, es decir, valor, tipo de vivienda, \u00e1rea y ubicaci\u00f3n de las mismas. <\/p>\n<p>3.\tExigimos las garant\u00edas necesarias para que los beneficiarios de la reubicaci\u00f3n de viviendas situadas en zonas de riesgo queden sin deuda alguna al momento de adquirir las viviendas. Lo mismo exigimos para los inquilinos.<\/p>\n<p>4.\tDemandamos de parte de la Administraci\u00f3n Municipal la prueba de legalidad y copia del documento presentado al gobierno nacional para su inclusi\u00f3n como Macro Proyecto de Inter\u00e9s Social Nacional para el Centro Occidente de Colombia San Jos\u00e9 del Municipio de Manizales, seg\u00fan el Ministerio de Ambiente, Vivienda y Desarrollo Territorial.<\/p>\n<p>5.\tExigimos que se suspenda cualquier intento de compra, demolici\u00f3n y construcci\u00f3n de la Avenida Col\u00f3n hasta tanto se demuestre con estudios recientes de movilidad lo siguiente:<\/p>\n<p>a.\tQue Manizales se encuentra tan congestionada en materia de movilidad vehicular que se requiere de otra avenida a tan s\u00f3lo 5 cuadras de la Avenida del centro. b. Que esa Avenida deba ser la que se tiene trazada entre la Iglesia de San Lorenzo, el Sector del Tierrero la Avenida Alzate Avenda\u00f1o y el regreso a su sitio de origen .y C. Que, adem\u00e1s, se demuestre la necesidad del llamado Par Vial.<\/p>\n<p>6.\tExigimos el respeto a las instituciones educativas que hoy est\u00e1n establecidas en la Comuna, en especial para los colegios y escuelas que, para su funcionamiento, dependen de los recursos del municipio y de las transferencias de la naci\u00f3n. La creaci\u00f3n de un Mega-Colegio debe ser discutida y concertada previamente por la comunidad educativa -entendida \u00e9sta como padres de familia, educandos y educadores-, representada en sus organizaciones y en el caso del Colegio de la Divina Providencia en la Curia de Manizales. De antemano nos oponemos a que el llamado Mega-Colegio se entregue en concesi\u00f3n a privados.<\/p>\n<p>7.\tExigimos que los terrenos para los llamados Call Center, sean adquiridos por los privados en el sitio que ellos quieran, menos en las tres manzanas en las que quieren expropiar la alcald\u00eda a sus pobladores para hacerles un negocio a estos inversionistas privados.<\/p>\n<p>8.\tExigimos que se constituyan verdaderas mesas de trabajo con la representaci\u00f3n leg\u00edtima de la comunidad para negociar nuestro pliego y por tanto, declarar nulas las que al momento se han constituido.<\/p>\n<p>9.\tExigimos que cualquier plan de mejoramiento de la galer\u00eda se concierte no s\u00f3lo con los comerciantes organizados en la Cooperativa Mercar sino con los vendedores estacionarios organizados en el sindicato del sector y que adem\u00e1s se respeten los derechos adquiridos por las organizaciones del sector<\/p>\n<p>10.\tExigimos soluciones previas para los comerciantes y mec\u00e1nicos del sector del Parque Liborio y el Tierrero afectados por el trazado del llamado Par Vial Avenida Col\u00f3n si es que este proyecto se llega a realizar.<\/p>\n<p>Para llevar a cabo nuestra propuesta y defender nuestros intereses acordamos el siguiente plan de acci\u00f3n:<\/p>\n<p>1.\tConstituir el Comit\u00e9 C\u00edvico de la Comuna San Jos\u00e9 como organizaci\u00f3n de organizaciones y personas y que nos represente a todos los habitantes e interesados en la suerte de los habitantes de la Comuna.<\/p>\n<p>2.\tPromover la realizaci\u00f3n de una gran movilizaci\u00f3n social en defensa de los intereses de los habitantes de la Comuna San Jos\u00e9<\/p>\n<p>3.\tPromover la realizaci\u00f3n de cursillos de capacitaci\u00f3n que expliquen a los habitantes de la comuna cu\u00e1les son sus derechos y c\u00f3mo organizarse para defenderse de la nefasta propuesta de la administraci\u00f3n municipal y el gobierno nacional a trav\u00e9s del Ministerio de Ambiente, Vivienda y Desarrollo Territorial.<\/p>\n<p>4.\tConvocar a una consulta popular para que sean los habitantes los que aprueben o desaprueben el plan de renovaci\u00f3n urbana de la Comuna San Jos\u00e9.<\/p>\n","protected":false},"excerpt":{"rendered":"<p>Las organizaciones sociales y comunales que convocaron el Foro Ciudadano Comuna San Jos\u00e9: Renovaci\u00f3n Urbana o Desplazamiento Social, realizado hoy 7 de junio de 2009, y los asistentes al mismo, hemos decidido expresar nuestra posici\u00f3n de manera unificada en la presente declaraci\u00f3n. Un an\u00e1lisis minucioso de la propuesta de Renovaci\u00f3n Urbana de la Comuna San [&hellip;]<\/p>\n","protected":false},"author":1,"featured_media":0,"comment_status":"open","ping_status":"open","sticky":false,"template":"","format":"standard","meta":{"advanced_seo_description":"","jetpack_seo_html_title":"","jetpack_seo_noindex":false,"_jetpack_memberships_contains_paid_content":false,"footnotes":""},"categories":[7],"tags":[],"class_list":["post-3225","post","type-post","status-publish","format-standard","hentry","category-pronunciamientos-de-organizaciones-sociales"],"jetpack_featured_media_url":"","jetpack-related-posts":[{"id":3459,"url":"https:\/\/moir.com.co\/web\/desplazamiento-urbano-en-la-comuna-san-jose-manizales-a-debate\/","url_meta":{"origin":3225,"position":0},"title":"DESPLAZAMIENTO URBANO EN LA COMUNA SAN JOS\u00c9, MANIZALES, A DEBATE","author":"admin","date":"agosto 20, 2009","format":false,"excerpt":"El pr\u00f3ximo martes a partir de las 10:30 de la ma\u00f1ana, se debatir\u00e1n en la Comisi\u00f3n Quinta del Senado los efectos del proyecto de renovaci\u00f3n urbana en la comuna San Jos\u00e9, en la capital caldense, Manizales. Junto a otros congresistas, el senador Jorge Enrique Robledo cit\u00f3 al ministro de Ambiente,\u2026","rel":"","context":"En \u00abJorge Enrique Robledo\u00bb","block_context":{"text":"Jorge Enrique Robledo","link":"https:\/\/moir.com.co\/web\/category\/jorge-enrique-robledo\/"},"img":{"alt_text":"","src":"","width":0,"height":0},"classes":[]},{"id":2639,"url":"https:\/\/moir.com.co\/web\/el-plan-de-renovacion-de-la-comuna-san-jose-de-manizales\/","url_meta":{"origin":3225,"position":1},"title":"El Plan de Renovaci\u00f3n de la Comuna San Jos\u00e9 de Manizales","author":"admin","date":"diciembre 26, 2008","format":false,"excerpt":"Oscar Guti\u00e9rrez Reyes, Manizales, Noviembre 27 de 2008 Agradezco a la comunidad, que ser\u00e1 afectada por este programa de renovaci\u00f3n urbana, el respaldo que dieron a quienes adelantaron la tarea de recoger las firmas necesarias para la realizaci\u00f3n de este cabildo. En mi calidad de coordinador del Polo Democr\u00e1tico Alternativo\u2026","rel":"","context":"En \u00abTemas\u00bb","block_context":{"text":"Temas","link":"https:\/\/moir.com.co\/web\/category\/temas\/"},"img":{"alt_text":"","src":"","width":0,"height":0},"classes":[]},{"id":2723,"url":"https:\/\/moir.com.co\/web\/ponencia-en-el-cabildo-abierto-sobre-el-plan-de-renovacion-de-la-comuna-san-jose\/","url_meta":{"origin":3225,"position":2},"title":"Ponencia en el cabildo abierto sobre el Plan de Renovaci\u00f3n de la Comuna San Jos\u00e9","author":"admin","date":"febrero 17, 2009","format":false,"excerpt":"Agradezco a la comunidad, que ser\u00e1 afectada por este programa de renovaci\u00f3n urbana, el respaldo que dieron a quienes adelantaron la tarea de recoger las firmas necesarias para la realizaci\u00f3n de este cabildo. En mi calidad de coordinador del Polo Democr\u00e1tico Alternativo de Caldas y de asesor de la Liga\u2026","rel":"","context":"En \u00abOscar Guti\u00e9rrez Reyes\u00bb","block_context":{"text":"Oscar Guti\u00e9rrez Reyes","link":"https:\/\/moir.com.co\/web\/category\/bitacoras\/oscar-gutierrez-reyes\/"},"img":{"alt_text":"","src":"","width":0,"height":0},"classes":[]},{"id":3413,"url":"https:\/\/moir.com.co\/web\/proyectos-de-desplazamiento-urbano\/","url_meta":{"origin":3225,"position":3},"title":"PROYECTOS DE DESPLAZAMIENTO URBANO","author":"admin","date":"agosto 21, 2009","format":false,"excerpt":"Siguiendo pol\u00edticas del BID \u2013y \u201cel gringo ah\u00ed\u201d, como dec\u00eda Jaime Garz\u00f3n\u2013, la ley 1151\/07, del Plan de Desarrollo del actual gobierno, en su art\u00edculo 79, decidi\u00f3 impulsar \u201clos macroproyectos de inter\u00e9s social nacional (\u2026) con el fin de promover la disponibilidad de suelo para la ejecuci\u00f3n de programas, proyectos\u2026","rel":"","context":"En \u00abJorge Enrique Robledo\u00bb","block_context":{"text":"Jorge Enrique Robledo","link":"https:\/\/moir.com.co\/web\/category\/jorge-enrique-robledo\/"},"img":{"alt_text":"","src":"","width":0,"height":0},"classes":[]},{"id":2729,"url":"https:\/\/moir.com.co\/web\/se-justifica-endeudar-aun-mas-a-manizales-para-construir-la-avenida-colon\/","url_meta":{"origin":3225,"position":4},"title":"\u00bfSe justifica endeudar, aun m\u00e1s, a Manizales para construir la Avenida Col\u00f3n?","author":"admin","date":"febrero 19, 2009","format":false,"excerpt":"Durante debate realizado en el Concejo Municipal sobre el Acuerdo No 039 de 2009, por medio del cual se autoriz\u00f3 a la Administraci\u00f3n Municipal a conseguir pr\u00e9stamos por 164 mil 500 millones de pesos sobre vigencias futuras extraordinarias hasta el a\u00f1o 2019, (pues las ordinarias se comprometieron durante la administraci\u00f3n\u2026","rel":"","context":"En \u00abOscar Guti\u00e9rrez Reyes\u00bb","block_context":{"text":"Oscar Guti\u00e9rrez Reyes","link":"https:\/\/moir.com.co\/web\/category\/bitacoras\/oscar-gutierrez-reyes\/"},"img":{"alt_text":"","src":"","width":0,"height":0},"classes":[]},{"id":3243,"url":"https:\/\/moir.com.co\/web\/robledo-se-opone-a-gran-desplazamiento-urbano-en-manizales\/","url_meta":{"origin":3225,"position":5},"title":"ROBLEDO SE OPONE A GRAN DESPLAZAMIENTO URBANO EN MANIZALES","author":"admin","date":"junio 23, 2009","format":false,"excerpt":"Carta a Carlos Costa, Ministro de Ambiente, Vivienda y Desarrollo Territorial. Con esta le expreso mi rechazo al proyecto de ese ministerio y la Alcald\u00eda de Manizales de afectar 233 manzanas, derribar 2.569 predios y provocar el brutal desplazamiento de sus viviendas de millares de personas de la tradicional comuna\u2026","rel":"","context":"En \u00abJorge Enrique Robledo\u00bb","block_context":{"text":"Jorge Enrique Robledo","link":"https:\/\/moir.com.co\/web\/category\/jorge-enrique-robledo\/"},"img":{"alt_text":"","src":"","width":0,"height":0},"classes":[]}],"jetpack_sharing_enabled":true,"_links":{"self":[{"href":"https:\/\/moir.com.co\/web\/wp-json\/wp\/v2\/posts\/3225","targetHints":{"allow":["GET"]}}],"collection":[{"href":"https:\/\/moir.com.co\/web\/wp-json\/wp\/v2\/posts"}],"about":[{"href":"https:\/\/moir.com.co\/web\/wp-json\/wp\/v2\/types\/post"}],"author":[{"embeddable":true,"href":"https:\/\/moir.com.co\/web\/wp-json\/wp\/v2\/users\/1"}],"replies":[{"embeddable":true,"href":"https:\/\/moir.com.co\/web\/wp-json\/wp\/v2\/comments?post=3225"}],"version-history":[{"count":0,"href":"https:\/\/moir.com.co\/web\/wp-json\/wp\/v2\/posts\/3225\/revisions"}],"wp:attachment":[{"href":"https:\/\/moir.com.co\/web\/wp-json\/wp\/v2\/media?parent=3225"}],"wp:term":[{"taxonomy":"category","embeddable":true,"href":"https:\/\/moir.com.co\/web\/wp-json\/wp\/v2\/categories?post=3225"},{"taxonomy":"post_tag","embeddable":true,"href":"https:\/\/moir.com.co\/web\/wp-json\/wp\/v2\/tags?post=3225"}],"curies":[{"name":"wp","href":"https:\/\/api.w.org\/{rel}","templated":true}]}}