{"id":3216,"date":"2009-06-16T15:57:15","date_gmt":"2009-06-16T15:57:15","guid":{"rendered":"https:\/\/moir.org.co\/web\/iv-ronda-de-negociaciones-del-tlc-con-la-union-europea\/"},"modified":"2009-06-16T15:57:15","modified_gmt":"2009-06-16T15:57:15","slug":"iv-ronda-de-negociaciones-del-tlc-con-la-union-europea","status":"publish","type":"post","link":"https:\/\/moir.com.co\/web\/iv-ronda-de-negociaciones-del-tlc-con-la-union-europea\/","title":{"rendered":"IV RONDA DE NEGOCIACIONES DEL TLC CON LA UNION EUROPEA"},"content":{"rendered":"<p>Del 15 al 19 de junio se celebra en Bogot\u00e1 la IV Ronda de Negociaciones del Tratado de Libre Comercio con la Uni\u00f3n Europea, proceso que se adelanta desde septiembre de 2007 a espaldas de la naci\u00f3n colombiana y que al igual que se hizo con Estado Unidos y Canad\u00e1, significar\u00e1 la entrega de nuestra soberan\u00eda nacional, le negar\u00e1 al pa\u00eds la posibilidad de desarrollar aut\u00f3nomamente de sus fuerzas productivas, ahondar\u00e1 en la p\u00e9rdida de soberan\u00eda alimentaria y aumentar\u00e1 la predaci\u00f3n sobre nuestros recursos naturales. <\/p>\n<p>Las multinacionales de Estados Unidos, Canad\u00e1 y la Uni\u00f3n Europea, recurren a estos tratados para afianzar las dadivosas prerrogativas que los gobiernos neoliberales les conceden en la explotaci\u00f3n de petr\u00f3leo, gas, n\u00edquel, oro, generaci\u00f3n el\u00e9ctrica, el suministro de servicios p\u00fablicos domiciliarios, la salud, la banca, las obras de infraestructura, nuestra biodiversidad, entre otros. <\/p>\n<p>Ejemplo de ello es la inversi\u00f3n europea en la desnacionalizaci\u00f3n de empresas y el saqueo de nuestros recursos: Billinton BHP, Anglo Gold Ashanti, Amoco-BP, Shell, Gas Natural, BBVA, BanSantander, Telef\u00f3nica, Aguas Barcelona, Uni\u00f3n Fenosa, Bayer, Sanitas, entre otros. <\/p>\n<p>Desde hace seis a\u00f1os las centrales obreras, el movimiento agrario, los ind\u00edgenas, los ambientalistas, los usuarios de los servicios p\u00fablicos, el estudiantado y los partidos, movimientos y ONG de posici\u00f3n democr\u00e1tica y nacionalista, venimos resistiendo con \u00e9xito el rechazo a estos tratados de recolonizaci\u00f3n, ni el parlamento de Estados Unidos ni el de Canad\u00e1, han ratificado los mencionados tratados, y este con la Uni\u00f3n Europea tiene cada vez mayor ambiente de oposici\u00f3n en Colombia y en Europa. <\/p>\n<p>Invitamos hacer presencia en el Foro: \u201cTLC con la Uni\u00f3n Europea, vuelven las carabelas\u201d, que se desarrollar\u00e1 en el Auditorio Camilo Torres de la Facultad de Derecho de la Universidad Nacional, el mi\u00e9rcoles 17 de junio a las 8:00 a.m. <\/p>\n<p>El viernes 19 de junio a las 12 del medio d\u00eda, plant\u00f3n contra el TLC con la Uni\u00f3n Europea, en el Hotel La Fontana, Avenida 127 con Carrera 15\u00aa, sitio de las negociaciones. <\/p>\n<p>NO A LA FIRMA DEL TLC CON LA UNION EUROPEA!!!!!!<\/p>\n<p>RAFAEL ALBERTO MOLANO<br \/>\nVicepresidente<\/p>\n<p>RAUL ARROYAVE ARANGO<br \/>\nDirector Dpto. Relaciones Internacionales<\/p>\n","protected":false},"excerpt":{"rendered":"<p>Del 15 al 19 de junio se celebra en Bogot\u00e1 la IV Ronda de Negociaciones del Tratado de Libre Comercio con la Uni\u00f3n Europea, proceso que se adelanta desde septiembre de 2007 a espaldas de la naci\u00f3n colombiana y que al igual que se hizo con Estado Unidos y Canad\u00e1, significar\u00e1 la entrega de nuestra [&hellip;]<\/p>\n","protected":false},"author":1,"featured_media":0,"comment_status":"open","ping_status":"open","sticky":false,"template":"","format":"standard","meta":{"advanced_seo_description":"","jetpack_seo_html_title":"","jetpack_seo_noindex":false,"_jetpack_memberships_contains_paid_content":false,"footnotes":""},"categories":[7],"tags":[],"class_list":["post-3216","post","type-post","status-publish","format-standard","hentry","category-pronunciamientos-de-organizaciones-sociales"],"jetpack_featured_media_url":"","jetpack-related-posts":[{"id":3190,"url":"https:\/\/moir.com.co\/web\/en-la-iv-ronda-del-tlc-con-la-union-europea-decimos-no-mas-carabelas\/","url_meta":{"origin":3216,"position":0},"title":"EN LA IV RONDA DEL TLC CON LA UNI\u00d3N EUROPEA DECIMOS: \u00a1NO M\u00c1S CARABELAS!","author":"admin","date":"junio 9, 2009","format":false,"excerpt":"A casi dos siglos de celebrar la independencia de Colombia, el pa\u00eds afronta una nueva p\u00e9rdida de su soberan\u00eda y graves amenazas a su existencia como naci\u00f3n. Desde septiembre de 2007, y sin la participaci\u00f3n de la poblaci\u00f3n, el Gobierno negocia con la Uni\u00f3n Europea un Tratado de Libre Comercio,\u2026","rel":"","context":"En \u00ab\u00a1No a los TLC y al ALCA!\u00bb","block_context":{"text":"\u00a1No a los TLC y al ALCA!","link":"https:\/\/moir.com.co\/web\/category\/temas\/no-a-los-tlc-y-al-alca\/"},"img":{"alt_text":"","src":"","width":0,"height":0},"classes":[]},{"id":4152,"url":"https:\/\/moir.com.co\/web\/tlc-ue-soberania-por-espejitos-europeos\/","url_meta":{"origin":3216,"position":1},"title":"TLC UE: soberan\u00eda por espejitos europeos","author":"admin","date":"febrero 24, 2010","format":false,"excerpt":"Esta semana se realiza la que el gobierno colombiano y los negociadores europeos han calificado como la \u00faltima ronda de negociaciones de un Tratado de Libre Comercio. El gobierno de Uribe se ha esforzado por siete a\u00f1os en suscribir esta clase de tratados, habi\u00e9ndolo conseguido solamente con Chile, Guatemala, El\u2026","rel":"","context":"En \u00ab\u00a1No a los TLC y al ALCA!\u00bb","block_context":{"text":"\u00a1No a los TLC y al ALCA!","link":"https:\/\/moir.com.co\/web\/category\/temas\/no-a-los-tlc-y-al-alca\/"},"img":{"alt_text":"","src":"","width":0,"height":0},"classes":[]},{"id":3332,"url":"https:\/\/moir.com.co\/web\/tlc-con-la-ue-siguen-las-dificultades\/","url_meta":{"origin":3216,"position":2},"title":"TLC CON LA UE: SIGUEN LAS DIFICULTADES","author":"admin","date":"julio 29, 2009","format":false,"excerpt":"Al congelamiento de los TLC con Estados Unidos, Canad\u00e1 y Noruega, al gobierno de Uribe se le suma un nuevo escollo en la pretendida aprobaci\u00f3n del TLC con la Uni\u00f3n Europea. Contrario al desbordado optimismo de sus negociadores, lo cierto es que el proceso, para fortuna de la mayor\u00eda de\u2026","rel":"","context":"En \u00ab\u00a1No a los TLC y al ALCA!\u00bb","block_context":{"text":"\u00a1No a los TLC y al ALCA!","link":"https:\/\/moir.com.co\/web\/category\/temas\/no-a-los-tlc-y-al-alca\/"},"img":{"alt_text":"","src":"","width":0,"height":0},"classes":[]},{"id":3303,"url":"https:\/\/moir.com.co\/web\/24-julio-2009-frente-a-la-casa-del-florero-12-medio-dia-en-cuantas-rondas-se-negociara-la-entrega-de-la-soberania\/","url_meta":{"origin":3216,"position":3},"title":"24 julio 2009, frente a la casa del Florero, 12 medio d\u00eda: \u00bfEN CU\u00c1NTAS RONDAS SE NEGOCIAR\u00c1  LA ENTREGA DE LA SOBERAN\u00cdA?","author":"admin","date":"julio 21, 2009","format":false,"excerpt":"A la antipatri\u00f3tica maniobra presidencial de aceptar el acantonamiento de soldados estadounidenses en 5 (podr\u00e1n ser 7) bases militares colombianas, se le suma la V ronda de negociaciones de un Tratado de Libre Comercio con la Uni\u00f3n Europea, de quienes el pa\u00eds se independiz\u00f3 hace 199 a\u00f1os. Esta semana en\u2026","rel":"","context":"En \u00ab\u00a1No a los TLC y al ALCA!\u00bb","block_context":{"text":"\u00a1No a los TLC y al ALCA!","link":"https:\/\/moir.com.co\/web\/category\/temas\/no-a-los-tlc-y-al-alca\/"},"img":{"alt_text":"","src":"","width":0,"height":0},"classes":[]},{"id":2760,"url":"https:\/\/moir.com.co\/web\/el-acuerdo-de-asociacion-ada-union-europea-ue-comunidad-andina-de-naciones-can\/","url_meta":{"origin":3216,"position":4},"title":"EL ACUERDO DE \u201cASOCIACI\u00d3N\u201d (AdA) UNI\u00d3N EUROPEA (UE)-COMUNIDAD ANDINA DE NACIONES (CAN)","author":"admin","date":"febrero 25, 2009","format":false,"excerpt":"A pesar del congelamiento del TLC con los Estados Unidos, la presi\u00f3n de gobiernos poderosos y multinacionales omnipotentes por la apertura y la liberalizaci\u00f3n comercial de nuestros pa\u00edses sigue sin pausa. El pasado mes de octubre, Uribe V\u00e9lez, aprovech\u00f3 la cumbre de la APEC en Lima para firmar el TLC\u2026","rel":"","context":"En \u00ab\u00a1No a los TLC y al ALCA!\u00bb","block_context":{"text":"\u00a1No a los TLC y al ALCA!","link":"https:\/\/moir.com.co\/web\/category\/temas\/no-a-los-tlc-y-al-alca\/"},"img":{"alt_text":"","src":"","width":0,"height":0},"classes":[]},{"id":2068,"url":"https:\/\/moir.com.co\/web\/la-primera-ronda-de-negociacion-del-tlc-can-ue-como-es-el-desayuno-sera-el-almuerzo\/","url_meta":{"origin":3216,"position":5},"title":"LA PRIMERA RONDA DE NEGOCIACI\u00d3N DEL TLC CAN-UE: COMO ES EL DESAYUNO SER\u00c1 EL ALMUERZO","author":"admin","date":"septiembre 27, 2007","format":false,"excerpt":"RECALCA, Bogot\u00e1, septiembre 26 de 2007 Entre el 17 y el 21 de septiembre de 2007 se llev\u00f3 a cabo en Bogot\u00e1 la primera ronda de negociaciones de un Acuerdo de Asociaci\u00f3n entre la CAN y la Uni\u00f3n Europea, en el mismo estilo del TLC con Estados Unidos y del\u2026","rel":"","context":"En \u00ab\u00a1No a los TLC y al ALCA!\u00bb","block_context":{"text":"\u00a1No a los TLC y al ALCA!","link":"https:\/\/moir.com.co\/web\/category\/temas\/no-a-los-tlc-y-al-alca\/"},"img":{"alt_text":"","src":"","width":0,"height":0},"classes":[]}],"jetpack_sharing_enabled":true,"_links":{"self":[{"href":"https:\/\/moir.com.co\/web\/wp-json\/wp\/v2\/posts\/3216","targetHints":{"allow":["GET"]}}],"collection":[{"href":"https:\/\/moir.com.co\/web\/wp-json\/wp\/v2\/posts"}],"about":[{"href":"https:\/\/moir.com.co\/web\/wp-json\/wp\/v2\/types\/post"}],"author":[{"embeddable":true,"href":"https:\/\/moir.com.co\/web\/wp-json\/wp\/v2\/users\/1"}],"replies":[{"embeddable":true,"href":"https:\/\/moir.com.co\/web\/wp-json\/wp\/v2\/comments?post=3216"}],"version-history":[{"count":0,"href":"https:\/\/moir.com.co\/web\/wp-json\/wp\/v2\/posts\/3216\/revisions"}],"wp:attachment":[{"href":"https:\/\/moir.com.co\/web\/wp-json\/wp\/v2\/media?parent=3216"}],"wp:term":[{"taxonomy":"category","embeddable":true,"href":"https:\/\/moir.com.co\/web\/wp-json\/wp\/v2\/categories?post=3216"},{"taxonomy":"post_tag","embeddable":true,"href":"https:\/\/moir.com.co\/web\/wp-json\/wp\/v2\/tags?post=3216"}],"curies":[{"name":"wp","href":"https:\/\/api.w.org\/{rel}","templated":true}]}}