{"id":3184,"date":"2009-06-05T16:31:12","date_gmt":"2009-06-05T16:31:12","guid":{"rendered":"https:\/\/moir.org.co\/web\/colombia-en-la-lista-de-la-comision-de-normas\/"},"modified":"2009-06-05T16:31:12","modified_gmt":"2009-06-05T16:31:12","slug":"colombia-en-la-lista-de-la-comision-de-normas","status":"publish","type":"post","link":"https:\/\/moir.com.co\/web\/colombia-en-la-lista-de-la-comision-de-normas\/","title":{"rendered":"Colombia en la lista de la Comisi\u00f3n de Normas"},"content":{"rendered":"<p>Despu\u00e9s de varios d\u00edas de discusiones entre los representantes de los trabajadores y de los empleadores, la Comisi\u00f3n de Aplicaci\u00f3n de Normas acord\u00f3 incluir a Colombia en la lista de 25 paises que seran examinados por este organo de control de  la OIT.<\/p>\n<p>La lista completa esta compuesta por los siguientes paises: Belar\u00fas, Birmania, Chile, China, Colombia, Costa Rica, Rep\u00fablica Democr\u00e1tica del Congo, Etiop\u00eda, Guatemala, Filipinas, Rep\u00fablica Isl\u00e1mica del Ir\u00e1n, Israel, Italia, Rep\u00fablica de Corea, Kuwait, Malasia, Mauritania, Nigeria, Pakist\u00e1n, Panam\u00e1, Per\u00fa, Federaci\u00f3n de Rusia,   Swazilandia, Turqu\u00eda y Rep\u00fablica Bolivariana de Venezuela.<\/p>\n<p>De esta manera la semana pr\u00f3xima se realizar\u00e1 una sesi\u00f3n de debate donde trabajadores, empleadores y Estados de todo el mundo  debatir\u00e1n sobre la grave situaci\u00f3n laboral y sindical Colombiana.<\/p>\n<p>Los trabajadores buscaremos que la Comisi\u00f3n de Normas emita un p\u00e1rrafo especial condenando la pol\u00edtica antisindical y antilaboral que aplica el Gobierno en Colombia y exija cambios profundos para que se reestablezcan los derechos laborales y las libertades sindiales en nuestro pa\u00eds.<\/p>\n<p>Este debate se podr\u00e1 dar gracias a que el movimiento sindical colombiano representado por la CUT, la CGT, la CTC y la Confederaci\u00f3n de Pensionados de Colombia CPC, hemos construido y presentado un informe consensuado sobre la situaci\u00f3n laboral y sindical en el pa\u00eds,  y hemos obtenido el apoyo un\u00e1nime de la Confederaci\u00f3n Sindical de las Am\u00e9ricas \u2013 CSA y de la Confederaci\u00f3n Sindical Internacional  &#8211; CSI-<\/p>\n<p>TARSICIO MORA GODOY<br \/>\nPresidente CUT<\/p>\n<p> JULIO ROBERTO G\u00d3MEZ ESGUERRA<br \/>\nSecretario General CGT\t<\/p>\n<p>APECIDES ALVIS FERNANDEZ<br \/>\nPresidente CTC <\/p>\n","protected":false},"excerpt":{"rendered":"<p>Despu\u00e9s de varios d\u00edas de discusiones entre los representantes de los trabajadores y de los empleadores, la Comisi\u00f3n de Aplicaci\u00f3n de Normas acord\u00f3 incluir a Colombia en la lista de 25 paises que seran examinados por este organo de control de la OIT. La lista completa esta compuesta por los siguientes paises: Belar\u00fas, Birmania, Chile, [&hellip;]<\/p>\n","protected":false},"author":1,"featured_media":0,"comment_status":"open","ping_status":"open","sticky":false,"template":"","format":"standard","meta":{"advanced_seo_description":"","jetpack_seo_html_title":"","jetpack_seo_noindex":false,"_jetpack_memberships_contains_paid_content":false,"footnotes":""},"categories":[7],"tags":[],"class_list":["post-3184","post","type-post","status-publish","format-standard","hentry","category-pronunciamientos-de-organizaciones-sociales"],"jetpack_featured_media_url":"","jetpack-related-posts":[{"id":5657,"url":"https:\/\/moir.com.co\/web\/pronunciamiento-de-la-cut-frente-a-la-carta-acuerdo-laboral\/","url_meta":{"origin":3184,"position":0},"title":"Pronunciamiento de la CUT frente a la Carta Acuerdo Laboral","author":"admin","date":"mayo 28, 2011","format":false,"excerpt":"La Central Unitaria de Trabajadores de Colombia, CUT, informa y comunica a los trabajadores, sectores sociales y opini\u00f3n p\u00fablica nacional e internacional, que nunca ha negado el di\u00e1logo y la concertaci\u00f3n, siempre y cuando, \u00e9sta sea fruto del entendimiento entre las partes y no a conveniencia de las pol\u00edticas gubernamentales,\u2026","rel":"","context":"En \u00abPronunciamientos de Organizaciones Sociales\u00bb","block_context":{"text":"Pronunciamientos de Organizaciones Sociales","link":"https:\/\/moir.com.co\/web\/category\/pronunciamientos-de-organizaciones-sociales\/"},"img":{"alt_text":"","src":"","width":0,"height":0},"classes":[]},{"id":10249,"url":"https:\/\/moir.com.co\/web\/informe-de-presidencia-a-la-57-junta-nacional-de-la-cut\/","url_meta":{"origin":3184,"position":1},"title":"Informe de Presidencia a la 57 Junta Nacional de la CUT","author":"admin","date":"julio 7, 2016","format":false,"excerpt":"Sesiona esta LVII Junta Directiva Nacional en momentos de coyuntura nacional e internacional expectante, respecto a la situaci\u00f3n social, econ\u00f3mica y pol\u00edtica, por los acontecimientos, que desde las guerras que se viven en los pa\u00edses musulmanes, los atentados en los pa\u00edses europeos, hasta el encrudecimiento de la pol\u00edtica neoliberal del\u2026","rel":"","context":"En \u00abPronunciamientos de Organizaciones Sociales\u00bb","block_context":{"text":"Pronunciamientos de Organizaciones Sociales","link":"https:\/\/moir.com.co\/web\/category\/pronunciamientos-de-organizaciones-sociales\/"},"img":{"alt_text":"","src":"","width":0,"height":0},"classes":[]},{"id":4450,"url":"https:\/\/moir.com.co\/web\/gobierno-de-colombia-acepto-sancion-en-la-oit-reconocio-la-grave-situacion-de-las-libertades-sindicales-en-colombia\/","url_meta":{"origin":3184,"position":2},"title":"Gobierno de Colombia acept\u00f3 sanci\u00f3n en la OIT: Reconoci\u00f3 la grave situaci\u00f3n de las libertades sindicales en Colombia","author":"admin","date":"junio 7, 2010","format":false,"excerpt":"Para evitar un debate este a\u00f1o en la Comisi\u00f3n de Normas de la OIT, el gobierno colombiano acept\u00f3 una sanci\u00f3n que consiste en recibir una Misi\u00f3n Tripartita de Alto Nivel de la OIT, reconociendo con ello que la situaci\u00f3n de las libertades sindicales en Colombia no ha mejorado. Como se\u2026","rel":"","context":"En \u00abPronunciamientos de Organizaciones Sociales\u00bb","block_context":{"text":"Pronunciamientos de Organizaciones Sociales","link":"https:\/\/moir.com.co\/web\/category\/pronunciamientos-de-organizaciones-sociales\/"},"img":{"alt_text":"","src":"","width":0,"height":0},"classes":[]},{"id":9228,"url":"https:\/\/moir.com.co\/web\/foro-tercerizacion-y-derechos-laborales-en-el-congreso-de-la-republica-martes-24-de-marzo\/","url_meta":{"origin":3184,"position":3},"title":"Foro: Tercerizaci\u00f3n y derechos laborales en el Congreso de la Rep\u00fablica, martes 24 de marzo","author":"admin","date":"marzo 21, 2015","format":false,"excerpt":"Colombia es uno de los pa\u00edses con mayor informalidad y desempleo en Latinoam\u00e9rica. Pol\u00edtica laboral del gobierno de Santos profundiza formas precarias de contrataci\u00f3n. Inestabilidad y ausencia de derechos, la constante entre los tercerizados. Con la participaci\u00f3n de una veintena de organizaciones sindicales y expertos en asuntos laborales, se llevar\u00e1\u2026","rel":"","context":"En \u00abJorge Enrique Robledo\u00bb","block_context":{"text":"Jorge Enrique Robledo","link":"https:\/\/moir.com.co\/web\/category\/jorge-enrique-robledo\/"},"img":{"alt_text":"","src":"","width":0,"height":0},"classes":[]},{"id":5311,"url":"https:\/\/moir.com.co\/web\/carta-de-cut-y-ctc-a-director-de-la-oit\/","url_meta":{"origin":3184,"position":4},"title":"Carta de CUT y CTC a Director de la OIT","author":"admin","date":"febrero 20, 2011","format":false,"excerpt":"Se\u00f1or JUAN SOMAVIA Director de la OIT Se\u00f1or GUY RYDER Director Ejecutivo de las Normas y Principios y Derechos Fundamentales en el Trabajo Se\u00f1ora CLEOPATRA DUMBIA Directora del Departamento de Normas Internacionales del Trabajo Se\u00f1ores Comisi\u00f3n de Expertos en Aplicaci\u00f3n de Convenios y Recomendaciones de la OIT Respetados se\u00f1ores y\u2026","rel":"","context":"En \u00abPronunciamientos de Organizaciones Sociales\u00bb","block_context":{"text":"Pronunciamientos de Organizaciones Sociales","link":"https:\/\/moir.com.co\/web\/category\/pronunciamientos-de-organizaciones-sociales\/"},"img":{"alt_text":"","src":"","width":0,"height":0},"classes":[]},{"id":8244,"url":"https:\/\/moir.com.co\/web\/a-proposito-de-la-expedicion-del-decreto-089-sobre-negociacion-colectiva\/","url_meta":{"origin":3184,"position":5},"title":"A prop\u00f3sito de la expedici\u00f3n del decreto 089  sobre negociaci\u00f3n colectiva","author":"admin","date":"febrero 17, 2014","format":false,"excerpt":"En d\u00edas pasados el Gobierno Nacional expidi\u00f3 el decreto que tiene como objetivo principal regular los procesos de negociaci\u00f3n colectiva en aquellas empresas del sector privado en donde hacen presencia varias organizaciones sindicales. La norma en menci\u00f3n, que fue presentada ante quienes tienen representaci\u00f3n en la Comisi\u00f3n Nacional de Concertaci\u00f3n\u2026","rel":"","context":"En \u00abTemas\u00bb","block_context":{"text":"Temas","link":"https:\/\/moir.com.co\/web\/category\/temas\/"},"img":{"alt_text":"","src":"","width":0,"height":0},"classes":[]}],"jetpack_sharing_enabled":true,"_links":{"self":[{"href":"https:\/\/moir.com.co\/web\/wp-json\/wp\/v2\/posts\/3184","targetHints":{"allow":["GET"]}}],"collection":[{"href":"https:\/\/moir.com.co\/web\/wp-json\/wp\/v2\/posts"}],"about":[{"href":"https:\/\/moir.com.co\/web\/wp-json\/wp\/v2\/types\/post"}],"author":[{"embeddable":true,"href":"https:\/\/moir.com.co\/web\/wp-json\/wp\/v2\/users\/1"}],"replies":[{"embeddable":true,"href":"https:\/\/moir.com.co\/web\/wp-json\/wp\/v2\/comments?post=3184"}],"version-history":[{"count":0,"href":"https:\/\/moir.com.co\/web\/wp-json\/wp\/v2\/posts\/3184\/revisions"}],"wp:attachment":[{"href":"https:\/\/moir.com.co\/web\/wp-json\/wp\/v2\/media?parent=3184"}],"wp:term":[{"taxonomy":"category","embeddable":true,"href":"https:\/\/moir.com.co\/web\/wp-json\/wp\/v2\/categories?post=3184"},{"taxonomy":"post_tag","embeddable":true,"href":"https:\/\/moir.com.co\/web\/wp-json\/wp\/v2\/tags?post=3184"}],"curies":[{"name":"wp","href":"https:\/\/api.w.org\/{rel}","templated":true}]}}