{"id":3139,"date":"2009-05-28T20:23:02","date_gmt":"2009-05-28T20:23:02","guid":{"rendered":"https:\/\/moir.org.co\/web\/aceptada-apelacion-del-comite-promotor\/"},"modified":"2009-05-28T20:23:02","modified_gmt":"2009-05-28T20:23:02","slug":"aceptada-apelacion-del-comite-promotor","status":"publish","type":"post","link":"https:\/\/moir.com.co\/web\/aceptada-apelacion-del-comite-promotor\/","title":{"rendered":"\u00a1ACEPTADA APELACION DEL COMIT\u00c9 PROMOTOR!"},"content":{"rendered":"<p>Nueva oportunidad para el texto original del Referendo por el Derecho Humano al Agua.<\/p>\n<p>El Comit\u00e9 Promotor del Referendo saluda y agradece la decisi\u00f3n de la C\u00e1mara de Representantes, en pleno, en el sentido de aceptar la apelaci\u00f3n interpuesta por el Comit\u00e9 a trav\u00e9s del Vocero, Rafael Colmenares, lo cual abre el camino para que se reconsidere el retorno al texto original firmado por m\u00e1s de dos millones de colombianos y colombianas.<\/p>\n<p>La apelaci\u00f3n comenz\u00f3 a ser tramitada en la sesi\u00f3n del pasado 21 de Mayo, durante la cual el Vocero la sustent\u00f3 demostrando que los cambios introducidos al texto original, por la mayor\u00eda gubernamental de la Comisi\u00f3n Primera , eran sustanciales y equival\u00edan a una negativa. Dichos cambios, recordemos, exclu\u00edan el car\u00e1cter de bien com\u00fan y p\u00fablico del agua, el derecho humano fundamental al agua potable y la destinaci\u00f3n prioritaria de los ecosistemas esenciales al ciclo h\u00eddrico a esta finalidad natural. Al tiempo reduc\u00edan el m\u00ednimo vital a un \u201cm\u00ednimo gratuito\u201d, apuntalaban la privatizaci\u00f3n del servicio p\u00fablico de acueducto y alcantarillado e introduc\u00edan una nueva modalidad de aquella, al convertir en privadas las aguas que \u201cnacen y mueren\u201d en un mismo predio. <\/p>\n<p>En la sesi\u00f3n del 21 de Mayo el qu\u00f3rum se disolvi\u00f3 y la sesi\u00f3n se levant\u00f3 sin tomar ninguna decisi\u00f3n, convoc\u00e1ndose nuevamente para el d\u00eda de ayer, 26 de Mayo, cuando la apelaci\u00f3n fue concedida por 66 votos contra 26. La votaci\u00f3n a favor involucr\u00f3 a miembros de todas las bancadas, incluidas las que apoyan al gobierno, en un giro inesperado pero esperanzador. El Partido Liberal, el Polo Democr\u00e1tico Alternativo y los representantes ind\u00edgenas y afrodescendientes mantuvieron su apoyo a la apelaci\u00f3n pero se vieron reforzados, en esta ocasi\u00f3n, por numerosos representantes de otras corrientes pol\u00edticas afectas al gobierno, que como se recordar\u00e1 se opone tenazmente al texto original. El hecho constituye una inusual manifestaci\u00f3n de autonom\u00eda e independencia del Congreso, lo cual es refrescante para la democracia en Colombia.<\/p>\n<p>Varias consecuencias se derivan de la trascendental decisi\u00f3n adoptada ayer. En primer lugar el proyecto de convocatoria al referendo se traslada a otra de las comisiones constitucionales de la C\u00e1mara , la cual ser\u00e1 designada por la Presidencia de esta. All\u00ed se retomar\u00e1 el estudio del texto original, lo cual dar\u00e1 nuevas posibilidades de examinar su sentido y alcances por fuera de la polarizaci\u00f3n pol\u00edtica generada por el referendo reeleccionista y la pretensi\u00f3n de juntar los tres referendos. En segundo lugar, se aleja esta posibilidad, es decir la de hacer confluir el referendo del agua con el de reelecci\u00f3n y se despejan los temores de una utilizaci\u00f3n del primero en favor del segundo. Teniendo en cuenta que solo quedan ventitres d\u00edas de la actual legislatura y que el tr\u00e1mite del referendo por el derecho humano al agua, pr\u00e1cticamente vuelve a empezar, ser\u00e1 casi imposible que los tres referendos puedan ser votados por el pueblo colombiano en la misma fecha. En tercer lugar, nuestro referendo continuar\u00e1 su tr\u00e1mite en la pr\u00f3xima legislatura, lo cual nos da posibilidades de mejorar la sustentaci\u00f3n del mismo y ampliar la movilizaci\u00f3n social y ciudadana en su defensa. <\/p>\n<p>El Comit\u00e9 Promotor comparte con todo el movimiento nacional la alegr\u00eda por el avance obtenido en el d\u00eda de ayer y llama a los Comit\u00e9s Territoriales del Agua y de la Vida , en todo el pa\u00eds, a reforzar la vigilancia y la movilizaci\u00f3n para garantizar la prevalencia de la voluntad ciudadana expresada en los m\u00e1s de dos millones de firmas que acompa\u00f1an el texto original. As\u00ed mismo agradece la solidaridad internacional recibida de la Red Vida y dem\u00e1s redes y organizaciones que en el mundo luchan por la plena vigencia del Derecho Humano al Agua Potable y se oponen a la privatizaci\u00f3n del agua y la vida.<\/p>\n<p>COMIT\u00c9 PROMOTOR: Rafael Colmenares, Vocero, Tatiana Roa, Oscar Guti\u00e9rrez, Javier M\u00e1rquez, Martha Ca\u00f1\u00f3n, Rodrigo Acosta, Humberto Polo, H\u00e9ctor Ga\u00f1\u00e1n y Cristo Miranda, miembros del Comit\u00e9. <\/p>\n","protected":false},"excerpt":{"rendered":"<p>Nueva oportunidad para el texto original del Referendo por el Derecho Humano al Agua. El Comit\u00e9 Promotor del Referendo saluda y agradece la decisi\u00f3n de la C\u00e1mara de Representantes, en pleno, en el sentido de aceptar la apelaci\u00f3n interpuesta por el Comit\u00e9 a trav\u00e9s del Vocero, Rafael Colmenares, lo cual abre el camino para que [&hellip;]<\/p>\n","protected":false},"author":1,"featured_media":0,"comment_status":"open","ping_status":"open","sticky":false,"template":"","format":"standard","meta":{"advanced_seo_description":"","jetpack_seo_html_title":"","jetpack_seo_noindex":false,"_jetpack_memberships_contains_paid_content":false,"footnotes":""},"categories":[7],"tags":[],"class_list":["post-3139","post","type-post","status-publish","format-standard","hentry","category-pronunciamientos-de-organizaciones-sociales"],"jetpack_featured_media_url":"","jetpack-related-posts":[{"id":3015,"url":"https:\/\/moir.com.co\/web\/se-aprobo-un-texto-opuesto-al-firmado-por-mas-de-dos-millones-de-personas\/","url_meta":{"origin":3139,"position":0},"title":"Se  aprob\u00f3 un texto opuesto al firmado por m\u00e1s de dos millones de personas","author":"admin","date":"abril 26, 2009","format":false,"excerpt":"El d\u00eda 22 de abril, en una sesi\u00f3n de la Comisi\u00f3n I de la C\u00e1mara, la mayor\u00eda que apoya al gobierno aprob\u00f3 un texto contrario a la iniciativa ciudadana apoyada por m\u00e1s de dos millones de colombianos y colombianas. Las sustanciales modificaciones son las siguientes: * Se elimin\u00f3 la consagraci\u00f3n\u2026","rel":"","context":"Entrada similar","block_context":{"text":"Entrada similar","link":""},"img":{"alt_text":"","src":"","width":0,"height":0},"classes":[]},{"id":3506,"url":"https:\/\/moir.com.co\/web\/comunicado-a-la-opinion-publica-sobre-el-referendo-del-agua\/","url_meta":{"origin":3139,"position":1},"title":"COMUNICADO A LA OPINION P\u00daBLICA SOBRE EL REFERENDO DEL AGUA","author":"admin","date":"septiembre 11, 2009","format":false,"excerpt":"El Comit\u00e9 Nacional en Defensa del Agua y de la Vida, promotor del referendo por el derecho humano al agua, ante las declaraciones del Ministro de Hacienda en el sentido de convocar para la misma fecha al pueblo colombiano para que se pronuncie sobre los referendos de reelecci\u00f3n presidencial, de\u2026","rel":"","context":"En \u00abPronunciamientos de Organizaciones Sociales\u00bb","block_context":{"text":"Pronunciamientos de Organizaciones Sociales","link":"https:\/\/moir.com.co\/web\/category\/pronunciamientos-de-organizaciones-sociales\/"},"img":{"alt_text":"","src":"","width":0,"height":0},"classes":[]},{"id":3029,"url":"https:\/\/moir.com.co\/web\/el-referendo-del-agua-aprobado-no-es-el-referendo-solicitado\/","url_meta":{"origin":3139,"position":2},"title":"El Referendo del Agua aprobado no es el referendo solicitado","author":"admin","date":"abril 28, 2009","format":false,"excerpt":"El 21 de Abril, el Comit\u00e9 Nacional de Promotores del referendo El Agua: Un derecho Fundamental, solicit\u00f3 a la Comisi\u00f3n Primera de la C\u00e1mara de Representantes, se respetara y aprobara el texto que hab\u00edan respaldado con su firma m\u00e1s de dos millones 200 mil colombianos. Sin embargo, acatando la orden\u2026","rel":"","context":"En \u00abOscar Guti\u00e9rrez Reyes\u00bb","block_context":{"text":"Oscar Guti\u00e9rrez Reyes","link":"https:\/\/moir.com.co\/web\/category\/bitacoras\/oscar-gutierrez-reyes\/"},"img":{"alt_text":"","src":"","width":0,"height":0},"classes":[]},{"id":4396,"url":"https:\/\/moir.com.co\/web\/el-congreso-nego-el-referendo-por-el-derecho-humano-al-agua-la-lucha-por-la-defensa-del-agua-y-de-la-vida-continua\/","url_meta":{"origin":3139,"position":3},"title":"El congreso neg\u00f3 el referendo por el derecho humano al agua. \u00a1La lucha por la defensa del agua y de la vida continua!","author":"admin","date":"mayo 21, 2010","format":false,"excerpt":"EL Comit\u00e9 Promotor del Referendo por el Derecho Humano al Agua informa al Pueblo Colombiano, a los m\u00e1s de dos millones de personas que firmaron para que se convocara el referendo, a las organizaciones que lo promueven, integrantes de los Comit\u00e9s Territoriales y del Comit\u00e9 Nacional en Defensa del Agua\u2026","rel":"","context":"En \u00abPronunciamientos de Organizaciones Sociales\u00bb","block_context":{"text":"Pronunciamientos de Organizaciones Sociales","link":"https:\/\/moir.com.co\/web\/category\/pronunciamientos-de-organizaciones-sociales\/"},"img":{"alt_text":"","src":"","width":0,"height":0},"classes":[]},{"id":3286,"url":"https:\/\/moir.com.co\/web\/se-prepara-nueva-etapa-del-referendo-por-el-derecho-humano-al-agua\/","url_meta":{"origin":3139,"position":4},"title":"SE PREPARA NUEVA ETAPA DEL REFERENDO POR EL DERECHO HUMANO AL AGUA","author":"admin","date":"julio 15, 2009","format":false,"excerpt":"Con la asistencia de 170 delegados, el pasado 11 de Julio en la Universidad Cooperativa de Colombia, se realiz\u00f3 la VI Asamblea del Comit\u00e9 Nacional en Defensa del Agua y de la Vida \u2013 CNDV- que promueve el referendo, en ella se acord\u00f3 una serie de estrategias y acciones para\u2026","rel":"","context":"En \u00abPronunciamientos de Organizaciones Sociales\u00bb","block_context":{"text":"Pronunciamientos de Organizaciones Sociales","link":"https:\/\/moir.com.co\/web\/category\/pronunciamientos-de-organizaciones-sociales\/"},"img":{"alt_text":"","src":"","width":0,"height":0},"classes":[]},{"id":4465,"url":"https:\/\/moir.com.co\/web\/declaracion-de-la-ix-asamblea-nacional-del-movimiento-en-defensa-del-agua-y-de-la-vida-en-colombia\/","url_meta":{"origin":3139,"position":5},"title":"Declaraci\u00f3n de la IX Asamblea Nacional del Movimiento en Defensa del Agua y de la Vida en Colombia","author":"admin","date":"junio 11, 2010","format":false,"excerpt":"El pasado 4 de junio de 2010, m\u00e1s de 200 l\u00edderes populares de las diversas organizaciones del Movimiento Nacional en Defensa del Agua y la Vida: \u00e9tnicas, campesinas, juveniles, ambientalistas, de acueductos comunitarios, sindicales, de vocales de control social, de defensores de los servicios p\u00fablicos y barriales, venidos de todos\u2026","rel":"","context":"En \u00abPronunciamientos de Organizaciones Sociales\u00bb","block_context":{"text":"Pronunciamientos de Organizaciones Sociales","link":"https:\/\/moir.com.co\/web\/category\/pronunciamientos-de-organizaciones-sociales\/"},"img":{"alt_text":"","src":"","width":0,"height":0},"classes":[]}],"jetpack_sharing_enabled":true,"_links":{"self":[{"href":"https:\/\/moir.com.co\/web\/wp-json\/wp\/v2\/posts\/3139","targetHints":{"allow":["GET"]}}],"collection":[{"href":"https:\/\/moir.com.co\/web\/wp-json\/wp\/v2\/posts"}],"about":[{"href":"https:\/\/moir.com.co\/web\/wp-json\/wp\/v2\/types\/post"}],"author":[{"embeddable":true,"href":"https:\/\/moir.com.co\/web\/wp-json\/wp\/v2\/users\/1"}],"replies":[{"embeddable":true,"href":"https:\/\/moir.com.co\/web\/wp-json\/wp\/v2\/comments?post=3139"}],"version-history":[{"count":0,"href":"https:\/\/moir.com.co\/web\/wp-json\/wp\/v2\/posts\/3139\/revisions"}],"wp:attachment":[{"href":"https:\/\/moir.com.co\/web\/wp-json\/wp\/v2\/media?parent=3139"}],"wp:term":[{"taxonomy":"category","embeddable":true,"href":"https:\/\/moir.com.co\/web\/wp-json\/wp\/v2\/categories?post=3139"},{"taxonomy":"post_tag","embeddable":true,"href":"https:\/\/moir.com.co\/web\/wp-json\/wp\/v2\/tags?post=3139"}],"curies":[{"name":"wp","href":"https:\/\/api.w.org\/{rel}","templated":true}]}}