{"id":3114,"date":"2009-05-23T18:09:21","date_gmt":"2009-05-23T18:09:21","guid":{"rendered":"https:\/\/moir.org.co\/web\/exigencias-al-gobierno-nacional-y-programa-de-lucha\/"},"modified":"2009-05-23T18:09:21","modified_gmt":"2009-05-23T18:09:21","slug":"exigencias-al-gobierno-nacional-y-programa-de-lucha","status":"publish","type":"post","link":"https:\/\/moir.com.co\/web\/exigencias-al-gobierno-nacional-y-programa-de-lucha\/","title":{"rendered":"EXIGENCIAS AL GOBIERNO NACIONAL Y PROGRAMA DE LUCHA"},"content":{"rendered":"<p>La organizaciones presentes en el encuentro realizado en el centro del pensamiento del resguardo ind\u00edgena de San Lorenzo, municipio de Riosucio Caldas, los d\u00edas 18 y 19 de mayo de 2009, luego de los informes presentados y de un riguroso an\u00e1lisis de la situaci\u00f3n del agro colombiano fijan su posici\u00f3n frente a la pol\u00edtica oficial agraria y acuerdan elevar ante el gobierno nacional el siguiente memorial de exigencias y programa de lucha:<\/p>\n<p>Rechazamos la pol\u00edtica agraria de producci\u00f3n empresarial de agrocombustibles, caracterizada por el modelo Carimagua, en donde se privilegia a la oligarqu\u00eda rural vinculada al capital financiero.<\/p>\n<p>Repudiamos rotundamente la importaci\u00f3n de alimentos, semillas y materias primas susceptibles de producir en Colombia porque constituyen un atentado contra la soberan\u00eda y la seguridad alimentaria de los colombianos.<\/p>\n<p>Denunciamos las innumerables normas expedidas con pretextos sanitarios para eliminar la peque\u00f1a y mediana producci\u00f3n, transformaci\u00f3n y comercializaci\u00f3n de c\u00e1rnicos, l\u00e1cteos, aves y panela y en ese sentido defendemos la permanencia de las plazas de mercado p\u00fablicas que abaratan los precios al consumidor y permiten una participaci\u00f3n activa de la producci\u00f3n campesina en el mercado en contraposici\u00f3n a los almacenes de grandes superficies en manos de las multinacionales.<\/p>\n<p>Convocamos a los municipios de Colombia a oponerse de manera decidida al desarrollo de megaproyectos de las multinacionales y los intermediarios criollos que se toman los recursos estrat\u00e9gicos, desplazan a las comunidades, privatizan los recursos y destruyen el equilibrio ambiental de las regiones en donde se asientan.<\/p>\n<p>Apoyamos la reivindicaci\u00f3n de las comunidades ind\u00edgenas y afrodescendientes por el respeto a su cultura, su organizaci\u00f3n social, sus valores, sus saberes y su reclamo por el territorio, las semillas y el respeto a la biodiversidad.<\/p>\n<p><strong>Exigimos:<\/strong><\/p>\n<p>1.\tEl cese definitivo de las negociaciones de los tratados del Libre Comercio \u2013TLC- y la expedici\u00f3n de todo tipo de normas  que pretenden adecuar al pa\u00eds al inter\u00e9s de las multinacionales<\/p>\n<p>2.\tDiscusi\u00f3n democr\u00e1tica de una legislaci\u00f3n de desarrollo rural que privilegie a los productores y la producci\u00f3n nacional y la dote de instrumentos como cr\u00e9dito oportuno, suficiente y barato, investigaci\u00f3n que genere tecnolog\u00edas propias y pertinentes, comercializaci\u00f3n que garantice precios rentables al productor y al consumidor y que modifique la muy injusta distribuci\u00f3n de la tierra existente.<\/p>\n<p>3.\tEl cese inmediato de las importaciones de alimentos, semillas y materias primas y la promoci\u00f3n de la producci\u00f3n nacional para el abastecimiento aut\u00f3nomo del mercado nacional.<\/p>\n<p>4.\tLa derogatoria de los decretos 616, 2838, 0012, 2964, relacionadas con la cadena l\u00e1ctea, el decreto 4287 para los avicultores; el decreto 779 para la producci\u00f3n panelera y el decreto 1500 para los mataderos. Al mismo tiempo exigimos la aplicaci\u00f3n de recursos gubernamentales para que los procesos de acondicionamiento de la infraestructura que garantice la inocuidad, sean una responsabilidad del estado y no de los particulares.<\/p>\n<p>5.\tOptar como criterio decisorio la opini\u00f3n de las comunidades cuyas zonas se puedan ver afectadas por el desarrollo de los megaproyectos sobre la base de que siempre se privilegie el inter\u00e9s nacional; en ese sentido exigimos la expulsi\u00f3n de la AngloGold Ashantti de Colombia.<\/p>\n<p>6.\tDestinaci\u00f3n de recursos del Estado para la construcci\u00f3n adecuaci\u00f3n y dotaci\u00f3n de las plazas de mercado.<\/p>\n<p>7.\tCondonaci\u00f3n definitiva de las 30 mil obligaciones del PRAN.<\/p>\n<p>8.\tSe abran los mataderos cerrados y se garantice su existencia en los municipios, inspecciones y centros poblados de la geograf\u00eda nacional y se acepten m\u00e9todos alternativos para la conservaci\u00f3n de las carnes rojas de tradici\u00f3n campesina diferentes a la cadena de frio.<\/p>\n<p>9.\tSe permita a los peque\u00f1os y medianos productores av\u00edcolas el sacrificio en finca y la comercializaci\u00f3n en el mercado local y no se condicione la devoluci\u00f3n del IVA, por la compra de concentrados.<\/p>\n<p>10.\tQue el gobierno nacional acoja las normas de la Organizaci\u00f3n Mundial de la Salud para el manejo, transporte, procesamiento y comercializaci\u00f3n de la leche cruda que validan el consumo de leche hervida.<\/p>\n<p>11.\tQue el gobierno nacional obligue a las grandes multinacionales de la leche al pago a los productores nacionales de un precio justo y estable. Que se controle la importaci\u00f3n de leche en polvo y lacto sueros que envilecen el precio de la producci\u00f3n nacional y deteriora la calidad de este alimento esencial a las familias colombianas.<\/p>\n<p>12.\tQue se respete el modelo de trapiche tradicional y se penalice la reducci\u00f3n de azucares en panela.<\/p>\n<p>13.\tQue se respete el texto original del referendo por el agua y la vida apoyado por m\u00e1s de dos millones de colombianos y que garantiza el derecho al agua como fundamental, as\u00ed como la protecci\u00f3n de las fuentes de agua.<\/p>\n<p>14.\tControl efectivo  de los precios y la calidad de los insumos en lugar de la falsa \u201clibertad vigilada\u201d. La flexibilidad de la normatividad para permitir la introducci\u00f3n al mercado de los productos org\u00e1nicos y alternativos. <\/p>\n<p>15.\tQue se suspendan los procesos de privatizaci\u00f3n de las electrificadoras regionales y la eliminaci\u00f3n del cobro de alumbrado p\u00fablico a las zonas rurales.<\/p>\n<p>16.\tQue se proh\u00edba la venta a menos precio de predios ubicados en zonas de p\u00e1ramos.<\/p>\n<p>17.\tQue el gobierno nacional destine los recursos necesarios para la descontaminaci\u00f3n del rio Chicamocha y de todas las fuentes de agua vitales para el suministro de los acueductos municipales<\/p>\n<p><strong>Organizaciones asistentes al encuentro nacional por la defensa de la seguridad, la soberan\u00eda alimentaria y la producci\u00f3n campesina y agropecuaria.<\/strong><\/p>\n<p>Centro del Pensamiento Ind\u00edgena<br \/>\nResguardo de San Lorenzo<br \/>\nRiosucio, Caldas<br \/>\nMayo 19 de 2009 <\/p>\n","protected":false},"excerpt":{"rendered":"<p>La organizaciones presentes en el encuentro realizado en el centro del pensamiento del resguardo ind\u00edgena de San Lorenzo, municipio de Riosucio Caldas, los d\u00edas 18 y 19 de mayo de 2009, luego de los informes presentados y de un riguroso an\u00e1lisis de la situaci\u00f3n del agro colombiano fijan su posici\u00f3n frente a la pol\u00edtica oficial [&hellip;]<\/p>\n","protected":false},"author":1,"featured_media":0,"comment_status":"open","ping_status":"open","sticky":false,"template":"","format":"standard","meta":{"advanced_seo_description":"","jetpack_seo_html_title":"","jetpack_seo_noindex":false,"_jetpack_memberships_contains_paid_content":false,"footnotes":""},"categories":[7],"tags":[],"class_list":["post-3114","post","type-post","status-publish","format-standard","hentry","category-pronunciamientos-de-organizaciones-sociales"],"jetpack_featured_media_url":"","jetpack-related-posts":[{"id":7828,"url":"https:\/\/moir.com.co\/web\/la-cut-participa-de-las-movilizaciones-nacionales-del-19-y-20-de-agosto-y-apoya-los-paros-agrarios-de-la-salud-transportadores-y-trabajadores-en-conflicto\/","url_meta":{"origin":3114,"position":0},"title":"La CUT participa de las movilizaciones nacionales del 19 y 20 de agosto y apoya los paros agrarios, de la salud, transportadores y trabajadores en conflicto","author":"admin","date":"agosto 16, 2013","format":false,"excerpt":"La CUT, al igual que la gran mayor\u00eda de colombianos condena la situaci\u00f3n en la que el gobierno de Juan M. Santos ha sumido al pa\u00eds como consecuencia de la imposici\u00f3n de sus nefastas, antisindicales y antipopulares pol\u00edticas que en todos los \u00f3rdenes no hace m\u00e1s que aplicar el recetario\u2026","rel":"","context":"En \u00abPronunciamientos de Organizaciones Sociales\u00bb","block_context":{"text":"Pronunciamientos de Organizaciones Sociales","link":"https:\/\/moir.com.co\/web\/category\/pronunciamientos-de-organizaciones-sociales\/"},"img":{"alt_text":"","src":"","width":0,"height":0},"classes":[]},{"id":7321,"url":"https:\/\/moir.com.co\/web\/organizaciones-sociales-agrarias-del-meta-se-solidarizan-con-el-paro-cafetero-y-cacaotero\/","url_meta":{"origin":3114,"position":1},"title":"Organizaciones sociales agrarias del Meta se solidarizan con el paro cafetero y cacaotero","author":"admin","date":"marzo 1, 2013","format":false,"excerpt":"El Comit\u00e9 b\u00e1sico de los Mercados Campesinos del Meta, que agrupa organizaciones rurales del departamento del Meta, vinculadas a la econom\u00eda campesina, saludamos emocionados al gremio cafetero que lucha tan valerosamente por sus derechos. Ustedes, son hoy un ejemplo para todos los productores rurales que resistimos las consecuencias de una\u2026","rel":"","context":"En \u00abPronunciamientos de Organizaciones Sociales\u00bb","block_context":{"text":"Pronunciamientos de Organizaciones Sociales","link":"https:\/\/moir.com.co\/web\/category\/pronunciamientos-de-organizaciones-sociales\/"},"img":{"alt_text":"","src":"","width":0,"height":0},"classes":[]},{"id":20881,"url":"https:\/\/moir.com.co\/web\/el-proletariado-marca-el-camino-el-18-de-marzo-encuentro-nacional-de-organizaciones-sociales\/","url_meta":{"origin":3114,"position":2},"title":"El proletariado marca el camino: EL 18 DE MARZO: ENCUENTRO NACIONAL DE ORGANIZACIONES SOCIALES","author":"admin","date":"mayo 1, 2005","format":false,"excerpt":"La CGTD, la USO, Festrac, Fenaltrase, Fenasibancol, Sindess, Anthoc, ACEB, UNEB, el Sindicato de la Caja Agraria, Sittelecom, Utradec, Sintrasena, Sintrametal y otros importantes sectores convocaron, en los salones de Hocar en Bogot\u00e1, el Encuentro Nacional de Organizaciones Sociales, con el fin de precisar criterios frente a: \"1. La pol\u00edtica\u2026","rel":"","context":"En \u00abTribuna Roja N\u00b0 58, Bogot\u00e1; marzo 11 de 1995\u00bb","block_context":{"text":"Tribuna Roja N\u00b0 58, Bogot\u00e1; marzo 11 de 1995","link":"https:\/\/moir.com.co\/web\/category\/tribuna-roja\/ediciones-1995-1999\/tribuna-roja-n-58-bogota-marzo-11-de-1995\/"},"img":{"alt_text":"","src":"","width":0,"height":0},"classes":[]},{"id":574,"url":"https:\/\/moir.com.co\/web\/acuerdo-politico-para-la-gobernacion-y-la-asamblea-de-boyaca\/","url_meta":{"origin":3114,"position":3},"title":"ACUERDO POL\u00cdTICO PARA LA GOBERNACI\u00d3N Y LA ASAMBLEA DE BOYAC\u00c1","author":"admin","date":"agosto 11, 2004","format":false,"excerpt":"DECLARACI\u00d3N POL\u00cdTICA JORGE EDUARDO LONDO\u00d1O ULLOA, candidato a la Gobernaci\u00f3n de Boyac\u00e1, 59 en el tarjet\u00f3n- y LUIS ALEJANDRO PEREA de una parte, y de la otra LUIS MIGUEL APONTE, ISNARDO ANTONIO GRANDAS RINC\u00d3N, DAIRO YESID SALINAS, FERNANDO PINILLA SOL\u00d3RZANO, candidatos a los Concejos Municipales de Tunja, Sogamoso y Chiquinquir\u00e1,\u2026","rel":"","context":"En \u00abPronunciamientos de Organizaciones Sociales\u00bb","block_context":{"text":"Pronunciamientos de Organizaciones Sociales","link":"https:\/\/moir.com.co\/web\/category\/pronunciamientos-de-organizaciones-sociales\/"},"img":{"alt_text":"","src":"","width":0,"height":0},"classes":[]},{"id":575,"url":"https:\/\/moir.com.co\/web\/acuerdo-del-nuevo-liberalismo-y-el-moir-para-la-asamblea-de-boyaca\/","url_meta":{"origin":3114,"position":4},"title":"ACUERDO DEL NUEVO LIBERALISMO Y EL MOIR PARA LA ASAMBLEA DE BOYAC\u00c1","author":"admin","date":"agosto 11, 2004","format":false,"excerpt":"DECLARACI\u00d3N POL\u00cdTICA MOIR-Nuevo Liberalismo, Septiembre de 2003 JORGE VICENTE ORTIZ, candidato a la Asamblea Departamental identificado con el n\u00famero 14 en la lista \u00fanica del Nuevo Liberalismo, 59 en el tarjet\u00f3n- y LUIS ALEJANDRO PEREA de una parte, y de la otra LUIS MIGUEL APONTE, ISNARDO ANTONIO GRANDAS RINC\u00d3N, DAIRO\u2026","rel":"","context":"En \u00abPronunciamientos de Organizaciones Sociales\u00bb","block_context":{"text":"Pronunciamientos de Organizaciones Sociales","link":"https:\/\/moir.com.co\/web\/category\/pronunciamientos-de-organizaciones-sociales\/"},"img":{"alt_text":"","src":"","width":0,"height":0},"classes":[]},{"id":548,"url":"https:\/\/moir.com.co\/web\/los-equipos-politicos-que-en-antioquia-siguen-las-orientaciones-de-los-senadores-carlos-gaviria-diaz-y-jorge-enrique-robledo-c\/","url_meta":{"origin":3114,"position":5},"title":"LOS EQUIPOS POL\u00cdTICOS QUE EN ANTIOQUIA SIGUEN LAS ORIENTACIONES DE LOS SENADORES CARLOS GAVIRIA D\u00cdAZ Y JORGE ENRIQUE ROBLEDO C","author":"admin","date":"agosto 10, 2004","format":false,"excerpt":"Frente Social y Pol\u00edtico-Unidad C\u00edvica y Agraria \u2013 MOIR, Medell\u00edn, Agosto 5 de 2003 Se protocoliz\u00f3 el acuerdo pol\u00edtico mediante el cual, el Frente Social y Pol\u00edtico, organizaci\u00f3n que sigue las orientaciones del abogado, ex presidente de la Corte Constitucional, y actual Senador antioque\u00f1o Carlos Gaviria D\u00edaz, y Unidad C\u00edvica\u2026","rel":"","context":"En \u00abPronunciamientos de Organizaciones Sociales\u00bb","block_context":{"text":"Pronunciamientos de Organizaciones Sociales","link":"https:\/\/moir.com.co\/web\/category\/pronunciamientos-de-organizaciones-sociales\/"},"img":{"alt_text":"","src":"","width":0,"height":0},"classes":[]}],"jetpack_sharing_enabled":true,"_links":{"self":[{"href":"https:\/\/moir.com.co\/web\/wp-json\/wp\/v2\/posts\/3114","targetHints":{"allow":["GET"]}}],"collection":[{"href":"https:\/\/moir.com.co\/web\/wp-json\/wp\/v2\/posts"}],"about":[{"href":"https:\/\/moir.com.co\/web\/wp-json\/wp\/v2\/types\/post"}],"author":[{"embeddable":true,"href":"https:\/\/moir.com.co\/web\/wp-json\/wp\/v2\/users\/1"}],"replies":[{"embeddable":true,"href":"https:\/\/moir.com.co\/web\/wp-json\/wp\/v2\/comments?post=3114"}],"version-history":[{"count":0,"href":"https:\/\/moir.com.co\/web\/wp-json\/wp\/v2\/posts\/3114\/revisions"}],"wp:attachment":[{"href":"https:\/\/moir.com.co\/web\/wp-json\/wp\/v2\/media?parent=3114"}],"wp:term":[{"taxonomy":"category","embeddable":true,"href":"https:\/\/moir.com.co\/web\/wp-json\/wp\/v2\/categories?post=3114"},{"taxonomy":"post_tag","embeddable":true,"href":"https:\/\/moir.com.co\/web\/wp-json\/wp\/v2\/tags?post=3114"}],"curies":[{"name":"wp","href":"https:\/\/api.w.org\/{rel}","templated":true}]}}