{"id":3113,"date":"2009-05-23T18:04:36","date_gmt":"2009-05-23T18:04:36","guid":{"rendered":"https:\/\/moir.org.co\/web\/plan-de-accion-del-encuentro-nacional-por-la-defensa-de-la-seguridad-la-soberania-alimentaria-y-la-produccion-agropecuaria-nacional\/"},"modified":"2009-05-23T18:04:36","modified_gmt":"2009-05-23T18:04:36","slug":"plan-de-accion-del-encuentro-nacional-por-la-defensa-de-la-seguridad-la-soberania-alimentaria-y-la-produccion-agropecuaria-nacional","status":"publish","type":"post","link":"https:\/\/moir.com.co\/web\/plan-de-accion-del-encuentro-nacional-por-la-defensa-de-la-seguridad-la-soberania-alimentaria-y-la-produccion-agropecuaria-nacional\/","title":{"rendered":"PLAN DE ACCION DEL Encuentro Nacional por la Defensa de la Seguridad, la Soberan\u00eda Alimentaria y la Producci\u00f3n Agropecuaria Nacional"},"content":{"rendered":"<p>Uno de los objetivos propuestos para la realizaci\u00f3n  del  \u201cEncuentro por la defensa de la seguridad, la soberan\u00eda alimentaria y la producci\u00f3n agropecuaria nacional\u201d,   fue   acordar acciones y tareas  que a nivel local, regional y nacional,  permitan  movilizar  a los  productores  por la defensa de la soberan\u00eda alimentaria y  la producci\u00f3n agropecuaria.<\/p>\n<p>El conjunto de organizaciones reunidas los d\u00edas 18 y 19 de Mayo,  en el resguardo ind\u00edgena de San Lorenzo, acordaron como Plan de acci\u00f3n:<\/p>\n<p><strong>Acciones de car\u00e1cter Nacional:<\/strong><\/p>\n<p>\u2022\tRealizar el d\u00eda 19 de Agosto   \u201cLa Gran Jornada Nacional por el derecho a la Soberan\u00eda alimentaria, el trabajo rural y la defensa de la producci\u00f3n agropecuaria nacional\u201d. <\/p>\n<p>Esta  actividad se concretara en acciones locales y regionales a trav\u00e9s de  (Foros  sobre el tema  \u2013  Mesas de trabajo &#8211;  Encuentros  &#8211;  Movilizaciones  &#8211; Asambleas- Concentraciones- Marchas- etc.).<\/p>\n<p>\u2022\tGran Minga Nacional  por la defensa de la Soberan\u00eda alimentaria,  la producci\u00f3n agropecuaria y el derecho al trabajo rural;  en contra de las pol\u00edticas del gobierno de Uribe frente al agro,  la firma de los TLC, la pol\u00edtica de agro-combustibles,  transg\u00e9nicos y la importaci\u00f3n de alimentos.<\/p>\n<p>A  realizarse el 15 de Octubre del presente a\u00f1o, o en la fecha que se fije  de com\u00fan acuerdo con el resto de movimientos sociales.<\/p>\n<p>Actividad que busca convocar a todos los sectores sociales  &#8211;  (Ind\u00edgenas -campesinos \u2013 afro-colombianos \u2013 mujeres \u2013 estudiantes \u2013 obreros &#8211; peque\u00f1os empresarios del campo y en general al conjunto  de las comunidades rurales y   la Sociedad Civil), a un Paro de car\u00e1cter nacional  que  rechace el conjunto de pol\u00edticas aplicadas al agro por el gobierno de Uribe.<\/p>\n<p>\u2022\tDesobediencia civil frente a las medidas fitosanitarias, que se quieren aplicar a los paneleros, lecheros, productores de carne de res y cerdo (Cierre de mataderos Municipales) y criadores de aves. <\/p>\n<p>\u2022\tDifusi\u00f3n a nivel de los medios de comunicaci\u00f3n escritos y hablados, a nivel regional y nacional del documento de exigencias y conclusiones que se entregar\u00e1 al Gobierno Nacional y que fue aprobado durante el Encuentro.<\/p>\n<p>\u2022\tQue la campa\u00f1a  \u201csemillas de identidad\u201d   realice a nivel nacional una campa\u00f1a de difusi\u00f3n &#8211; educaci\u00f3n  e impactos para rechazar   el  uso y evitar la aceptaci\u00f3n de semillas y variedades transg\u00e9nicas en la agricultura Colombiana.<\/p>\n<p>\u2022\tAcompa\u00f1ar una campa\u00f1a nacional de rechazo en contra de la Anglo Gold Ashanti  y  exigir su retiro del Pa\u00eds.<\/p>\n<p><strong>Acciones a nivel regional:<\/strong><\/p>\n<p>\u2022\tQue las diferentes organizaciones que tiene relaci\u00f3n con el sector agropecuario realicen diagn\u00f3sticos locales y departamentales,  tanto de car\u00e1cter cuantitativo como cualitativo que muestren con cifras concretas  como las pol\u00edticas del actual gobierno sobre el Agro,  est\u00e1n afectando a los productores en los diferentes departamentos.   Estos diagn\u00f3sticos como el que fue presentado por la delegaci\u00f3n del Caquet\u00e1  van a servir como instrumentos de  apoyo,  informaci\u00f3n y formaci\u00f3n para que los peque\u00f1os productores puedan comprender la realidad del agro y comprometerse con las acciones  reivindicativas que se desarrollen en cada regi\u00f3n por la defensa de la soberan\u00eda alimentaria y la producci\u00f3n agropecuaria.<\/p>\n<p>\u2022\tRealizar Encuentros y Foros Departamentales, para hacer reflexi\u00f3n y difundir  la situaci\u00f3n  por la que atraviesa el agro y la crisis alimentaria, en Colombia,  como acciones preparatorias de  la  gran Minga Nacional.<\/p>\n<p>\u2022\tCreaci\u00f3n de Comit\u00e9s departamentales por la defensa de la Soberan\u00eda alimentaria, la econom\u00eda campesina y  la producci\u00f3n agropecuaria en general,  buscando que a estos comit\u00e9s se integren todos los sectores de la producci\u00f3n en cada departamento, esta estrategia contribuir\u00e1 a afianzar y fortalecer la unidad del sector agropecuario nacional.<\/p>\n<p>\u2022\tPromover la abstenci\u00f3n al referendo por la reelecci\u00f3n de Uribe, y al referendo del agua, si es aprobado como lo propuso la mayor\u00eda gobiernista de la comisi\u00f3n primera de la C\u00e1mara, porque es contrario al que firmaron m\u00e1s de dos millones de colombianos.<\/p>\n<p><strong>Acciones locales:<\/strong><\/p>\n<p>\u2022\tImpulsar la creaci\u00f3n de comit\u00e9 locales por la defensa de los acueductos comunitarios y su administraci\u00f3n por las comunidades  y en contra de los Planes Departamentales de agua.<\/p>\n<p>\u2022\tCada organizaci\u00f3n y cada delegado presente en el Encuentro adquiere el compromiso de  llegar a su regi\u00f3n  a realizar un trabajo  de formaci\u00f3n y capacitaci\u00f3n a partir de reuniones, talleres, encuentros,  intercambios de productor a productor, comunidad por comunidad; explicando la situaci\u00f3n por la que atraviesa en Colombia la Alimentaci\u00f3n y la agricultura, como \u00fanica v\u00eda para poder movilizarnos y rechazar las pol\u00edticas neoliberales  y de globalizaci\u00f3n y los decretos que tiene impactos directos sobre la alimentaci\u00f3n, la agricultura, el agua, los bosques, los Paramos,  y la permanencia de las comunidades rurales en sus territorios.<\/p>\n<p>\u2022\tPromover la conformaci\u00f3n de redes solidarias de producci\u00f3n, comercializaci\u00f3n y distribuci\u00f3n de alimentos entre  organizaciones de productores.<\/p>\n<p>\u2022\tPromover  los mercados agro-ecol\u00f3gicos, trueques, ferias de semillas y alimentos a nivel local y regional como acciones de resistencia local y regional a las pol\u00edticas frente a la  alimentaci\u00f3n y la agricultura.<\/p>\n<p>\u2022\tPromover campa\u00f1as contra los llamados Megaproyectos que afectan y perjudican al sector agropecuario o a las comunidades campesinas, ind\u00edgenas y afro-colombianas<\/p>\n","protected":false},"excerpt":{"rendered":"<p>Uno de los objetivos propuestos para la realizaci\u00f3n del \u201cEncuentro por la defensa de la seguridad, la soberan\u00eda alimentaria y la producci\u00f3n agropecuaria nacional\u201d, fue acordar acciones y tareas que a nivel local, regional y nacional, permitan movilizar a los productores por la defensa de la soberan\u00eda alimentaria y la producci\u00f3n agropecuaria. El conjunto de [&hellip;]<\/p>\n","protected":false},"author":1,"featured_media":0,"comment_status":"open","ping_status":"open","sticky":false,"template":"","format":"standard","meta":{"advanced_seo_description":"","jetpack_seo_html_title":"","jetpack_seo_noindex":false,"_jetpack_memberships_contains_paid_content":false,"footnotes":""},"categories":[7],"tags":[],"class_list":["post-3113","post","type-post","status-publish","format-standard","hentry","category-pronunciamientos-de-organizaciones-sociales"],"jetpack_featured_media_url":"","jetpack-related-posts":[{"id":3094,"url":"https:\/\/moir.com.co\/web\/encuentro-nacional-agropecuario\/","url_meta":{"origin":3113,"position":0},"title":"ENCUENTRO NACIONAL AGROPECUARIO","author":"admin","date":"mayo 19, 2009","format":false,"excerpt":"En el Resguardo Ind\u00edgena de San Lorenzo, (Riosucio-Caldas), se est\u00e1 llevando a cabo durante los d\u00edas 18 y 19 de mayo, el Encuentro Nacional por la Defensa de la Seguridad, la Soberan\u00eda Alimentar\u00eda y la Producci\u00f3n Agropecuaria Nacional con 1120 participantes provenientes de organizaciones campesinas de 18 departamentos del pa\u00eds\u2026","rel":"","context":"En \u00abPronunciamientos de Organizaciones Sociales\u00bb","block_context":{"text":"Pronunciamientos de Organizaciones Sociales","link":"https:\/\/moir.com.co\/web\/category\/pronunciamientos-de-organizaciones-sociales\/"},"img":{"alt_text":"","src":"","width":0,"height":0},"classes":[]},{"id":7187,"url":"https:\/\/moir.com.co\/web\/jornada-nacional-de-defensa-del-arroz-y-la-soberania-alimentaria\/","url_meta":{"origin":3113,"position":1},"title":"Jornada Nacional de defensa del arroz y la soberan\u00eda alimentaria","author":"admin","date":"enero 28, 2013","format":false,"excerpt":"Con la participaci\u00f3n de los distritos de riego de Huila, Tolima, Norte de Santander y las organizaciones arroceras del Meta (AGAMETA) Y Casanare, integrantes DEL MOVIMIENTO NACIONAL POR LA DIGNIDAD ARROCERA, se decidi\u00f3 realizar el d\u00eda 8 de febrero, una gran jornada de movilizaci\u00f3n de los arroceros colombianos, de manera\u2026","rel":"","context":"En \u00abPronunciamientos de Organizaciones Sociales\u00bb","block_context":{"text":"Pronunciamientos de Organizaciones Sociales","link":"https:\/\/moir.com.co\/web\/category\/pronunciamientos-de-organizaciones-sociales\/"},"img":{"alt_text":"","src":"","width":0,"height":0},"classes":[]},{"id":9033,"url":"https:\/\/moir.com.co\/web\/la-crisis-economica-nacional-no-la-cargaran-los-productores-agropecuarios\/","url_meta":{"origin":3113,"position":2},"title":"La crisis econ\u00f3mica nacional no la cargaran los productores agropecuarios","author":"admin","date":"enero 24, 2015","format":false,"excerpt":"La primera reuni\u00f3n de la Direcci\u00f3n Nacional de Delegados de Dignidad Agropecuaria Colombiana, despu\u00e9s de hacer un an\u00e1lisis de la situaci\u00f3n que atraviesa el pa\u00eds, concluye que la grave crisis que padece Colombia y de manera particular la producci\u00f3n agropecuaria tiene origen en la implementaci\u00f3n de pol\u00edticas neoliberales que, acompa\u00f1adas\u2026","rel":"","context":"En \u00abPronunciamientos de Organizaciones Sociales\u00bb","block_context":{"text":"Pronunciamientos de Organizaciones Sociales","link":"https:\/\/moir.com.co\/web\/category\/pronunciamientos-de-organizaciones-sociales\/"},"img":{"alt_text":"","src":"","width":0,"height":0},"classes":[]},{"id":1012,"url":"https:\/\/moir.com.co\/web\/realizada-asamblea-nacional-de-salvacion-agropecuaria-boyaca\/","url_meta":{"origin":3113,"position":3},"title":"REALIZADA ASAMBLEA NACIONAL DE SALVACI\u00d3N AGROPECUARIA BOYAC\u00c1","author":"admin","date":"septiembre 26, 2004","format":false,"excerpt":"Con la asistencia de 120 delegados de 18 municipios, la presencia de Asogriboy, el presidente de Fabegan, los invitados de la CUT, el Sector Salud, y delegados de la alcald\u00eda de Tunja, se llev\u00f3 a cabo la Asamblea departamental de Salvaci\u00f3n Agropecuaria en Tunja el d\u00eda 1 de octubre entre\u2026","rel":"","context":"En \u00abPronunciamientos de Organizaciones Sociales\u00bb","block_context":{"text":"Pronunciamientos de Organizaciones Sociales","link":"https:\/\/moir.com.co\/web\/category\/pronunciamientos-de-organizaciones-sociales\/"},"img":{"alt_text":"","src":"","width":0,"height":0},"classes":[]},{"id":3406,"url":"https:\/\/moir.com.co\/web\/multiples-actividades-de-resistencia-contra-la-politica-agricola-se-realizaran-el-19-de-agosto-en-colombia\/","url_meta":{"origin":3113,"position":4},"title":"M\u00faltiples actividades de resistencia contra la pol\u00edtica agr\u00edcola se realizar\u00e1n el 19 de agosto en Colombia","author":"admin","date":"agosto 15, 2009","format":false,"excerpt":"En el marco de la Jornada Nacional por la Defensa de la Producci\u00f3n Agropecuaria y Campesina y de la Seguridad y la Soberan\u00eda Alimentaria Nacional, fijada para el 19 de agosto venidero, se llevar\u00e1n a cabo diversas actividades a lo largo y ancho del pa\u00eds. En Boyac\u00e1 habr\u00e1 movilizaciones en\u2026","rel":"","context":"En \u00abTemas\u00bb","block_context":{"text":"Temas","link":"https:\/\/moir.com.co\/web\/category\/temas\/"},"img":{"alt_text":"","src":"","width":0,"height":0},"classes":[]},{"id":8781,"url":"https:\/\/moir.com.co\/web\/el-congreso-dignidad-agropecuaria-colombiana-por-la-soberania-alimentaria-y-la-proteccion-del-medio-ambiente\/","url_meta":{"origin":3113,"position":5},"title":"El Congreso Dignidad Agropecuaria Colombiana. Por la soberan\u00eda alimentaria y la protecci\u00f3n del medio ambiente","author":"admin","date":"octubre 9, 2014","format":false,"excerpt":"\u201cAuguro buenos trabajos en torno a tan justos prop\u00f3sitos\u201d fue la respuesta de Monse\u00f1or Iv\u00e1n Mar\u00edn L\u00f3pez, arzobispo de Popay\u00e1n a la carta enviada, por los voceros de Dignidad Agropecuaria del Cauca, para invitarlo al I Congreso Nacional de Dignidad Agropecuaria que se realiz\u00f3 ayer, 6 de octubre, en la\u2026","rel":"","context":"En \u00abPronunciamientos de Organizaciones Sociales\u00bb","block_context":{"text":"Pronunciamientos de Organizaciones Sociales","link":"https:\/\/moir.com.co\/web\/category\/pronunciamientos-de-organizaciones-sociales\/"},"img":{"alt_text":"","src":"","width":0,"height":0},"classes":[]}],"jetpack_sharing_enabled":true,"_links":{"self":[{"href":"https:\/\/moir.com.co\/web\/wp-json\/wp\/v2\/posts\/3113","targetHints":{"allow":["GET"]}}],"collection":[{"href":"https:\/\/moir.com.co\/web\/wp-json\/wp\/v2\/posts"}],"about":[{"href":"https:\/\/moir.com.co\/web\/wp-json\/wp\/v2\/types\/post"}],"author":[{"embeddable":true,"href":"https:\/\/moir.com.co\/web\/wp-json\/wp\/v2\/users\/1"}],"replies":[{"embeddable":true,"href":"https:\/\/moir.com.co\/web\/wp-json\/wp\/v2\/comments?post=3113"}],"version-history":[{"count":0,"href":"https:\/\/moir.com.co\/web\/wp-json\/wp\/v2\/posts\/3113\/revisions"}],"wp:attachment":[{"href":"https:\/\/moir.com.co\/web\/wp-json\/wp\/v2\/media?parent=3113"}],"wp:term":[{"taxonomy":"category","embeddable":true,"href":"https:\/\/moir.com.co\/web\/wp-json\/wp\/v2\/categories?post=3113"},{"taxonomy":"post_tag","embeddable":true,"href":"https:\/\/moir.com.co\/web\/wp-json\/wp\/v2\/tags?post=3113"}],"curies":[{"name":"wp","href":"https:\/\/api.w.org\/{rel}","templated":true}]}}