{"id":3112,"date":"2009-05-23T18:00:02","date_gmt":"2009-05-23T18:00:02","guid":{"rendered":"https:\/\/moir.org.co\/web\/carta-de-respaldo-a-la-candidatura-de-carlos-gaviria-diaz\/"},"modified":"2009-05-23T18:00:02","modified_gmt":"2009-05-23T18:00:02","slug":"carta-de-respaldo-a-la-candidatura-de-carlos-gaviria-diaz","status":"publish","type":"post","link":"https:\/\/moir.com.co\/web\/carta-de-respaldo-a-la-candidatura-de-carlos-gaviria-diaz\/","title":{"rendered":"CARTA DE RESPALDO A LA CANDIDATURA DE CARLOS GAVIRIA D\u00cdAZ"},"content":{"rendered":"<p>Doctor<br \/>\nCARLOS GAVIRIA DIAZ<br \/>\nPresidente Polo Democr\u00e1tico Alternativo<br \/>\nBogot\u00e1 D.C.<\/p>\n<p>Estimado maestro:<\/p>\n<p>Por la presente nos permitimos agradecer su amable mensaje en el que nos desea \u00e9xitos en el Encuentro Nacional por la Defensa de la Seguridad y la Soberan\u00eda Alimentaria. con enorme satisfacci\u00f3n debemos comunicarle que el encuentro sobrepas\u00f3 todas nuestras expectativas con la presencia de 1120 Delegados de 18 departamentos que durante dos d\u00edas confirmaron en sus intervenciones la profunda crisis por la que atraviesa el agro colombiano y verificaron, como lo se\u00f1al\u00f3 usted en su misiva, \u201cla perdida de la seguridad alimentaria nacional, el envilecimiento de las condiciones laborales de los trabajadores rurales y la m\u00e1s desigual distribuci\u00f3n de la tierra, esta \u00faltima condici\u00f3n como la m\u00e1s denigrante en el mundo entero\u201d.<\/p>\n<p>Coincidimos, as\u00ed mismo, en que a esta cat\u00e1strofe debemos proponer alternativas, y para ello acordamos tareas inmediatas de organizaci\u00f3n y movilizaci\u00f3n a nivel nacional que contrarresten y derroten los efectos m\u00e1s perniciosos de las pol\u00edticas neoliberales que nos agobian. Pero esto, por si solo no es suficiente, consideramos que para lograr un profundo cambio del estado de cosas existentes en Colombia es necesario derrotar la reelecci\u00f3n uribista y establecer un gobierno democr\u00e1tico y patri\u00f3tico.  <\/p>\n<p>Por tanto, Dr. Gaviria, le proponemos que contando con nuestro irrestricto respaldo, abandere usted como candidato presidencial de la naci\u00f3n colombiana en las selecciones del 2010 esta lucha por la dignidad y el progreso de Colombia.<\/p>\n<p>Reciba nuestro saludo cordial.<\/p>\n<p>ENCUENTRO NACIONAL POR LA DEFENSA DE LA  SEGURIDAD  Y  LA SOBERAN\u00ccA ALIMENTARIA<\/p>\n","protected":false},"excerpt":{"rendered":"<p>Doctor CARLOS GAVIRIA DIAZ Presidente Polo Democr\u00e1tico Alternativo Bogot\u00e1 D.C. Estimado maestro: Por la presente nos permitimos agradecer su amable mensaje en el que nos desea \u00e9xitos en el Encuentro Nacional por la Defensa de la Seguridad y la Soberan\u00eda Alimentaria. con enorme satisfacci\u00f3n debemos comunicarle que el encuentro sobrepas\u00f3 todas nuestras expectativas con la [&hellip;]<\/p>\n","protected":false},"author":1,"featured_media":0,"comment_status":"open","ping_status":"open","sticky":false,"template":"","format":"standard","meta":{"advanced_seo_description":"","jetpack_seo_html_title":"","jetpack_seo_noindex":false,"_jetpack_memberships_contains_paid_content":false,"footnotes":""},"categories":[7],"tags":[],"class_list":["post-3112","post","type-post","status-publish","format-standard","hentry","category-pronunciamientos-de-organizaciones-sociales"],"jetpack_featured_media_url":"","jetpack-related-posts":[{"id":20738,"url":"https:\/\/moir.com.co\/web\/mi-adhesion-a-la-candidatura-presidencial-de-carlos-gaviria-diaz\/","url_meta":{"origin":3112,"position":0},"title":"MI ADHESI\u00d3N A LA CANDIDATURA PRESIDENCIAL DE CARLOS GAVIRIA D\u00cdAZ","author":"admin","date":"marzo 2, 2005","format":false,"excerpt":"\u00bfHasta cu\u00e1ndo Catilina abusar\u00e1s de nuestra paciencia? Con esta famosa frase de Cicer\u00f3n se puede caracterizar el talante actual de la sociedad colombiana. \u00bfHasta cu\u00e1ndo seguir\u00e1 la destrucci\u00f3n del Estado democr\u00e1tico, la agudizaci\u00f3n de los conflictos sociales, el derrumbamiento de la soberan\u00eda nacional, bajo el manto de la seguridad militar\u2026","rel":"","context":"En \u00abTribuna Roja N\u00ba 99, marzo 10 de 2005\u00bb","block_context":{"text":"Tribuna Roja N\u00ba 99, marzo 10 de 2005","link":"https:\/\/moir.com.co\/web\/category\/tribuna-roja\/ediciones-2005-2009\/tribuna-roja-no-99-marzo-10-de-2005\/"},"img":{"alt_text":"","src":"","width":0,"height":0},"classes":[]},{"id":1363,"url":"https:\/\/moir.com.co\/web\/contra-el-tlc-y-la-reeleccion-carlos-gaviria-diaz-presidente-2006-2010\/","url_meta":{"origin":3112,"position":1},"title":"CONTRA EL TLC Y LA REELECCI\u00d3N: CARLOS GAVIRIA D\u00cdAZ, PRESIDENTE 2006-2010","author":"admin","date":"marzo 8, 2006","format":false,"excerpt":"La consulta interna del Polo Democr\u00e1tico Alternativo, realizada el pasado 12 de marzo, escogi\u00f3 al senador Carlos Gaviria D\u00edaz como candidato a la Presidencia de la Rep\u00fablica para el periodo 2006-2010. Nuestra corriente estuvo comprometida a fondo con este trascendental logro democr\u00e1tico y estamos convencidos de que tan refrescante suceso\u2026","rel":"","context":"En \u00abPronunciamientos de Organizaciones Sociales\u00bb","block_context":{"text":"Pronunciamientos de Organizaciones Sociales","link":"https:\/\/moir.com.co\/web\/category\/pronunciamientos-de-organizaciones-sociales\/"},"img":{"alt_text":"","src":"","width":0,"height":0},"classes":[]},{"id":3441,"url":"https:\/\/moir.com.co\/web\/acto-de-la-campana-de-carlos-gaviria-diaz-en-el-club-de-pensionados-de-los-seguros-sociales-en-santa-marta-agosto-26-de-2009\/","url_meta":{"origin":3112,"position":2},"title":"Acto de la campa\u00f1a de Carlos Gaviria D\u00edaz en el Club de Pensionados de los Seguros Sociales en Santa Marta, agosto 26 de 2009","author":"admin","date":"agosto 26, 2009","format":false,"excerpt":"","rel":"","context":"En \u00abGaler\u00edas\u00bb","block_context":{"text":"Galer\u00edas","link":"https:\/\/moir.com.co\/web\/category\/multimedia\/galerias\/"},"img":{"alt_text":"","src":"","width":0,"height":0},"classes":[]},{"id":3442,"url":"https:\/\/moir.com.co\/web\/acto-de-la-campana-de-carlos-gaviria-diaz-en-el-club-de-pensionados-de-los-seguros-sociales-en-santa-marta-no-2-agosto-26-de-2009\/","url_meta":{"origin":3112,"position":3},"title":"Acto de la campa\u00f1a de Carlos Gaviria D\u00edaz en el Club de Pensionados de los Seguros Sociales en Santa Marta N\u00ba 2, agosto 26 de 2009","author":"admin","date":"agosto 26, 2009","format":false,"excerpt":"","rel":"","context":"En \u00abGaler\u00edas\u00bb","block_context":{"text":"Galer\u00edas","link":"https:\/\/moir.com.co\/web\/category\/multimedia\/galerias\/"},"img":{"alt_text":"","src":"","width":0,"height":0},"classes":[]},{"id":4275,"url":"https:\/\/moir.com.co\/web\/carlos-gaviria-diaz-asumio-jefatura-nacional-de-campana-de-gustavo-petro\/","url_meta":{"origin":3112,"position":4},"title":"Carlos Gaviria D\u00edaz asumi\u00f3 jefatura nacional de campa\u00f1a de Gustavo Petro","author":"admin","date":"abril 13, 2010","format":false,"excerpt":"El candidato del Polo, Gustavo Petro, habl\u00f3 con El Espectador y revel\u00f3 qu\u00e9 papel desempe\u00f1ar\u00e1 Carlos Gaviria en su campa\u00f1a. \u00bfCu\u00e1l ser\u00e1 la labor de Carlos Gaviria en su campa\u00f1a? Va a asumir la conducci\u00f3n de un equipo que se va a llamar Jefatura Nacional de Campa\u00f1a junto a otras\u2026","rel":"","context":"En \u00abRevista de Prensa\u00bb","block_context":{"text":"Revista de Prensa","link":"https:\/\/moir.com.co\/web\/category\/prensa\/revista-de-prensa\/"},"img":{"alt_text":"","src":"","width":0,"height":0},"classes":[]},{"id":8346,"url":"https:\/\/moir.com.co\/web\/clara-lopez-la-persona-mas-idonea-para-desempenar-presidencia-carlos-gaviria\/","url_meta":{"origin":3112,"position":5},"title":"&#8220;Clara L\u00f3pez, la persona m\u00e1s id\u00f3nea para desempe\u00f1ar Presidencia&#8221;: Carlos Gaviria","author":"admin","date":"abril 1, 2014","format":false,"excerpt":"Tras ratificar su decidido respaldo a la f\u00f3rmula presidencial del Polo Democr\u00e1tico Alternativo-Uni\u00f3n Patri\u00f3tica, el exmagistrado Carlos Gaviria D\u00edaz, uno de las m\u00e1s connotados referentes de la izquierda colombiana, sostuvo que Clara L\u00f3pez, es en su concepto, \u201cla persona m\u00e1s id\u00f3nea para desempe\u00f1ar la Presidencia de la Rep\u00fablica en el\u2026","rel":"","context":"En \u00abPolo Democr\u00e1tico Alternativo\u00bb","block_context":{"text":"Polo Democr\u00e1tico Alternativo","link":"https:\/\/moir.com.co\/web\/category\/polo-democratico-alternativo\/"},"img":{"alt_text":"","src":"","width":0,"height":0},"classes":[]}],"jetpack_sharing_enabled":true,"_links":{"self":[{"href":"https:\/\/moir.com.co\/web\/wp-json\/wp\/v2\/posts\/3112","targetHints":{"allow":["GET"]}}],"collection":[{"href":"https:\/\/moir.com.co\/web\/wp-json\/wp\/v2\/posts"}],"about":[{"href":"https:\/\/moir.com.co\/web\/wp-json\/wp\/v2\/types\/post"}],"author":[{"embeddable":true,"href":"https:\/\/moir.com.co\/web\/wp-json\/wp\/v2\/users\/1"}],"replies":[{"embeddable":true,"href":"https:\/\/moir.com.co\/web\/wp-json\/wp\/v2\/comments?post=3112"}],"version-history":[{"count":0,"href":"https:\/\/moir.com.co\/web\/wp-json\/wp\/v2\/posts\/3112\/revisions"}],"wp:attachment":[{"href":"https:\/\/moir.com.co\/web\/wp-json\/wp\/v2\/media?parent=3112"}],"wp:term":[{"taxonomy":"category","embeddable":true,"href":"https:\/\/moir.com.co\/web\/wp-json\/wp\/v2\/categories?post=3112"},{"taxonomy":"post_tag","embeddable":true,"href":"https:\/\/moir.com.co\/web\/wp-json\/wp\/v2\/tags?post=3112"}],"curies":[{"name":"wp","href":"https:\/\/api.w.org\/{rel}","templated":true}]}}