{"id":3109,"date":"2009-05-21T18:40:05","date_gmt":"2009-05-21T18:40:05","guid":{"rendered":"https:\/\/moir.org.co\/web\/el-comando-nacional-unitario-frente-a-los-tlc\/"},"modified":"2009-05-21T18:40:05","modified_gmt":"2009-05-21T18:40:05","slug":"el-comando-nacional-unitario-frente-a-los-tlc","status":"publish","type":"post","link":"https:\/\/moir.com.co\/web\/el-comando-nacional-unitario-frente-a-los-tlc\/","title":{"rendered":"EL COMANDO NACIONAL UNITARIO FRENTE A LOS TLC"},"content":{"rendered":"<p>El Comando Nacional Unitario, conformado en Colombia por, la Central Unitaria de Trabajadores, CUT, la Confederaci\u00f3n General del Trabajo, CGT, la Confederaci\u00f3n de Trabajadores de Colombia, CTC y  la Confederaci\u00f3n de Pensionados de Colombia, CPC, ante el fren\u00e9tico impulso por parte del gobierno colombiano, en cabeza de \u00c1lvaro Uribe V\u00e9lez, a los denominados Tratados de Libre Comercio, TLC, o Acuerdos de Asociaci\u00f3n, quiere precisar a la opini\u00f3n p\u00fablica nacional e internacional, los motivos por los cuales el movimiento sindical colombiano se reitera en la oposici\u00f3n a  los  mismos.   <\/p>\n<p>PRIMERO: Se constata claramente que no ha habido verdaderos procesos de negociaci\u00f3n  y que en cambio de lo que se ha tratado es de imposiciones de potencias econ\u00f3mica,  pol\u00edtica y militarmente much\u00edsimo m\u00e1s poderosas, que en base a esas asimetr\u00edas han sacado partido en beneficio de transnacionales con asiento en sus territorios, este es el caso  de los Tratados de Libre Comercio suscritos con Estado Unidos y Canad\u00e1 y el que actualmente se  discute con la Uni\u00f3n Europea <\/p>\n<p>SEGUNDO: Al estancarse las negociaciones de la Ronda de Doha, y no alcanzar las transnacionales a trav\u00e9s de los gobiernos de las superpotencias, imponer de manera  inmediata sus pretensiones en materia de Libre Mercado, desde la doctrina neoliberal, surgi\u00f3 la opci\u00f3n de los Tratados de Libre Comercio en la perspectiva de unificar las facilidades que los pa\u00edses en v\u00edas de desarrollo habr\u00edan de aplicar para garantizar ping\u00fces utilidades a sus inversiones especulativas en la gran mayor\u00eda de los casos.<\/p>\n<p>TERCERO: Las implicaciones o impactos de los Tratados de Libre Comercio trascienden el escenario meramente comercial, llegando a se\u00f1alar un oscuro futuro a nuestro pa\u00eds en materias tan delicadas como autonom\u00eda legislativa y administrativa, propiedad intelectual, seguridad y soberan\u00eda alimentaria, pol\u00edticas de desarrollo industrial, servicios p\u00fablicos,  garant\u00edas y limites a la inversi\u00f3n extranjera, aplicaci\u00f3n de la normatividad nacional, soluci\u00f3n de controversias en base  a las leyes del libre mercado.<\/p>\n<p>CUARTO: La guerra al narcotr\u00e1fico se convierte en una herramienta de presi\u00f3n contra nuestros intereses, pues si bien en los EEUU y la UE se emitieron sendos  acuerdos, ATPDEA y SGP,  mecanismos para nada compartidos por el CNU, tendientes a premiar o castigar las actuaciones de los pa\u00edses en torno a la represi\u00f3n de las actividades del narcotr\u00e1fico, constatamos que el compromiso de los pa\u00edses desarrollados para con esta  <\/p>\n<p>causa no es equiparable al sacrificio que dicha lucha representa para nuestro pa\u00eds. El ATPDEA y el SGP, son puestos a nuestros negociadores como el techo de las negociaciones y son incontables las concesiones que ellos han tenido que realizar para mantener los supuestos beneficios de estos sistemas para enfrentar el tr\u00e1fico de estupefacientes.<\/p>\n<p>QUINTO: El car\u00e1cter de intereses de Seguridad Nacional persistente en las negociaciones por parte de las comisiones estadounidense y europea, han hecho que las concesiones a nuestro pa\u00eds sean ninguna y por el contrario, las nuestras son todas las que las transnacionales han exigido e impuesto de conformidad con sus insaciables intereses.     <\/p>\n<p>SEXTO: Como consecuencia de las reiteradas reclamaciones de las organizaciones sociales populares, son conocidos los cap\u00edtulos o apartes que pretenden se\u00f1alar lineamientos para garantizar la vigencia y aplicaci\u00f3n de los derechos econ\u00f3micos, sociales, pol\u00edticos y culturales de los pobladores, que se quedan en simple ret\u00f3rica inaplicable a la hora de constatar los impactos de los TLC sobre nuestro aparato productivo nacional, sobre los trabajadores y la poblaci\u00f3n en general.<\/p>\n<p>SEPTIMO: La doble moral aplicada por los pa\u00edses desarrollados y sus transnacionales se convierte en otro elemento de condena por parte  del Comando Nacional Unitario, pues mientras el mundo busca generar acuerdos en torno a temas como el medio ambiente, diversidad biol\u00f3gica, bioseguridad o proliferaci\u00f3n de armas nucleares o qu\u00edmicas, las transnacionales por intermedio de los TLC buscan se les otorguen garant\u00edas para sus inversiones, pero sobre todo, se les den legislaciones laxas con respecto a estos temas.<\/p>\n<p>OCTAVO: El hecho de que las cuentas o ingresos tributarios por impuestos, la balanza de pagos y las propias exportaciones colombianas a mercados diferentes a los norteamericanos o europeos, se vean duramente golpeados seg\u00fan datos no precisamente del movimiento sindical sino proporcionados por el Banco de La Rep\u00fablica, Banco Interamericano de Desarrollo o de gremios empresariales como la SAC, hacen que el movimiento sindical colombiano se convenza m\u00e1s de lo negativo de estos mal llamados Tratados de Libre Comercio.<\/p>\n<p>NOVENO: El modelo aperturista neoliberal impuesto en la d\u00e9cada de los 90 por los mismos promotores de los TLC de hoy en d\u00eda, con su estela de da\u00f1o al  aparato productivo nacional en sus tres sectores, lo mismo que a los trabajadores colombianos; se ve exacerbado por la puesta en marcha de los leoninos TLC con la potencia del norte al <\/p>\n<p>igual que  con  Europa. Es decir que si el modelo neoliberal ha arruinado a nuestro pa\u00eds en los \u00faltimos diecinueve a\u00f1os, con los TLC \u00bfque  viva el modelo neoliberal, aunque muera la naci\u00f3n?<\/p>\n<p>DECIMO: Los TLC entre la Rep\u00fablica de Colombia, los Estados Unidos de Am\u00e9rica, la Rep\u00fablica de Canad\u00e1 y la Uni\u00f3n Europea se negociaron a espaldas de la naci\u00f3n, pues las reiteradas solicitudes encaminadas a viabilizar la participaci\u00f3n de  amplios sectores del pa\u00eds en una forma real y efectiva, fueron desechadas por el gobierno nacional, fue as\u00ed como la propuesta de aprobar previamente una ley denominada \u201cLey Espejo\u201d no fue tenida en cuenta pese a que ella no era otra cosa que un s\u00edmil del Trade Promotion Authority of 2002 (TPA) el cual le fija al gobierno estadounidense unos m\u00ednimos, a la hora de suscribir acuerdos de esta \u00edndole, tendientes a proteger los intereses propios tanto de sus empresas como de su naci\u00f3n. La solicitud presentada por el Senador Antonio Navarro Wolf, de someter  la ratificaci\u00f3n del tratado al pueblo colombiano, a trav\u00e9s de un referendo, tambi\u00e9n fue desechada de forma ol\u00edmpica por los congresistas comprometidos con el gobierno. Los llamados del Cardenal  Pedro Rubiano quien manifestara: \u201cLa Iglesia ve con preocupaci\u00f3n algunas  de las disposiciones contenidas en el TLC que podr\u00edan afectar a una extensa poblaci\u00f3n del pa\u00eds\u201d tampoco movieron a los \u201cnegociadores\u201d colombianos y por el  contrario llevaron a que  con arrogancia el  Presidente manifestara en una de sus correr\u00edas por el norte que cayeran rayos y centellas, el TLC Colombia lo firmar\u00eda por que lo firmar\u00eda. \u00bfDe que negociaci\u00f3n se habla cuando a la contraparte se le asegura que pase lo que pase se firmara?<\/p>\n<p>Lo anterior no es un dec\u00e1logo de diatribas respecto del tema por parte del movimiento sindical colombiano, como en muchas de las oportunidades han sido calificadas nuestras opiniones, entre otras cosas porque son m\u00e1s los argumentos con que contamos para justificar nuestra oposici\u00f3n al los TLC, nuestros planteamientos constituyen la legitima preocupaci\u00f3n que nos asiste ante un tema que de manera grave empe\u00f1ara el futuro de la naci\u00f3n  a los intereses de las transnacionales.<\/p>\n<p>Si a lo expuesto agregamos que los derechos de los trabajadores y sus organizaciones, son violentados de manera grave por el gobierno nacional por medio de reformas laborales regresivas, pr\u00e1cticas antisindicales como las  mal llamadas Cooperativas de Trabajo Asociado y otras formas de tercerizaci\u00f3n laboral, que solo tienen como funci\u00f3n la de desvirtuar el Contrato de Trabajo e impedir el desarrollo del sindicalismo y constatando que la violencia contra el movimiento sindical no cesa, encontramos que son m\u00e1s que justificadas nuestras posiciones frente a esta clase de Tratados de Libre Comercio, por cuanto se inscriben en la doctrina neoliberal tal y como lo estamos demostrando.<\/p>\n<p>Es la b\u00fasqueda de la integraci\u00f3n latinoamericana-caribe\u00f1a, un postulado que el Comando Nacional Unitario acoge plenamente y reclama del gobierno colombiano su cumplimiento a plenitud, pues con los TLC suscritos  y los por suscribir, dicho principio se ve transgredido al punto de imposibilitar su cumplimiento a futuro, as\u00ed mismo debemos impulsar los acuerdos comerciales y de seguridad social con todos los pa\u00edses de Am\u00e9rica latina y el Caribe.<\/p>\n<p>COMANDO NACIONAL UNITARIO<\/p>\n<p>Original firmado:<\/p>\n<p>TARCISIO MORA GODOY<br \/>\nPresidente CUT    <\/p>\n<p>JULIO ROBERTO GOMEZ ESGUERRA<br \/>\nSecretario General CGT<\/p>\n<p>APECIDES ALVIS FERNANDEZ<br \/>\nPresidente CTC  <\/p>\n<p>JESUS  MENDOZA VARGAS<br \/>\nPresidente CPC     <\/p>\n","protected":false},"excerpt":{"rendered":"<p>El Comando Nacional Unitario, conformado en Colombia por, la Central Unitaria de Trabajadores, CUT, la Confederaci\u00f3n General del Trabajo, CGT, la Confederaci\u00f3n de Trabajadores de Colombia, CTC y la Confederaci\u00f3n de Pensionados de Colombia, CPC, ante el fren\u00e9tico impulso por parte del gobierno colombiano, en cabeza de \u00c1lvaro Uribe V\u00e9lez, a los denominados Tratados de [&hellip;]<\/p>\n","protected":false},"author":1,"featured_media":0,"comment_status":"open","ping_status":"open","sticky":false,"template":"","format":"standard","meta":{"advanced_seo_description":"","jetpack_seo_html_title":"","jetpack_seo_noindex":false,"_jetpack_memberships_contains_paid_content":false,"footnotes":""},"categories":[7],"tags":[],"class_list":["post-3109","post","type-post","status-publish","format-standard","hentry","category-pronunciamientos-de-organizaciones-sociales"],"jetpack_featured_media_url":"","jetpack-related-posts":[{"id":636,"url":"https:\/\/moir.com.co\/web\/los-trabajadores-y-trabajadoras-andinos-frente-al-alca-tlc\/","url_meta":{"origin":3109,"position":0},"title":"LOS TRABAJADORES Y TRABAJADORAS ANDINOS FRENTE AL ALCA-TLC","author":"admin","date":"agosto 11, 2004","format":false,"excerpt":"Campa\u00f1a Continental contra el ALCA, abril 8 de 2004 Consejo Consultivo Laboral Andino, abril 8 de 2004 El Consejo Consultivo Laboral Andino reunido en la ciudad de Cali, Colombia en el marco de su X Reuni\u00f3n Ordinaria, las 16 Centrales Sindicales que lo integran, luego de una profunda discusi\u00f3n sobre\u2026","rel":"","context":"En \u00abPronunciamientos de Organizaciones Sociales\u00bb","block_context":{"text":"Pronunciamientos de Organizaciones Sociales","link":"https:\/\/moir.com.co\/web\/category\/pronunciamientos-de-organizaciones-sociales\/"},"img":{"alt_text":"","src":"","width":0,"height":0},"classes":[]},{"id":4406,"url":"https:\/\/moir.com.co\/web\/colombia-claudica-ante-la-union-europea\/","url_meta":{"origin":3109,"position":1},"title":"Colombia claudica ante la Uni\u00f3n Europea","author":"admin","date":"mayo 24, 2010","format":false,"excerpt":"En el d\u00eda de ayer se firm\u00f3 en Madrid el TLC de la Uni\u00f3n Europea con Colombia y Per\u00fa, tras m\u00e1s de dos a\u00f1os y medio de negociaciones en que los espacios de participaci\u00f3n para las organizaciones sociales fueron inexistentes y la informaci\u00f3n se mantuvo clandestina durante todo el proceso.\u2026","rel":"","context":"En \u00ab\u00a1No a los TLC y al ALCA!\u00bb","block_context":{"text":"\u00a1No a los TLC y al ALCA!","link":"https:\/\/moir.com.co\/web\/category\/temas\/no-a-los-tlc-y-al-alca\/"},"img":{"alt_text":"","src":"","width":0,"height":0},"classes":[]},{"id":5657,"url":"https:\/\/moir.com.co\/web\/pronunciamiento-de-la-cut-frente-a-la-carta-acuerdo-laboral\/","url_meta":{"origin":3109,"position":2},"title":"Pronunciamiento de la CUT frente a la Carta Acuerdo Laboral","author":"admin","date":"mayo 28, 2011","format":false,"excerpt":"La Central Unitaria de Trabajadores de Colombia, CUT, informa y comunica a los trabajadores, sectores sociales y opini\u00f3n p\u00fablica nacional e internacional, que nunca ha negado el di\u00e1logo y la concertaci\u00f3n, siempre y cuando, \u00e9sta sea fruto del entendimiento entre las partes y no a conveniencia de las pol\u00edticas gubernamentales,\u2026","rel":"","context":"En \u00abPronunciamientos de Organizaciones Sociales\u00bb","block_context":{"text":"Pronunciamientos de Organizaciones Sociales","link":"https:\/\/moir.com.co\/web\/category\/pronunciamientos-de-organizaciones-sociales\/"},"img":{"alt_text":"","src":"","width":0,"height":0},"classes":[]},{"id":675,"url":"https:\/\/moir.com.co\/web\/declaracion-de-la-cumbre-politica-y-social\/","url_meta":{"origin":3109,"position":3},"title":"DECLARACI\u00d3N DE LA CUMBRE POL\u00cdTICA Y SOCIAL","author":"admin","date":"agosto 11, 2004","format":false,"excerpt":"En esta amplia y representativa Cumbre Pol\u00edtica y Social que se ha realizado hoy, 22 de julio, en el auditorio del edificio Orqu\u00eddea Real de Bogot\u00e1, la Gran Coalici\u00f3n Democr\u00e1tica, los partidos pol\u00edticos democr\u00e1ticos, el movimiento sindical confederado, parlamentarios, diputados y concejales de diversas corrientes pol\u00edticas, los pensionados y las\u2026","rel":"","context":"En \u00abPronunciamientos de Organizaciones Sociales\u00bb","block_context":{"text":"Pronunciamientos de Organizaciones Sociales","link":"https:\/\/moir.com.co\/web\/category\/pronunciamientos-de-organizaciones-sociales\/"},"img":{"alt_text":"","src":"","width":0,"height":0},"classes":[]},{"id":19558,"url":"https:\/\/moir.com.co\/web\/declaracion-de-la-cumbre-politica-y-social-2\/","url_meta":{"origin":3109,"position":4},"title":"DECLARACI\u00d3N DE LA CUMBRE POL\u00cdTICA Y SOCIAL","author":"admin","date":"agosto 4, 2004","format":false,"excerpt":"Bogot\u00e1, julio 22 de 2004 En esta amplia y representativa Cumbre Pol\u00edtica y Social que se ha realizado hoy, 22 de julio, en el auditorio del edificio Orqu\u00eddea Real de Bogot\u00e1, la Gran Coalici\u00f3n Democr\u00e1tica, los partidos pol\u00edticos democr\u00e1ticos, el movimiento sindical confederado, parlamentarios, diputados y concejales de diversas corrientes\u2026","rel":"","context":"En \u00abTribuna Roja N\u00ba 96; Julio 23 de 2004\u00bb","block_context":{"text":"Tribuna Roja N\u00ba 96; Julio 23 de 2004","link":"https:\/\/moir.com.co\/web\/category\/tribuna-roja\/ediciones-2000-2004\/tribuna-roja-no-96-julio-23-de-2004\/"},"img":{"alt_text":"","src":"","width":0,"height":0},"classes":[]},{"id":64,"url":"https:\/\/moir.com.co\/web\/se-constituyo-la-red-colombiana-de-accion-frente-al-libre-comercio-y-el-alca-recalca\/","url_meta":{"origin":3109,"position":5},"title":"SE CONSTITUY\u00d3 LA RED COLOMBIANA DE ACCION FRENTE AL LIBRE COMERCIO Y EL ALCA, RECALCA","author":"admin","date":"agosto 4, 2004","format":false,"excerpt":"Como resultado del Foro \"ALCA y TLC, el espejismo del libre comercio, los verdaderos efectos sobre la sociedad colombiana\" se ha constituido la Red Colombiana de Acci\u00f3n Frente al Libre Comercio y el ALCA, Recalca. Esta es una organizaci\u00f3n amplia, pluralista y democr\u00e1tica que trabajar\u00e1 por consenso y busca agrupar\u2026","rel":"","context":"En \u00ab\u00a1No a los TLC y al ALCA!\u00bb","block_context":{"text":"\u00a1No a los TLC y al ALCA!","link":"https:\/\/moir.com.co\/web\/category\/temas\/no-a-los-tlc-y-al-alca\/"},"img":{"alt_text":"","src":"","width":0,"height":0},"classes":[]}],"jetpack_sharing_enabled":true,"_links":{"self":[{"href":"https:\/\/moir.com.co\/web\/wp-json\/wp\/v2\/posts\/3109","targetHints":{"allow":["GET"]}}],"collection":[{"href":"https:\/\/moir.com.co\/web\/wp-json\/wp\/v2\/posts"}],"about":[{"href":"https:\/\/moir.com.co\/web\/wp-json\/wp\/v2\/types\/post"}],"author":[{"embeddable":true,"href":"https:\/\/moir.com.co\/web\/wp-json\/wp\/v2\/users\/1"}],"replies":[{"embeddable":true,"href":"https:\/\/moir.com.co\/web\/wp-json\/wp\/v2\/comments?post=3109"}],"version-history":[{"count":0,"href":"https:\/\/moir.com.co\/web\/wp-json\/wp\/v2\/posts\/3109\/revisions"}],"wp:attachment":[{"href":"https:\/\/moir.com.co\/web\/wp-json\/wp\/v2\/media?parent=3109"}],"wp:term":[{"taxonomy":"category","embeddable":true,"href":"https:\/\/moir.com.co\/web\/wp-json\/wp\/v2\/categories?post=3109"},{"taxonomy":"post_tag","embeddable":true,"href":"https:\/\/moir.com.co\/web\/wp-json\/wp\/v2\/tags?post=3109"}],"curies":[{"name":"wp","href":"https:\/\/api.w.org\/{rel}","templated":true}]}}