{"id":3094,"date":"2009-05-19T10:45:56","date_gmt":"2009-05-19T10:45:56","guid":{"rendered":"https:\/\/moir.org.co\/web\/encuentro-nacional-agropecuario\/"},"modified":"2009-05-19T10:45:56","modified_gmt":"2009-05-19T10:45:56","slug":"encuentro-nacional-agropecuario","status":"publish","type":"post","link":"https:\/\/moir.com.co\/web\/encuentro-nacional-agropecuario\/","title":{"rendered":"ENCUENTRO NACIONAL AGROPECUARIO"},"content":{"rendered":"<p>En el Resguardo Ind\u00edgena de San Lorenzo, (Riosucio-Caldas), se est\u00e1 llevando a cabo durante los d\u00edas 18 y 19 de mayo, el Encuentro Nacional por la Defensa de la Seguridad, la Soberan\u00eda Alimentar\u00eda y la Producci\u00f3n Agropecuaria Nacional con 1120 participantes provenientes de organizaciones campesinas de 18 departamentos del pa\u00eds y algunas veredas de Bogot\u00e1, adem\u00e1s de representantes de  organizaciones del movimiento obrero y popular. <\/p>\n<p>Los participantes en este  evento han expresado su disposici\u00f3n a  unirse con los diferentes sectores sociales democr\u00e1ticos en la  gran Minga de los pueblos, seguir construyendo tejidos de resistencias civiles y exigir al gobierno de Uribe  soluciones a la crisis de la producci\u00f3n  agropecuaria por la cual atraviesa el pa\u00eds. <\/p>\n","protected":false},"excerpt":{"rendered":"<p>En el Resguardo Ind\u00edgena de San Lorenzo, (Riosucio-Caldas), se est\u00e1 llevando a cabo durante los d\u00edas 18 y 19 de mayo, el Encuentro Nacional por la Defensa de la Seguridad, la Soberan\u00eda Alimentar\u00eda y la Producci\u00f3n Agropecuaria Nacional con 1120 participantes provenientes de organizaciones campesinas de 18 departamentos del pa\u00eds y algunas veredas de Bogot\u00e1, [&hellip;]<\/p>\n","protected":false},"author":1,"featured_media":0,"comment_status":"open","ping_status":"open","sticky":false,"template":"","format":"standard","meta":{"advanced_seo_description":"","jetpack_seo_html_title":"","jetpack_seo_noindex":false,"_jetpack_memberships_contains_paid_content":false,"footnotes":""},"categories":[7],"tags":[],"class_list":["post-3094","post","type-post","status-publish","format-standard","hentry","category-pronunciamientos-de-organizaciones-sociales"],"jetpack_featured_media_url":"","jetpack-related-posts":[{"id":3113,"url":"https:\/\/moir.com.co\/web\/plan-de-accion-del-encuentro-nacional-por-la-defensa-de-la-seguridad-la-soberania-alimentaria-y-la-produccion-agropecuaria-nacional\/","url_meta":{"origin":3094,"position":0},"title":"PLAN DE ACCION DEL Encuentro Nacional por la Defensa de la Seguridad, la Soberan\u00eda Alimentaria y la Producci\u00f3n Agropecuaria Nacional","author":"admin","date":"mayo 23, 2009","format":false,"excerpt":"Uno de los objetivos propuestos para la realizaci\u00f3n del \u201cEncuentro por la defensa de la seguridad, la soberan\u00eda alimentaria y la producci\u00f3n agropecuaria nacional\u201d, fue acordar acciones y tareas que a nivel local, regional y nacional, permitan movilizar a los productores por la defensa de la soberan\u00eda alimentaria y la\u2026","rel":"","context":"En \u00abPronunciamientos de Organizaciones Sociales\u00bb","block_context":{"text":"Pronunciamientos de Organizaciones Sociales","link":"https:\/\/moir.com.co\/web\/category\/pronunciamientos-de-organizaciones-sociales\/"},"img":{"alt_text":"","src":"","width":0,"height":0},"classes":[]},{"id":505,"url":"https:\/\/moir.com.co\/web\/encuentro-regional-de-dirigentes-del-sector-agropecuario-del-norte-de-valle-y-del-quindio\/","url_meta":{"origin":3094,"position":1},"title":"ENCUENTRO REGIONAL DE DIRIGENTES DEL SECTOR AGROPECUARIO DEL NORTE DE VALLE Y DEL QUIND\u00cdO","author":"admin","date":"agosto 9, 2004","format":false,"excerpt":"Unidad Cafetera Nacional-Salvaci\u00f3n Agropecuaria, abril 24 de 2003 La Junta Directiva de la UNIDAD CAFETERA NACIONAL, Seccional Quind\u00edo, integrante de la ASOCIACI\u00d3N NACIONAL POR LA SALVACI\u00d3N AGROPECUARIA, reunida en la ciudad de Armenia y, CONSIDERANDO: 1. Que a la grave situaci\u00f3n del sector agropecuario en general y, en particular, a\u2026","rel":"","context":"En \u00abPronunciamientos de Organizaciones Sociales\u00bb","block_context":{"text":"Pronunciamientos de Organizaciones Sociales","link":"https:\/\/moir.com.co\/web\/category\/pronunciamientos-de-organizaciones-sociales\/"},"img":{"alt_text":"","src":"","width":0,"height":0},"classes":[]},{"id":635,"url":"https:\/\/moir.com.co\/web\/jornada-andina-de-lucha-contra-el-alca-y-el-tlc-salvacion-agropecuaria-llevara-a-cabo-concentracion-departamental-en-el-siti\/","url_meta":{"origin":3094,"position":2},"title":"JORNADA ANDINA DE LUCHA CONTRA EL ALCA Y EL TLC: SALVACI\u00d3N AGROPECUARIA LLEVAR\u00c1 A CABO CONCENTRACI\u00d3N DEPARTAMENTAL EN EL SITI","author":"admin","date":"agosto 11, 2004","format":false,"excerpt":"Salvaci\u00f3n Agropecuaria, Medell\u00edn, Marzo 30 de 2004. En desarrollo de la decisi\u00f3n de participar en la Jornada Andina de protesta contra el ALCA y el TLC que se llevar\u00e1 a cabo el pr\u00f3ximo 15 de Abril, adoptada por la Junta Nacional de nuestra organizaci\u00f3n el pasado 13 de Marzo, la\u2026","rel":"","context":"En \u00abPronunciamientos de Organizaciones Sociales\u00bb","block_context":{"text":"Pronunciamientos de Organizaciones Sociales","link":"https:\/\/moir.com.co\/web\/category\/pronunciamientos-de-organizaciones-sociales\/"},"img":{"alt_text":"","src":"","width":0,"height":0},"classes":[]},{"id":19829,"url":"https:\/\/moir.com.co\/web\/congreso-nacional-agropecuario-2\/","url_meta":{"origin":3094,"position":3},"title":"CONGRESO NACIONAL AGROPECUARIO","author":"admin","date":"agosto 10, 2004","format":false,"excerpt":"Convocatoria Comunicado suscrito por \u00c1ngel Mar\u00eda Caballero y Jorge Enrique Robledo, presidente y secretario de la Asociaci\u00f3n Nacional por la Salvaci\u00f3n Agropecuaria, el 1o. de septiembre de 2001 en Ibagu\u00e9. Cada d\u00eda los colombianos conocen y comprenden m\u00e1s la muy grave crisis que sufre el sector agropecuario. La reducci\u00f3n del\u2026","rel":"","context":"En \u00abTribuna Roja N\u00ba 85, octubre 11 de 2001\u00bb","block_context":{"text":"Tribuna Roja N\u00ba 85, octubre 11 de 2001","link":"https:\/\/moir.com.co\/web\/category\/tribuna-roja\/ediciones-2000-2004\/tribuna-roja-no-85-octubre-11-de-2001\/"},"img":{"alt_text":"","src":"","width":0,"height":0},"classes":[]},{"id":514,"url":"https:\/\/moir.com.co\/web\/exitoso-encuentro-de-dirigentes-del-sector-agropecuario-del-quindio-y-norte-del-valle\/","url_meta":{"origin":3094,"position":4},"title":"EXITOSO ENCUENTRO DE DIRIGENTES DEL SECTOR AGROPECUARIO DEL QUIND\u00cdO Y NORTE DEL VALLE","author":"admin","date":"agosto 9, 2004","format":false,"excerpt":"Antonio Jos\u00e9 Guti\u00e9rrez Blanco, Armenia, mayo 5 de 2003 Con la presencia de 112 delegados de 15 municipios del Quind\u00edo y del norte de Valle, se llev\u00f3 a cabo, el 29 de abril en el Centro Recreacional de Confenalco del Alto del R\u00edo, en Calarc\u00e1 (Quind\u00edo), un exitoso encuentro de\u2026","rel":"","context":"En \u00abPronunciamientos de Organizaciones Sociales\u00bb","block_context":{"text":"Pronunciamientos de Organizaciones Sociales","link":"https:\/\/moir.com.co\/web\/category\/pronunciamientos-de-organizaciones-sociales\/"},"img":{"alt_text":"","src":"","width":0,"height":0},"classes":[]},{"id":643,"url":"https:\/\/moir.com.co\/web\/18-de-mayo-paro-nacional-y-toma-de-cartagena\/","url_meta":{"origin":3094,"position":5},"title":"\u00a118 DE MAYO: PARO NACIONAL Y TOMA DE CARTAGENA!","author":"admin","date":"agosto 11, 2004","format":false,"excerpt":"El Encuentro Nacional de Organizaciones Sindicales, Pol\u00edticas y Sociales realizado los d\u00edas 29 y 30 de abril en Bogot\u00e1 con delegados de m\u00e1s de 800 organizaciones de todo el pa\u00eds, determin\u00f3 respaldar el paro nacional aprobado por las centrales obreras para el d\u00eda 18 de mayo con dos objetivos centrales:\u2026","rel":"","context":"En \u00abPronunciamientos de Organizaciones Sociales\u00bb","block_context":{"text":"Pronunciamientos de Organizaciones Sociales","link":"https:\/\/moir.com.co\/web\/category\/pronunciamientos-de-organizaciones-sociales\/"},"img":{"alt_text":"","src":"","width":0,"height":0},"classes":[]}],"jetpack_sharing_enabled":true,"_links":{"self":[{"href":"https:\/\/moir.com.co\/web\/wp-json\/wp\/v2\/posts\/3094","targetHints":{"allow":["GET"]}}],"collection":[{"href":"https:\/\/moir.com.co\/web\/wp-json\/wp\/v2\/posts"}],"about":[{"href":"https:\/\/moir.com.co\/web\/wp-json\/wp\/v2\/types\/post"}],"author":[{"embeddable":true,"href":"https:\/\/moir.com.co\/web\/wp-json\/wp\/v2\/users\/1"}],"replies":[{"embeddable":true,"href":"https:\/\/moir.com.co\/web\/wp-json\/wp\/v2\/comments?post=3094"}],"version-history":[{"count":0,"href":"https:\/\/moir.com.co\/web\/wp-json\/wp\/v2\/posts\/3094\/revisions"}],"wp:attachment":[{"href":"https:\/\/moir.com.co\/web\/wp-json\/wp\/v2\/media?parent=3094"}],"wp:term":[{"taxonomy":"category","embeddable":true,"href":"https:\/\/moir.com.co\/web\/wp-json\/wp\/v2\/categories?post=3094"},{"taxonomy":"post_tag","embeddable":true,"href":"https:\/\/moir.com.co\/web\/wp-json\/wp\/v2\/tags?post=3094"}],"curies":[{"name":"wp","href":"https:\/\/api.w.org\/{rel}","templated":true}]}}