{"id":3075,"date":"2009-05-12T14:10:37","date_gmt":"2009-05-12T14:10:37","guid":{"rendered":"https:\/\/moir.org.co\/web\/cartaprotesta-por-interceptacion-de-llamadas-telefonicas-de-las-afiliadas-ctc-y-cut-en-colombia\/"},"modified":"2009-05-12T14:10:37","modified_gmt":"2009-05-12T14:10:37","slug":"cartaprotesta-por-interceptacion-de-llamadas-telefonicas-de-las-afiliadas-ctc-y-cut-en-colombia","status":"publish","type":"post","link":"https:\/\/moir.com.co\/web\/cartaprotesta-por-interceptacion-de-llamadas-telefonicas-de-las-afiliadas-ctc-y-cut-en-colombia\/","title":{"rendered":"Carta\/protesta por interceptaci\u00f3n de llamadas telefonicas de las afiliadas CTC y CUT en Colombia"},"content":{"rendered":"<p>Se\u00f1or<br \/>\n\u00c1lvaro Uribe V\u00e9lez<br \/>\nPresidente de La Rep\u00fablica<br \/>\nBogot\u00e1, Colombia<\/p>\n<p>Se\u00f1or Presidente:<\/p>\n<p>La Confederaci\u00f3n Sindical de Trabajadores\/as de las Am\u00e9ricas (CSA) expresi\u00f3n continental de la Confederaci\u00f3n Sindical Internacional (CSI) que en la regi\u00f3n representa a m\u00e1s de 50 millones de trabajadores\/as expresa su profundo rechazo por las irregularidades cometidas desde el Departamento Administrativo de Seguridad DAS con interceptaciones de comunicaciones \u201cchuzadas\u201d entre los que se mencionan a Organizaciones Sindicales Central Unitaria de Trabajadores CUT y la Confederaci\u00f3n de Trabajadores de Colombia CTC.<\/p>\n<p>Hemos sido informados que en las \u00faltimas semanas, se ha dado una gran difusi\u00f3n por los medios de comunicaci\u00f3n con declaraci\u00f3n de altos funcionarios del Gobierno de Colombia, sobre las interceptaciones telef\u00f3nicas del DAS a las personas posibles opositores del Gobierno y a funcionarios de este, pero especialmente de las Altas Cortes, al Vicepresidente de la Rep\u00fablica y a Organizaciones Sociales.<\/p>\n<p>La cadena radical Caracol ha difundido un extenso listado de personajes a los que les han interceptado sus comunicaciones \u201cchuzadas\u201d, entre los que se mencionan a los Organizaciones Sindicales CUT y CTC.<\/p>\n<p>Seg\u00fan se pudo establecer, algunos de los agentes del DAS que prestaban servicios de escoltas, presentaban informes de las conversaciones y reuniones de las personas que estaban a su cuidado, e incluso en algunos casos llegaron a grabar las conversaciones.<\/p>\n<p>De acuerdo con el informe de m\u00e1s de 300 p\u00e1ginas realizado por investigadores de la Fiscal\u00eda, las comunicaciones del vicepresidente Francisco Santos y de su familia, estaban &#8220;chuzadas&#8221; y en el mismo paquete las comunicaciones de organizaciones como la Asamblea por la Paz, la Asociaci\u00f3n de Familiares de Detenidos Desaparecidos y las Organizaciones Sindicales Central Unitaria de Trabajadores CUT y la Confederaci\u00f3n de Trabajadores de Colombia CTC.<\/p>\n<p>Tambi\u00e9n se ven\u00edan realizando interceptaciones ilegales a las comunicaciones del Sindicato Nacional de Trabajadores de la Salud y la Seguridad Social, el Sindicato de Trabajadores de la Empresa de Tel\u00e9fonos de Bogot\u00e1, la Consultor\u00eda para los Derechos Humanos y el Desplazamiento.<\/p>\n<p>La vicepresidencia de la Rep\u00fablica y las organizaciones sindicales formaban parte del mismo paquete de &#8220;chuzadas&#8221;, porque una de sus principales funciones es tener contacto con todo tipo de organizaciones sociales y defensoras de Derechos Humanos.<\/p>\n<p>Se\u00f1or Presidente:<\/p>\n<p>La CSI\/CSA rechaza m\u00e1s este atentado contra las libertades en Colombia y demanda la aclaraci\u00f3n inmediata sobre estas denuncias. Igualmente, solicitamos que adelante inmediatamente las investigaciones necesarias y pertinentes para dar con los responsables materiales e intelectuales de estas violaciones y que los castigue de acuerdo a la ley.<\/p>\n<p>Solicitamos a usted y a todo su Gobierno las garant\u00edas necesarias para la realizaci\u00f3n de la labor de los\/as defensores de los derechos humanos lo que incluye los\/as dirigentes y miembros de las organizaciones sindicales de Colombia. <\/p>\n","protected":false},"excerpt":{"rendered":"<p>Se\u00f1or \u00c1lvaro Uribe V\u00e9lez Presidente de La Rep\u00fablica Bogot\u00e1, Colombia Se\u00f1or Presidente: La Confederaci\u00f3n Sindical de Trabajadores\/as de las Am\u00e9ricas (CSA) expresi\u00f3n continental de la Confederaci\u00f3n Sindical Internacional (CSI) que en la regi\u00f3n representa a m\u00e1s de 50 millones de trabajadores\/as expresa su profundo rechazo por las irregularidades cometidas desde el Departamento Administrativo de Seguridad [&hellip;]<\/p>\n","protected":false},"author":1,"featured_media":0,"comment_status":"open","ping_status":"open","sticky":false,"template":"","format":"standard","meta":{"advanced_seo_description":"","jetpack_seo_html_title":"","jetpack_seo_noindex":false,"_jetpack_memberships_contains_paid_content":false,"footnotes":""},"categories":[7],"tags":[],"class_list":["post-3075","post","type-post","status-publish","format-standard","hentry","category-pronunciamientos-de-organizaciones-sociales"],"jetpack_featured_media_url":"","jetpack-related-posts":[{"id":3184,"url":"https:\/\/moir.com.co\/web\/colombia-en-la-lista-de-la-comision-de-normas\/","url_meta":{"origin":3075,"position":0},"title":"Colombia en la lista de la Comisi\u00f3n de Normas","author":"admin","date":"junio 5, 2009","format":false,"excerpt":"Despu\u00e9s de varios d\u00edas de discusiones entre los representantes de los trabajadores y de los empleadores, la Comisi\u00f3n de Aplicaci\u00f3n de Normas acord\u00f3 incluir a Colombia en la lista de 25 paises que seran examinados por este organo de control de la OIT. La lista completa esta compuesta por los\u2026","rel":"","context":"En \u00abPronunciamientos de Organizaciones Sociales\u00bb","block_context":{"text":"Pronunciamientos de Organizaciones Sociales","link":"https:\/\/moir.com.co\/web\/category\/pronunciamientos-de-organizaciones-sociales\/"},"img":{"alt_text":"","src":"","width":0,"height":0},"classes":[]},{"id":5672,"url":"https:\/\/moir.com.co\/web\/la-cut-pide-que-el-gobierno-colombiano-quede-incluido-en-los-25-paises-que-mas-violan-los-dd-hh-y-sindicales\/","url_meta":{"origin":3075,"position":1},"title":"La CUT pide que el gobierno colombiano quede incluido en los 25 pa\u00edses que m\u00e1s violan los DD.HH. y sindicales","author":"admin","date":"junio 2, 2011","format":false,"excerpt":"Durante el desarrollo de la 100\u00ba Conferencia Anual de la Organizaci\u00f3n Internacional del Trabajo, la reuni\u00f3n de su Comit\u00e9 de Normas, inici\u00f3 incluyendo a Colombia en la lista de los 44 pa\u00edses a examinar por el incumplimiento de las normas internacionales del trabajo y la protecci\u00f3n de los derechos humanos.\u2026","rel":"","context":"En \u00abPronunciamientos de Organizaciones Sociales\u00bb","block_context":{"text":"Pronunciamientos de Organizaciones Sociales","link":"https:\/\/moir.com.co\/web\/category\/pronunciamientos-de-organizaciones-sociales\/"},"img":{"alt_text":"","src":"","width":0,"height":0},"classes":[]},{"id":5823,"url":"https:\/\/moir.com.co\/web\/la-cut-la-ctc-y-la-afl-cio-mantienen-su-batallar-contra-el-tlc-con-estados-unidos\/","url_meta":{"origin":3075,"position":2},"title":"La CUT, la CTC y la AFL-CIO mantienen su batallar contra el TLC con  Estados Unidos","author":"admin","date":"agosto 4, 2011","format":false,"excerpt":"\u201cLa campa\u00f1a contra el TLC adelantada a mediados de junio pasado en Washington por la CUT, la CTC, la AFL-CIO y otras organizaciones sociales norteamericanas y lo sucedido en la V reuni\u00f3n del Consejo Directivo de la CSA en Rio de Janeiro el 28, 29 y 30 de junio, nos\u2026","rel":"","context":"En \u00abPronunciamientos de Organizaciones Sociales\u00bb","block_context":{"text":"Pronunciamientos de Organizaciones Sociales","link":"https:\/\/moir.com.co\/web\/category\/pronunciamientos-de-organizaciones-sociales\/"},"img":{"alt_text":"","src":"","width":0,"height":0},"classes":[]},{"id":4466,"url":"https:\/\/moir.com.co\/web\/los-educadores-colombianos-y-la-99a-conferencia-de-la-oit\/","url_meta":{"origin":3075,"position":3},"title":"Los educadores colombianos y la 99\u00aa conferencia de la OIT","author":"admin","date":"junio 11, 2010","format":false,"excerpt":"De acuerdo con la Declaraci\u00f3n expedida por los delegados de la Central Unitaria de Trabajadores CUT, la Confederaci\u00f3n de Trabajadores Colombianos CTC y la Confederaci\u00f3n de Pensionados de Colombia CPC, en representaci\u00f3n de las mayor\u00edas sindicales de nuestro pa\u00eds en la 99\u00aa Conferencia de la OIT que se desarrolla en\u2026","rel":"","context":"En \u00abPronunciamientos de Organizaciones Sociales\u00bb","block_context":{"text":"Pronunciamientos de Organizaciones Sociales","link":"https:\/\/moir.com.co\/web\/category\/pronunciamientos-de-organizaciones-sociales\/"},"img":{"alt_text":"","src":"","width":0,"height":0},"classes":[]},{"id":6502,"url":"https:\/\/moir.com.co\/web\/mensaje-de-las-centrales-obreras-en-el-1o-de-mayo\/","url_meta":{"origin":3075,"position":4},"title":"Mensaje de las centrales obreras en el 1\u00ba de mayo","author":"admin","date":"mayo 1, 2012","format":false,"excerpt":"La Central Unitaria de Trabajadores de Colombia CUT, la Confederaci\u00f3n General del Trabajo CGT, la Confederaci\u00f3n de Trabajadores de Colombia CTC y la Confederaci\u00f3n de Pensionados de Colombia CPC, saludan en su d\u00eda internacional a todos los trabajadores del mundo, a las naciones que hoy sufren la agresi\u00f3n de las\u2026","rel":"","context":"En \u00abPronunciamientos de Organizaciones Sociales\u00bb","block_context":{"text":"Pronunciamientos de Organizaciones Sociales","link":"https:\/\/moir.com.co\/web\/category\/pronunciamientos-de-organizaciones-sociales\/"},"img":{"alt_text":"","src":"","width":0,"height":0},"classes":[]},{"id":12367,"url":"https:\/\/moir.com.co\/web\/apoyamos-y-promovemos-los-paros-del-magisterio-y-los-trabajadores-estatales\/","url_meta":{"origin":3075,"position":5},"title":"Apoyamos y promovemos los paros del Magisterio y los Trabajadores Estatales","author":"admin","date":"mayo 11, 2017","format":false,"excerpt":"Bogot\u00e1, mayo 10 de 2017 Con la participaci\u00f3n de las tres centrales obreras, Central Unitaria de Trabajadores \u2013CUT-, Confederaci\u00f3n General del Trabajo- CGT-, Confederaci\u00f3n de Trabajadores de Colombia \u2013CTC-, y la Federaci\u00f3n Colombiana de Trabajadores de la Educaci\u00f3n -FECODE, se desarroll\u00f3 una amplia reuni\u00f3n en el d\u00eda de hoy, para\u2026","rel":"","context":"En \u00abEconom\u00eda\u00bb","block_context":{"text":"Econom\u00eda","link":"https:\/\/moir.com.co\/web\/category\/temas\/economia\/"},"img":{"alt_text":"","src":"https:\/\/i0.wp.com\/moir.com.co\/web\/wp-content\/uploads\/2017\/04\/cut.jpg?fit=341%2C200&ssl=1&resize=350%2C200","width":350,"height":200},"classes":[]}],"jetpack_sharing_enabled":true,"_links":{"self":[{"href":"https:\/\/moir.com.co\/web\/wp-json\/wp\/v2\/posts\/3075","targetHints":{"allow":["GET"]}}],"collection":[{"href":"https:\/\/moir.com.co\/web\/wp-json\/wp\/v2\/posts"}],"about":[{"href":"https:\/\/moir.com.co\/web\/wp-json\/wp\/v2\/types\/post"}],"author":[{"embeddable":true,"href":"https:\/\/moir.com.co\/web\/wp-json\/wp\/v2\/users\/1"}],"replies":[{"embeddable":true,"href":"https:\/\/moir.com.co\/web\/wp-json\/wp\/v2\/comments?post=3075"}],"version-history":[{"count":0,"href":"https:\/\/moir.com.co\/web\/wp-json\/wp\/v2\/posts\/3075\/revisions"}],"wp:attachment":[{"href":"https:\/\/moir.com.co\/web\/wp-json\/wp\/v2\/media?parent=3075"}],"wp:term":[{"taxonomy":"category","embeddable":true,"href":"https:\/\/moir.com.co\/web\/wp-json\/wp\/v2\/categories?post=3075"},{"taxonomy":"post_tag","embeddable":true,"href":"https:\/\/moir.com.co\/web\/wp-json\/wp\/v2\/tags?post=3075"}],"curies":[{"name":"wp","href":"https:\/\/api.w.org\/{rel}","templated":true}]}}