{"id":3064,"date":"2009-05-10T17:49:32","date_gmt":"2009-05-10T17:49:32","guid":{"rendered":"https:\/\/moir.org.co\/web\/la-cut-respalda-la-huelga-de-17-mil-trabajadores-bananeros\/"},"modified":"2009-05-10T17:49:32","modified_gmt":"2009-05-10T17:49:32","slug":"la-cut-respalda-la-huelga-de-17-mil-trabajadores-bananeros","status":"publish","type":"post","link":"https:\/\/moir.com.co\/web\/la-cut-respalda-la-huelga-de-17-mil-trabajadores-bananeros\/","title":{"rendered":"La CUT respalda la huelga de 17 mil trabajadores bananeros"},"content":{"rendered":"<p>M\u00e1s de 60 mil familias se ver\u00e1n afectadas por par\u00e1lisis en el sector bananero.<\/p>\n<p>La Central Unitaria de Trabajadores de Colombia CUT, manifiesta el respaldo a su sindicato filial, Sintrainagro, quien entr\u00f3 en huelga a la medianoche de este jueves, luego que fracasaran las negociaciones del pliego de peticiones en los puntos sobre incremento salarial, vigencia de la convenci\u00f3n colectiva, incremento de auxilios extralegales, fondo de auxilios al sindicato, fondo paritario de vivienda y fondo extraconvencional de educaci\u00f3n, recreaci\u00f3n, cultura y deporte.<\/p>\n<p>La CUT destac\u00f3 la voluntad que manifestada por Sintrainagro en la mesa de negociaci\u00f3n y denuncia que la huelga se produjo debido a la intransigencia que prevalece en un sector de empresarios que rechaza el bienestar social y desconoce los derechos laborales y sindicales.<\/p>\n<p>M\u00e1s de 17 mil trabajadores de 296 fincas de la regi\u00f3n de Urab\u00e1, paralizan a esta hora todas las actividades inherentes a la producci\u00f3n y exportaci\u00f3n de banano hacia Europa y Estados Unidos, lo que significa que 234 mil cajas diarias de banano, se dejar\u00e1n de exportar, esto equivale a p\u00e9rdidas por $4.477 millones de pesos cada d\u00eda, es decir que los trabajadores dejar\u00edan de devengar diariamente cerca de 450 millones de pesos.<\/p>\n<p>Las exportaciones de banano representan el 30 por ciento de las exportaciones colombianas agropecuarias sin caf\u00e9, compitiendo en el primer lugar con flores. Estados Unidos y la Uni\u00f3n Europea son los destinos del 80 por ciento de las exportaciones colombianas.<\/p>\n<p>El Presidente de Sintrainagro, Guillermo Rivera, denunci\u00f3 que a pesar de los esfuerzos de los negociadores por conseguir un acuerdo sobre el pliego petitorio, no hubo consenso en temas trascendentales, expres\u00f3 la indeclinable disposici\u00f3n del sindicato para seguir buscando caminos de entendimiento entre las partes, y dijo que la Comisi\u00f3n Negociadora est\u00e1 dispuesta a regresar a la mesa para tratar de encontrar una soluci\u00f3n al conflicto.<\/p>\n<p>Finalmente, llamamos a todo el movimiento sindical a respaldar con acciones, solidarias y presencia en la regi\u00f3n de Urab\u00e1, la Huelga de los trabajadores bananeros. <\/p>\n","protected":false},"excerpt":{"rendered":"<p>M\u00e1s de 60 mil familias se ver\u00e1n afectadas por par\u00e1lisis en el sector bananero. La Central Unitaria de Trabajadores de Colombia CUT, manifiesta el respaldo a su sindicato filial, Sintrainagro, quien entr\u00f3 en huelga a la medianoche de este jueves, luego que fracasaran las negociaciones del pliego de peticiones en los puntos sobre incremento salarial, [&hellip;]<\/p>\n","protected":false},"author":1,"featured_media":0,"comment_status":"open","ping_status":"open","sticky":false,"template":"","format":"standard","meta":{"advanced_seo_description":"","jetpack_seo_html_title":"","jetpack_seo_noindex":false,"_jetpack_memberships_contains_paid_content":false,"footnotes":""},"categories":[7],"tags":[],"class_list":["post-3064","post","type-post","status-publish","format-standard","hentry","category-pronunciamientos-de-organizaciones-sociales"],"jetpack_featured_media_url":"","jetpack-related-posts":[{"id":3022,"url":"https:\/\/moir.com.co\/web\/conflicto-laboral-en-uraba-entrevista-a-guillermo-rivera-presidente-de-sintrainagro\/","url_meta":{"origin":3064,"position":0},"title":"Conflicto laboral en Urab\u00e1: Entrevista a Guillermo Rivera, Presidente de SINTRAINAGRO","author":"admin","date":"abril 26, 2009","format":false,"excerpt":"Entre hoy y el 4 de mayo podr\u00eda declararse la hora cero para el inicio de la huelga en la zona bananera de Urab\u00e1, luego de que el pasado mi\u00e9rcoles la votaran por unanimidad m\u00e1s de 14 mil trabajadores que acudieron a las urnas en las 280 fincas de la\u2026","rel":"","context":"En \u00abPronunciamientos de Organizaciones Sociales\u00bb","block_context":{"text":"Pronunciamientos de Organizaciones Sociales","link":"https:\/\/moir.com.co\/web\/category\/pronunciamientos-de-organizaciones-sociales\/"},"img":{"alt_text":"","src":"","width":0,"height":0},"classes":[]},{"id":3027,"url":"https:\/\/moir.com.co\/web\/robledo-da-su-apoyo-a-las-justas-peticiones-del-sindicato-bananero-sintrainagro\/","url_meta":{"origin":3064,"position":1},"title":"ROBLEDO DA SU APOYO A LAS JUSTAS PETICIONES DEL SINDICATO BANANERO SINTRAINAGRO","author":"admin","date":"abril 27, 2009","format":false,"excerpt":"El senador Jorge Enrique Robledo, del Polo Democr\u00e1tico, brind\u00f3 su apoyo solidario al pliego de peticiones presentado a la organizaci\u00f3n empresarial Augura por los trabajadores bananeros de Urab\u00e1 afiliados a Sintrainagro. Despu\u00e9s de haber votado la huelga el jueves 23 de abril como \u00faltimo recurso para obligar a Augura a\u2026","rel":"","context":"En \u00abJorge Enrique Robledo\u00bb","block_context":{"text":"Jorge Enrique Robledo","link":"https:\/\/moir.com.co\/web\/category\/jorge-enrique-robledo\/"},"img":{"alt_text":"","src":"","width":0,"height":0},"classes":[]},{"id":654,"url":"https:\/\/moir.com.co\/web\/uso-medellin-respalda-la-huelga-de-sintrainagro-en-defensa-de-la-contratacion-colectiva\/","url_meta":{"origin":3064,"position":2},"title":"USO, MEDELLIN, RESPALDA LA HUELGA DE SINTRAINAGRO EN DEFENSA DE LA CONTRATACI\u00d3N COLECTIVA","author":"admin","date":"agosto 11, 2004","format":false,"excerpt":"Medell\u00edn, Mayo 28 de 2004 Compa\u00f1ero OSWALDO CUADRADO Presidente Junta Directiva SINTRAINAGRO Reciba un fraternal y solidario saludo de la Subdirectiva Medell\u00edn de la Uni\u00f3n Sindical Obrera de la Industria del Petr\u00f3leo USO, en este segundo d\u00eda de la huelga indefinida que adelantan los diecis\u00e9is mil trabajadores bananeros de la\u2026","rel":"","context":"En \u00abPronunciamientos de Organizaciones Sociales\u00bb","block_context":{"text":"Pronunciamientos de Organizaciones Sociales","link":"https:\/\/moir.com.co\/web\/category\/pronunciamientos-de-organizaciones-sociales\/"},"img":{"alt_text":"","src":"","width":0,"height":0},"classes":[]},{"id":3062,"url":"https:\/\/moir.com.co\/web\/que-se-atiendan-los-justos-reclamos-de-los-trabajadores-bananeros-pidio-el-senador-robledo\/","url_meta":{"origin":3064,"position":3},"title":"QUE SE ATIENDAN LOS JUSTOS RECLAMOS DE LOS TRABAJADORES BANANEROS PIDI\u00d3 EL SENADOR ROBLEDO","author":"admin","date":"mayo 8, 2009","format":false,"excerpt":"Ante la actitud negativa de los empresarios bananeros y a pesar de innumerables esfuerzos por llegar a un acuerdo beneficioso para las partes, los 17 mil trabajadores que laboran en 296 fincas de Urab\u00e1 se vieron impelidos a realizar la huelga a partir de hoy viernes 8 de mayo. El\u2026","rel":"","context":"En \u00abJorge Enrique Robledo\u00bb","block_context":{"text":"Jorge Enrique Robledo","link":"https:\/\/moir.com.co\/web\/category\/jorge-enrique-robledo\/"},"img":{"alt_text":"","src":"","width":0,"height":0},"classes":[]},{"id":7936,"url":"https:\/\/moir.com.co\/web\/por-la-defensa-de-los-trabajadores-y-el-pueblo\/","url_meta":{"origin":3064,"position":4},"title":"Por la defensa de los trabajadores y el pueblo","author":"admin","date":"septiembre 25, 2013","format":false,"excerpt":"Cofundador de la Central Unitaria de Trabajadores (CUT) en 1986, Luis Alejandro Pedraza ha tenido un pensamiento y una praxis que registran la porfiaba convicci\u00f3n de que el movimiento obrero debe actuar m\u00e1s all\u00e1 del convenio colectivo, all\u00ed donde el corporativismo sindical se encapsula y se esconde de la sociedad.\u2026","rel":"","context":"En \u00abPronunciamientos de Organizaciones Sociales\u00bb","block_context":{"text":"Pronunciamientos de Organizaciones Sociales","link":"https:\/\/moir.com.co\/web\/category\/pronunciamientos-de-organizaciones-sociales\/"},"img":{"alt_text":"","src":"","width":0,"height":0},"classes":[]},{"id":3102,"url":"https:\/\/moir.com.co\/web\/carta-de-la-bancada-del-senado-del-polo-sobre-la-huelga-bananera\/","url_meta":{"origin":3064,"position":5},"title":"CARTA DE LA BANCADA DEL SENADO DEL POLO SOBRE LA HUELGA BANANERA","author":"admin","date":"mayo 13, 2009","format":false,"excerpt":"Doctores DIEGO PALACIO BETANCOURT Ministro de la Protecci\u00f3n Social ROBERTO HOYOS Presidente de Augura GUILLERMO RIVERA Presidente de Sintrainagro Apreciados se\u00f1ores: Se cumplen hoy doce d\u00edas de huelga en las 280 fincas bananeras de Urab\u00e1 y hasta el momento no parece v\u00e9rsele salida a un conflicto que compromete no solo\u2026","rel":"","context":"En \u00abPolo Democr\u00e1tico Alternativo\u00bb","block_context":{"text":"Polo Democr\u00e1tico Alternativo","link":"https:\/\/moir.com.co\/web\/category\/polo-democratico-alternativo\/"},"img":{"alt_text":"","src":"","width":0,"height":0},"classes":[]}],"jetpack_sharing_enabled":true,"_links":{"self":[{"href":"https:\/\/moir.com.co\/web\/wp-json\/wp\/v2\/posts\/3064","targetHints":{"allow":["GET"]}}],"collection":[{"href":"https:\/\/moir.com.co\/web\/wp-json\/wp\/v2\/posts"}],"about":[{"href":"https:\/\/moir.com.co\/web\/wp-json\/wp\/v2\/types\/post"}],"author":[{"embeddable":true,"href":"https:\/\/moir.com.co\/web\/wp-json\/wp\/v2\/users\/1"}],"replies":[{"embeddable":true,"href":"https:\/\/moir.com.co\/web\/wp-json\/wp\/v2\/comments?post=3064"}],"version-history":[{"count":0,"href":"https:\/\/moir.com.co\/web\/wp-json\/wp\/v2\/posts\/3064\/revisions"}],"wp:attachment":[{"href":"https:\/\/moir.com.co\/web\/wp-json\/wp\/v2\/media?parent=3064"}],"wp:term":[{"taxonomy":"category","embeddable":true,"href":"https:\/\/moir.com.co\/web\/wp-json\/wp\/v2\/categories?post=3064"},{"taxonomy":"post_tag","embeddable":true,"href":"https:\/\/moir.com.co\/web\/wp-json\/wp\/v2\/tags?post=3064"}],"curies":[{"name":"wp","href":"https:\/\/api.w.org\/{rel}","templated":true}]}}