{"id":3052,"date":"2009-05-05T17:13:55","date_gmt":"2009-05-05T17:13:55","guid":{"rendered":"https:\/\/moir.org.co\/web\/posicion-de-la-cgt-frente-al-tlc-colombia-europa\/"},"modified":"2009-05-05T17:13:55","modified_gmt":"2009-05-05T17:13:55","slug":"posicion-de-la-cgt-frente-al-tlc-colombia-europa","status":"publish","type":"post","link":"https:\/\/moir.com.co\/web\/posicion-de-la-cgt-frente-al-tlc-colombia-europa\/","title":{"rendered":"Posici\u00f3n de la CGT frente al TLC Colombia &#8211; Europa"},"content":{"rendered":"<p>La Confederaci\u00f3n General del Trabajo, CGT, expresa su oposici\u00f3n al Tratado de Libre Comercio, que actualmente se negocia entre los gobiernos de la Uni\u00f3n Europea y la Rep\u00fablica de Colombia, por las siguientes razones:<\/p>\n<p>1. La condici\u00f3n de confidencialidad acordada por las partes, no ha permitido que las diferentes organizaciones ni movimientos sociales, conozcan de los t\u00e9rminos, pormenores y alcances de la negociaci\u00f3n.<\/p>\n<p>2. Para que los procesos de negociaci\u00f3n, trat\u00e1ndose de situaciones tan caras al presente y futuro de nuestro pa\u00eds tengan un car\u00e1cter de legitimidad, debieron ser asumidos luego de una profunda discusi\u00f3n con el conjunto de la sociedad colombiana y no a espaldas de ella y solo con un grupo de beneficiarios como en este caso acontece.<\/p>\n<p>3. Al estudiar las asimetr\u00edas existentes entre la Uni\u00f3n Europea y Colombia hallamos que no estemos frente a un verdadero proceso de negociaci\u00f3n de dos partes mas o menos similares, sino que por el contrario constatamos que de lo que se trata es de la imposici\u00f3n de los intereses de las transnacionales europeas, a Colombia claro esta, de una agenda OMC Plus, impuestos ante el fracaso de las negociaciones multilaterales de la ronda de Doha.<\/p>\n<p>4. El TLC con la Uni\u00f3n Europea no es otra cosa que un modelo adoptado por los responsables del viraje y retroceso europeo a los postulados neoliberales responsables de las angustias y desafueros por los que atraviesa el mundo actualmente, lo cual quiere decir que como el modelo neoliberal nos llev\u00f3 a las crisis que conocemos hoy en d\u00eda, hemos de aplicar mas neoliberalismo.<\/p>\n<p>5. Temas como el acceso a medicamentos, seguridad y soberan\u00eda alimentaria, desarrollo tecnol\u00f3gico, industrializaci\u00f3n, compras del Estado, educaci\u00f3n, por mencionar solo algunos quedaran exp\u00f3sitos a las veleidades del libre mercado y no a las necesidades de las mayor\u00edas nacionales, l\u00e9ase al gobierno de las transnacionales.<\/p>\n<p>6. El mandato Europeo de negociaci\u00f3n de Acuerdos de Asociaci\u00f3n que inclu\u00eda inicialmente los componentes de Dialogo Pol\u00edtico y Cooperaci\u00f3n pretend\u00eda hacernos creer que se trataba de algo mas ben\u00e9volo que los TLC, sin embargo tal falacia no pudo sostenerse por mucho tiempo y los responsables de la negociaci\u00f3n hubieron de reconocer que se trataba simple y llanamente de un Tratado de Libre Comercio, con todas las graves implicaciones que ello significa para nuestro pa\u00eds.<\/p>\n<p>7. Los resultados por parte del Estado colombiano, frente a su responsabilidad de hacer vigente los derechos humanos esenciales, econ\u00f3micos sociales y culturales para todos sus habitantes, no son los mejores y por el contrario encontramos que es mucha su responsabilidad en la inaplicabilidad de tales derechos, altas tasa de desempleo o empleo en la informalidad, segundo lugar a nivel mundial en desplazamiento interno, 12% de su poblaci\u00f3n en condiciones de indigencia, son indicadores de la poca gesti\u00f3n del gobierno nacional en estos aspectos.<\/p>\n<p>8. La pol\u00edtica antisindical por parte de gobierno y empresarios en Colombia no se detiene y son no contables los sindicatos que se liquidan fruto de las pr\u00e1cticas en contra del derecho de asociaci\u00f3n. Los out-sorcing, Cooperativas de Trabajo Asociado, planes de retiro, tercerizaci\u00f3n y flexibilizaci\u00f3n a rajatabla, amen de las reformas retardatarias, son hechos que impiden el ejercicio de los derechos fundamentales de los trabajadores proclamados por la OIT, y si a ello sumamos que los asesinatos de los sindicalistas colombianos, no se detienen y que la impunidad de estos cr\u00edmenes contin\u00faa siendo muy alta, es una realidad que Colombia es de los pa\u00edses donde mas se dificulta el ejercicio de los derechos de los trabajadores.<\/p>\n<p>Ante los hechos anteriores y otros que no transcribimos para no hacer interminable el presente documento, hacemos un llamado al movimiento sindical internacional, incluyendo a la CSI y la CES, a todos sus sindicatos afiliados; a hacer efectiva su oposici\u00f3n al TLC Uni\u00f3n Europea-Colombia.<\/p>\n<p>Julio Roberto Gomez Esguerra<br \/>\nSecretario General<\/p>\n<p>William Millan Monsalve<br \/>\nSecretario General Adjunto<\/p>\n<p>Gabriel P\u00e9rez Puentes<br \/>\nCoordinador Comisi\u00f3n de Seguimiento TLC y Acuerdos de Integraci\u00f3n <\/p>\n","protected":false},"excerpt":{"rendered":"<p>La Confederaci\u00f3n General del Trabajo, CGT, expresa su oposici\u00f3n al Tratado de Libre Comercio, que actualmente se negocia entre los gobiernos de la Uni\u00f3n Europea y la Rep\u00fablica de Colombia, por las siguientes razones: 1. La condici\u00f3n de confidencialidad acordada por las partes, no ha permitido que las diferentes organizaciones ni movimientos sociales, conozcan de [&hellip;]<\/p>\n","protected":false},"author":1,"featured_media":0,"comment_status":"open","ping_status":"open","sticky":false,"template":"","format":"standard","meta":{"advanced_seo_description":"","jetpack_seo_html_title":"","jetpack_seo_noindex":false,"_jetpack_memberships_contains_paid_content":false,"footnotes":""},"categories":[7],"tags":[],"class_list":["post-3052","post","type-post","status-publish","format-standard","hentry","category-pronunciamientos-de-organizaciones-sociales"],"jetpack_featured_media_url":"","jetpack-related-posts":[{"id":9051,"url":"https:\/\/moir.com.co\/web\/la-uten-cgt-representa-el-sindicalismo-patronal-empresarial\/","url_meta":{"origin":3052,"position":0},"title":"La UTEN-CGT representa el sindicalismo patronal-empresarial","author":"admin","date":"enero 30, 2015","format":false,"excerpt":"Aprop\u00f3sito del comunicado de la CGT Sobre supuesto matoneo de la USO a UTEN, tenemos que decir: \u00bfMatoneo de qui\u00e9n a qui\u00e9n? Lamentable que una Central Sindical, como la CGT que se asume debe defender los derechos de los trabajadores, hoy est\u00e9 acolitando en Colombia el sindicalismo empresarial de su\u2026","rel":"","context":"En \u00abPronunciamientos de Organizaciones Sociales\u00bb","block_context":{"text":"Pronunciamientos de Organizaciones Sociales","link":"https:\/\/moir.com.co\/web\/category\/pronunciamientos-de-organizaciones-sociales\/"},"img":{"alt_text":"","src":"","width":0,"height":0},"classes":[]},{"id":4720,"url":"https:\/\/moir.com.co\/web\/carta-de-la-cut-a-la-cgt\/","url_meta":{"origin":3052,"position":1},"title":"Carta de la CUT a la CGT","author":"admin","date":"agosto 27, 2010","format":false,"excerpt":"Compa\u00f1ero JULIO ROBERTO G\u00d3MEZ Secretario General WILLIAM MILLAN Secretario General adjunto Confederaci\u00f3n General de Trabajadores CGT Objeto: Respuesta p\u00fablica a carta fechada 18 de agosto de 2010, firmada por ustedes y dirigida al Comit\u00e9 Ejecutivo de la CUT. En relaci\u00f3n con las graves acusaciones, sindicaciones e insinuaciones manifestadas por Ustedes\u2026","rel":"","context":"En \u00abPronunciamientos de Organizaciones Sociales\u00bb","block_context":{"text":"Pronunciamientos de Organizaciones Sociales","link":"https:\/\/moir.com.co\/web\/category\/pronunciamientos-de-organizaciones-sociales\/"},"img":{"alt_text":"","src":"","width":0,"height":0},"classes":[]},{"id":4490,"url":"https:\/\/moir.com.co\/web\/la-cgt-del-lado-del-gobierno-y-en-contra-de-los-trabajadores\/","url_meta":{"origin":3052,"position":2},"title":"La CGT del lado del gobierno y en contra de los trabajadores","author":"admin","date":"junio 21, 2010","format":false,"excerpt":"Durante la 99\u00ba Conferencia de la OIT, realizada este mes en Ginebra \u2013 Suiza, el presidente de la Confederaci\u00f3n General del Trabajo, CGT, Julio Roberto G\u00f3mez, manifest\u00f3 su apoyo a la candidatura de Juan Manuel Santos, quien fue ministro de defensa durante el gobierno de \u00c1lvaro Uribe, caracterizado por perseguir,\u2026","rel":"","context":"En \u00abTemas\u00bb","block_context":{"text":"Temas","link":"https:\/\/moir.com.co\/web\/category\/temas\/"},"img":{"alt_text":"","src":"","width":0,"height":0},"classes":[]},{"id":5759,"url":"https:\/\/moir.com.co\/web\/actuaciones-que-van-contra-la-resistencia-civil-y-contra-los-trabajadores\/","url_meta":{"origin":3052,"position":3},"title":"Actuaciones que van contra la resistencia civil y contra los trabajadores","author":"admin","date":"julio 10, 2011","format":false,"excerpt":"El pasado 26 de mayo, el presidente de la Confederaci\u00f3n General del Trabajo, CGT, Julio Roberto G\u00f3mez, firm\u00f3 la Actualizaci\u00f3n del Acuerdo Tripartito de junio de 2006 suscrito por el gobierno, los empresarios y las centrales obreras. Por fortuna dos (2) de la tres (3) centrales obreras, la CTC y\u2026","rel":"","context":"En \u00abTribuna Magisterial\u00bb","block_context":{"text":"Tribuna Magisterial","link":"https:\/\/moir.com.co\/web\/category\/tribuna-magisterial\/"},"img":{"alt_text":"","src":"","width":0,"height":0},"classes":[]},{"id":5657,"url":"https:\/\/moir.com.co\/web\/pronunciamiento-de-la-cut-frente-a-la-carta-acuerdo-laboral\/","url_meta":{"origin":3052,"position":4},"title":"Pronunciamiento de la CUT frente a la Carta Acuerdo Laboral","author":"admin","date":"mayo 28, 2011","format":false,"excerpt":"La Central Unitaria de Trabajadores de Colombia, CUT, informa y comunica a los trabajadores, sectores sociales y opini\u00f3n p\u00fablica nacional e internacional, que nunca ha negado el di\u00e1logo y la concertaci\u00f3n, siempre y cuando, \u00e9sta sea fruto del entendimiento entre las partes y no a conveniencia de las pol\u00edticas gubernamentales,\u2026","rel":"","context":"En \u00abPronunciamientos de Organizaciones Sociales\u00bb","block_context":{"text":"Pronunciamientos de Organizaciones Sociales","link":"https:\/\/moir.com.co\/web\/category\/pronunciamientos-de-organizaciones-sociales\/"},"img":{"alt_text":"","src":"","width":0,"height":0},"classes":[]},{"id":5676,"url":"https:\/\/moir.com.co\/web\/nuevamente-la-cgt-se-opone-al-examen-de-colombia-en-la-oit\/","url_meta":{"origin":3052,"position":5},"title":"Nuevamente la CGT se opone al examen de Colombia en la OIT","author":"admin","date":"junio 3, 2011","format":false,"excerpt":"La Central Unitaria de trabajadores C.U.T, lamenta y deplora la actitud asumida por la C.G.T. en cabeza de su presidente Julio Roberto Gomez al oponerse rotundamente a que Colombia sea incluida en la lista de pa\u00edses que deben ser examinados por la continua violaci\u00f3n de los derechos fundamentales de los\u2026","rel":"","context":"En \u00abPronunciamientos de Organizaciones Sociales\u00bb","block_context":{"text":"Pronunciamientos de Organizaciones Sociales","link":"https:\/\/moir.com.co\/web\/category\/pronunciamientos-de-organizaciones-sociales\/"},"img":{"alt_text":"","src":"","width":0,"height":0},"classes":[]}],"jetpack_sharing_enabled":true,"_links":{"self":[{"href":"https:\/\/moir.com.co\/web\/wp-json\/wp\/v2\/posts\/3052","targetHints":{"allow":["GET"]}}],"collection":[{"href":"https:\/\/moir.com.co\/web\/wp-json\/wp\/v2\/posts"}],"about":[{"href":"https:\/\/moir.com.co\/web\/wp-json\/wp\/v2\/types\/post"}],"author":[{"embeddable":true,"href":"https:\/\/moir.com.co\/web\/wp-json\/wp\/v2\/users\/1"}],"replies":[{"embeddable":true,"href":"https:\/\/moir.com.co\/web\/wp-json\/wp\/v2\/comments?post=3052"}],"version-history":[{"count":0,"href":"https:\/\/moir.com.co\/web\/wp-json\/wp\/v2\/posts\/3052\/revisions"}],"wp:attachment":[{"href":"https:\/\/moir.com.co\/web\/wp-json\/wp\/v2\/media?parent=3052"}],"wp:term":[{"taxonomy":"category","embeddable":true,"href":"https:\/\/moir.com.co\/web\/wp-json\/wp\/v2\/categories?post=3052"},{"taxonomy":"post_tag","embeddable":true,"href":"https:\/\/moir.com.co\/web\/wp-json\/wp\/v2\/tags?post=3052"}],"curies":[{"name":"wp","href":"https:\/\/api.w.org\/{rel}","templated":true}]}}