{"id":2812,"date":"2009-03-12T16:06:31","date_gmt":"2009-03-12T16:06:31","guid":{"rendered":"https:\/\/moir.org.co\/web\/rechazamos-la-violencia-y-las-amenazas-contra-la-acin-y-sus-asesores\/"},"modified":"2009-03-12T16:06:31","modified_gmt":"2009-03-12T16:06:31","slug":"rechazamos-la-violencia-y-las-amenazas-contra-la-acin-y-sus-asesores","status":"publish","type":"post","link":"https:\/\/moir.com.co\/web\/rechazamos-la-violencia-y-las-amenazas-contra-la-acin-y-sus-asesores\/","title":{"rendered":"RECHAZAMOS LA VIOLENCIA Y LAS AMENAZAS CONTRA LA ACIN Y SUS ASESORES"},"content":{"rendered":"<p>La Asociaci\u00f3n de Cabildos Ind\u00edgenas del Norte del Cauca \u201cACIN\u201d, viene siendo objeto de se\u00f1alamientos y asesinatos por parte de los actores armados, que han cobrado la vida de varios de sus dirigentes y aliados, la \u00faltima la del ex gobernador ind\u00edgena del Cabildo de Corinto, EDGAR ARCADIO OCOR\u00d3.<\/p>\n<p>De otra parte la revista Cambio, en su \u00faltima edici\u00f3n, incrimina calumniosamente a la ACIN y al dirigente indigenista EMMANUEL ROZENTHAL en relaciones con el ELN. ROZENTHAL es adem\u00e1s miembro de la Direcci\u00f3n Nacional del Polo Democr\u00e1tico Alternativo-PDA y un destacado l\u00edder de la causa de los ind\u00edgenas.  <\/p>\n<p>La ACIN particip\u00f3 decididamente en la organizaci\u00f3n y realizaci\u00f3n de la Minga Ind\u00edgena que arrib\u00f3 a Bogot\u00e1 a finales del 2008, exigiendo la atenci\u00f3n de la problem\u00e1tica de sus comunidades y llamando al resto de los sectores sociales a la unidad por la soberan\u00eda y la democracia.<\/p>\n<p>Los dirigentes de la Minga Ind\u00edgena con quienes mantiene estrecha relaci\u00f3n el compa\u00f1ero ROZENTHAL, han expresado de manera resuelta su rechazo a las acciones de todos los actores armados y exigido el respeto a su territorio, as\u00ed como luchado denodadamente contra los Tratados de Libre Comercio, la privatizaci\u00f3n del agua, la gran miner\u00eda y por alcanzar la soberan\u00eda alimentaria.<\/p>\n<p>La CUT acompa\u00f1a solidariamente a la ACIN ante tales agresiones. <\/p>\n","protected":false},"excerpt":{"rendered":"<p>La Asociaci\u00f3n de Cabildos Ind\u00edgenas del Norte del Cauca \u201cACIN\u201d, viene siendo objeto de se\u00f1alamientos y asesinatos por parte de los actores armados, que han cobrado la vida de varios de sus dirigentes y aliados, la \u00faltima la del ex gobernador ind\u00edgena del Cabildo de Corinto, EDGAR ARCADIO OCOR\u00d3. De otra parte la revista Cambio, [&hellip;]<\/p>\n","protected":false},"author":1,"featured_media":0,"comment_status":"open","ping_status":"open","sticky":false,"template":"","format":"standard","meta":{"advanced_seo_description":"","jetpack_seo_html_title":"","jetpack_seo_noindex":false,"_jetpack_memberships_contains_paid_content":false,"footnotes":""},"categories":[7],"tags":[],"class_list":["post-2812","post","type-post","status-publish","format-standard","hentry","category-pronunciamientos-de-organizaciones-sociales"],"jetpack_featured_media_url":"","jetpack-related-posts":[{"id":2468,"url":"https:\/\/moir.com.co\/web\/carta-al-mininterior-sobre-amenazas-a-los-indigenas-del-cauca\/","url_meta":{"origin":2812,"position":0},"title":"CARTA AL MININTERIOR SOBRE AMENAZAS A LOS IND\u00cdGENAS DEL CAUCA","author":"admin","date":"agosto 12, 2008","format":false,"excerpt":"Jorge Enrique Robledo, Bogot\u00e1, 12 de agosto de 2008 Doctor FABIO VALENCIA COSSIO Ministro del Interior y de Justicia Ciudad Atento saludo. Ayer, el Consejo Regional Ind\u00edgena del Cauca, CRIC, y la Asociaci\u00f3n de Cabildos Ind\u00edgenas del Cauca, ACIN, denunciaron haber sido v\u00edctimas de un an\u00f3nimo en el que un\u2026","rel":"","context":"En \u00abJorge Enrique Robledo\u00bb","block_context":{"text":"Jorge Enrique Robledo","link":"https:\/\/moir.com.co\/web\/category\/jorge-enrique-robledo\/"},"img":{"alt_text":"","src":"","width":0,"height":0},"classes":[]},{"id":9660,"url":"https:\/\/moir.com.co\/web\/rechazamos-procedimiento-contra-el-dirigente-indigena-feliciano-valencia\/","url_meta":{"origin":2812,"position":1},"title":"Rechazamos procedimiento contra el dirigente ind\u00edgena Feliciano Valencia","author":"admin","date":"septiembre 21, 2015","format":false,"excerpt":"Dignidad Agropecuaria, la organizaci\u00f3n que agremia a las diversas dignidades del agro colombiano, rechaza el procedimiento empleado contra el dirigente ind\u00edgena Feliciano Valencia al condenarlo en segunda instancia, a una pena de c\u00e1rcel de 18 a\u00f1os, acusado de delitos que, sin duda, no pueden probarse como de autor\u00eda individual del\u2026","rel":"","context":"En \u00abPronunciamientos de Organizaciones Sociales\u00bb","block_context":{"text":"Pronunciamientos de Organizaciones Sociales","link":"https:\/\/moir.com.co\/web\/category\/pronunciamientos-de-organizaciones-sociales\/"},"img":{"alt_text":"","src":"","width":0,"height":0},"classes":[]},{"id":21151,"url":"https:\/\/moir.com.co\/web\/indigenas-de-caldas-respaldan-candidatura-de-carlos-gaviria\/","url_meta":{"origin":2812,"position":2},"title":"IND\u00cdGENAS DE CALDAS RESPALDAN CANDIDATURA DE CARLOS GAVIRIA","author":"admin","date":"agosto 21, 2005","format":false,"excerpt":"Tribuna Roja El Movimiento de Unidad Ind\u00edgena Popular por Caldas decidi\u00f3 sumar sus fuerzas a la campa\u00f1a CARLOS GAVIRIA PRESIDENTE y anunci\u00f3 que se identifica con el proyecto pol\u00edtico del candidato y, sobre todo, con su defensa irrestricta de la territorialidad de las etnias ancestrales. Lo respalda, adem\u00e1s, porque \u00abha\u2026","rel":"","context":"En \u00abTribuna Roja N\u00ba 100, septiembre 1 de 2005\u00bb","block_context":{"text":"Tribuna Roja N\u00ba 100, septiembre 1 de 2005","link":"https:\/\/moir.com.co\/web\/category\/tribuna-roja\/ediciones-2005-2009\/tribuna-roja-no-100-septiembre-1-de-2005\/"},"img":{"alt_text":"","src":"","width":0,"height":0},"classes":[]},{"id":1303,"url":"https:\/\/moir.com.co\/web\/que-cese-la-agresion-oficial-contra-el-pueblo-nasa\/","url_meta":{"origin":2812,"position":3},"title":"QUE CESE LA AGRESI\u00d3N OFICIAL CONTRA EL PUEBLO NASA","author":"admin","date":"octubre 30, 2005","format":false,"excerpt":"La muerte del joven Belisario Camyo Guetoto, de 18 a\u00f1os de edad, v\u00edctima de un disparo de fusil durante una agresi\u00f3n a las comunidades nasas asentadas en la hacienda El Japio, municipio de Caloto, Cauca, configura el hecho de mayor gravedad en la implacable ofensiva desatada desde casi hace un\u2026","rel":"","context":"Entrada similar","block_context":{"text":"Entrada similar","link":""},"img":{"alt_text":"","src":"","width":0,"height":0},"classes":[]},{"id":2548,"url":"https:\/\/moir.com.co\/web\/en-vez-de-reprimirlos-ferozmente-que-el-gobierno-atienda-las-justas-peticiones-de-los-indigenas-dice-el-senador-robledo\/","url_meta":{"origin":2812,"position":4},"title":"EN VEZ DE REPRIMIRLOS FEROZMENTE, QUE EL GOBIERNO ATIENDA LAS JUSTAS PETICIONES DE LOS IND\u00cdGENAS,  DICE EL SENADOR ROBLEDO","author":"admin","date":"octubre 15, 2008","format":false,"excerpt":"Oficina de Prensa, Senador Jorge Enrique Robledo, Bogot\u00e1, 15 de octubre de 2008 Completo repudio expres\u00f3 el senador Jorge Enrique Robledo a la brutal represi\u00f3n de la que han sido v\u00edctimas los ind\u00edgenas del Cauca y Risaralda, quienes le piden al gobierno nacional que atienda sus reclamos, en los que\u2026","rel":"","context":"En \u00abJorge Enrique Robledo\u00bb","block_context":{"text":"Jorge Enrique Robledo","link":"https:\/\/moir.com.co\/web\/category\/jorge-enrique-robledo\/"},"img":{"alt_text":"","src":"","width":0,"height":0},"classes":[]},{"id":7303,"url":"https:\/\/moir.com.co\/web\/cafe-prestigio-y-riqueza-para-el-pais-pobreza-para-los-cafeteros\/","url_meta":{"origin":2812,"position":5},"title":"Caf\u00e9: prestigio y riqueza para el pa\u00eds, pobreza para los cafeteros","author":"admin","date":"febrero 27, 2013","format":false,"excerpt":"El abandono a la producci\u00f3n en el campo ha llegado a tal punto, que las comunidades, desesperadas y buscando defender las fuentes de sustento y bienestar, han decidido levantarse en el Paro Cafetero Nacional contra las pol\u00edticas impuestas por los gobiernos,entre ellos el de Juan Manuel Santos. Esta es la\u2026","rel":"","context":"En \u00abPronunciamientos de Organizaciones Sociales\u00bb","block_context":{"text":"Pronunciamientos de Organizaciones Sociales","link":"https:\/\/moir.com.co\/web\/category\/pronunciamientos-de-organizaciones-sociales\/"},"img":{"alt_text":"","src":"","width":0,"height":0},"classes":[]}],"jetpack_sharing_enabled":true,"_links":{"self":[{"href":"https:\/\/moir.com.co\/web\/wp-json\/wp\/v2\/posts\/2812","targetHints":{"allow":["GET"]}}],"collection":[{"href":"https:\/\/moir.com.co\/web\/wp-json\/wp\/v2\/posts"}],"about":[{"href":"https:\/\/moir.com.co\/web\/wp-json\/wp\/v2\/types\/post"}],"author":[{"embeddable":true,"href":"https:\/\/moir.com.co\/web\/wp-json\/wp\/v2\/users\/1"}],"replies":[{"embeddable":true,"href":"https:\/\/moir.com.co\/web\/wp-json\/wp\/v2\/comments?post=2812"}],"version-history":[{"count":0,"href":"https:\/\/moir.com.co\/web\/wp-json\/wp\/v2\/posts\/2812\/revisions"}],"wp:attachment":[{"href":"https:\/\/moir.com.co\/web\/wp-json\/wp\/v2\/media?parent=2812"}],"wp:term":[{"taxonomy":"category","embeddable":true,"href":"https:\/\/moir.com.co\/web\/wp-json\/wp\/v2\/categories?post=2812"},{"taxonomy":"post_tag","embeddable":true,"href":"https:\/\/moir.com.co\/web\/wp-json\/wp\/v2\/tags?post=2812"}],"curies":[{"name":"wp","href":"https:\/\/api.w.org\/{rel}","templated":true}]}}