{"id":2811,"date":"2009-03-11T21:44:28","date_gmt":"2009-03-11T21:44:28","guid":{"rendered":"https:\/\/moir.org.co\/web\/no-a-las-bases-militares-gringas-en-nuestro-territorio\/"},"modified":"2009-03-11T21:44:28","modified_gmt":"2009-03-11T21:44:28","slug":"no-a-las-bases-militares-gringas-en-nuestro-territorio","status":"publish","type":"post","link":"https:\/\/moir.com.co\/web\/no-a-las-bases-militares-gringas-en-nuestro-territorio\/","title":{"rendered":"\u00a1No a las bases militares gringas en nuestro territorio!"},"content":{"rendered":"<p>En el mismo momento en que el presidente Rafael Correa anunci\u00f3 la terminaci\u00f3n del acuerdo que permite el uso por parte de Estados Unidos de la Base Militar de Manta, en el Pacifico ecuatoriano, se presentaron varios rumores sobre las distintas opciones a las cuales recurrir\u00eda el imperio para suplir las instalaciones militares desde donde se ejecuta buena parte del Plan Colombia. Actualmente, desde Manta, Curazao y Tres Esquinas, en el departamento de Caquet\u00e1, el Comando Sur mantiene vigilancia sobre la regi\u00f3n de los Andes y la Orinoquia, zonas de vital importancia para Washington y hoy presididas por gobiernos adversos a sus designios, con las vergonzosas excepciones de Per\u00fa y Colombia, que hacen las veces de puntales de los intereses gringos.<\/p>\n<p>Lo que hasta hace unas semanas eran rumores lo acaba de corroborar el ministro Juan Manuel Santos: \u201cEstamos ampliando la cooperaci\u00f3n en todo sentido y parte de eso es el acceso a nuestras bases, y eso es lo que estamos negociando\u201d, dijo en declaraciones al diario El Espectador. Entre tanto, el presidente para Asuntos Exteriores de la C\u00e1mara Baja, el dem\u00f3crata Elliot \u00c1ngel, declar\u00f3 al mismo diario: \u201cEstados Unidos necesita una base as\u00ed en la regi\u00f3n y tendr\u00e1 que reemplazarla. Colombia es la elecci\u00f3n m\u00e1s natural y l\u00f3gica para esto\u201d. Estas afirmaciones se dieron en medio de las visitas de Santos a Washington y del Jefe del Estado Mayor Conjunto de las Fuerzas Armadas de EU, almirante Michael Millen, a Colombia.<\/p>\n<p>Estamos ante la profundizaci\u00f3n del intervencionismo militar de Estados Unidos en la regi\u00f3n y particularmente en Colombia, donde hay presencia de asesores militares, contratistas (mercenarios), agentes de la DEA, la CIA y el FBI. Se est\u00e1 negociando la autorizaci\u00f3n para usar las bases a\u00e9reas del pa\u00eds, el estacionamiento de tropas, equipos y embarcaciones en cualquiera de las instalaciones militares de la Rep\u00fablica, por ejemplo, en la base naval de Bahia Malaga, o en Cartagena, Palanquero, Barranquilla y Apiay, entre otras. Al ser ocupado el territorio nacional por tropas gringas, en clara amenaza a la soberan\u00eda de las naciones vecinas, estamos siendo puestos en situaci\u00f3n de total p\u00e9rdida de la soberan\u00eda nacional. No hay paralelo de semejante sumisi\u00f3n en todo Suram\u00e9rica.<\/p>\n<p>La CUT manifiesta su rechazo al desprop\u00f3sito de convertir nuestro territorio en base militar de los gringos, reclama la salida de las tropas y personal militar extranjero del pa\u00eds y llama a los trabajadores y a todos los dem\u00f3cratas de Colombia a manifestarse de manera en\u00e9rgica contra esta nueva vulneraci\u00f3n de nuestra soberan\u00eda nacional. La constante injerencia de Estados Unidos en la regi\u00f3n pretende desestabilizar gobiernos vecinos elegidos democr\u00e1ticamente y pone en dificultades las relaciones comerciales y la integraci\u00f3n de nuestros pueblos; mientras sus multinacionales y su capital financiero se alzan con los recursos naturales y el trabajo de los pa\u00edses sometidos.<\/p>\n<p>El proceder del gobierno de \u00c1lvaro Uribe no representa el inter\u00e9s nacional y es una demostraci\u00f3n m\u00e1s de su abyecci\u00f3n a los intereses imperiales de Estados Unidos.<\/p>\n<p>TARSICIO MORA GODOY<br \/>\n Presidente<\/p>\n<p>DOMINGO TOVAR ARRIETA<br \/>\nSecretario General<\/p>\n","protected":false},"excerpt":{"rendered":"<p>En el mismo momento en que el presidente Rafael Correa anunci\u00f3 la terminaci\u00f3n del acuerdo que permite el uso por parte de Estados Unidos de la Base Militar de Manta, en el Pacifico ecuatoriano, se presentaron varios rumores sobre las distintas opciones a las cuales recurrir\u00eda el imperio para suplir las instalaciones militares desde donde [&hellip;]<\/p>\n","protected":false},"author":1,"featured_media":0,"comment_status":"open","ping_status":"open","sticky":false,"template":"","format":"standard","meta":{"advanced_seo_description":"","jetpack_seo_html_title":"","jetpack_seo_noindex":false,"_jetpack_memberships_contains_paid_content":false,"footnotes":""},"categories":[7],"tags":[],"class_list":["post-2811","post","type-post","status-publish","format-standard","hentry","category-pronunciamientos-de-organizaciones-sociales"],"jetpack_featured_media_url":"","jetpack-related-posts":[{"id":3322,"url":"https:\/\/moir.com.co\/web\/mas-sobre-las-bases-gringas-en-colombia\/","url_meta":{"origin":2811,"position":0},"title":"M\u00c1S SOBRE LAS BASES GRINGAS EN COLOMBIA","author":"admin","date":"julio 26, 2009","format":false,"excerpt":"Hay que ser jefe del uribiato para tener la frescura de conmemorar el 20 de julio con el montaje de tres, cinco o hasta siete bases militares norteamericanas en Colombia, decisi\u00f3n que por supuesto lesiona en forma grav\u00edsima la soberan\u00eda y la autodeterminaci\u00f3n nacional, precisamente el logro principal de hace\u2026","rel":"","context":"En \u00abJorge Enrique Robledo\u00bb","block_context":{"text":"Jorge Enrique Robledo","link":"https:\/\/moir.com.co\/web\/category\/jorge-enrique-robledo\/"},"img":{"alt_text":"","src":"","width":0,"height":0},"classes":[]},{"id":3412,"url":"https:\/\/moir.com.co\/web\/no-a-las-bases-gringas-en-colombia\/","url_meta":{"origin":2811,"position":1},"title":"NO A LAS BASES GRINGAS EN COLOMBIA","author":"admin","date":"agosto 20, 2009","format":false,"excerpt":"Con excepci\u00f3n de Per\u00fa, toda Suram\u00e9rica ha expresado su preocupaci\u00f3n o su repudio. Brasil hizo un reclamo formal. Es una posici\u00f3n de principios del Polo. El fin no justifica los medios. Podemos tener relaciones con Estados Unidos, pero no as\u00ed. Estados Unidos, el imperio m\u00e1s poderoso en la historia de\u2026","rel":"","context":"En \u00abJorge Enrique Robledo\u00bb","block_context":{"text":"Jorge Enrique Robledo","link":"https:\/\/moir.com.co\/web\/category\/jorge-enrique-robledo\/"},"img":{"alt_text":"","src":"","width":0,"height":0},"classes":[]},{"id":21356,"url":"https:\/\/moir.com.co\/web\/no-a-las-bases-gringas-en-colombia-2\/","url_meta":{"origin":2811,"position":2},"title":"\u00a1No a las bases gringas en Colombia!","author":"admin","date":"agosto 5, 2009","format":false,"excerpt":"Lenin aclar\u00f3 la naturaleza de las potencias en el contexto de la fase superior del capitalismo, la cual llam\u00f3 imperialista. Tal fase se caracteriza por la creaci\u00f3n de monopolios, la supremac\u00eda del capital financiero, la preponderancia de la exportaci\u00f3n de capitales sobre la de mercanc\u00edas, la formaci\u00f3n de asociaciones internacionales\u2026","rel":"","context":"En \u00abTribuna Roja N\u00ba 109, Bogot\u00e1, julio 30 de 2009\u00bb","block_context":{"text":"Tribuna Roja N\u00ba 109, Bogot\u00e1, julio 30 de 2009","link":"https:\/\/moir.com.co\/web\/category\/tribuna-roja\/ediciones-2005-2009\/tribuna-roja-no-109-bogota-julio-30-de-2009\/"},"img":{"alt_text":"","src":"","width":0,"height":0},"classes":[]},{"id":2159,"url":"https:\/\/moir.com.co\/web\/base-militar-yanqui-en-colombia\/","url_meta":{"origin":2811,"position":3},"title":"\u00bfBase militar yanqui en Colombia?","author":"admin","date":"febrero 4, 2008","format":false,"excerpt":"Apolinar D\u00edaz-Callejas, Argenpress, febrero 1 de 2008 El diario El Tiempo, fundado a inicios del siglo XX, tuvo varias etapas ideol\u00f3gicas en relaci\u00f3n con Estados Unidos de Norteam\u00e9rica. Eduardo Santos, notable periodista, liberal en la concepci\u00f3n colombiana de esa ideolog\u00eda, dem\u00f3crata de tiempo completo, que apoy\u00f3 la lucha de los\u2026","rel":"","context":"En \u00abRevista de Prensa\u00bb","block_context":{"text":"Revista de Prensa","link":"https:\/\/moir.com.co\/web\/category\/prensa\/revista-de-prensa\/"},"img":{"alt_text":"","src":"","width":0,"height":0},"classes":[]},{"id":2973,"url":"https:\/\/moir.com.co\/web\/no-debemos-permitir-bases-militares-norteamericanas-en-nuestro-territorio\/","url_meta":{"origin":2811,"position":4},"title":"No debemos permitir bases militares norteamericanas en nuestro territorio","author":"admin","date":"abril 16, 2009","format":false,"excerpt":"Durante el gobierno del presidente ecuatoriano Jamil Mahuad en 1998 se firm\u00f3 el contrato de cesi\u00f3n de las instalaciones de la Base A\u00e9rea Eloy Alfaro situada en Manta, provincia de Manab\u00ed, por un per\u00edodo de diez a\u00f1os, a las fuerzas militares norteamericanas, con el fin de desarrollar un programa de\u2026","rel":"","context":"En \u00abPolo Democr\u00e1tico Alternativo\u00bb","block_context":{"text":"Polo Democr\u00e1tico Alternativo","link":"https:\/\/moir.com.co\/web\/category\/polo-democratico-alternativo\/"},"img":{"alt_text":"","src":"","width":0,"height":0},"classes":[]},{"id":3398,"url":"https:\/\/moir.com.co\/web\/puro-realismo\/","url_meta":{"origin":2811,"position":5},"title":"Puro realismo","author":"admin","date":"agosto 16, 2009","format":false,"excerpt":"Recordaba pertinentemente Hugo Ch\u00e1vez en su entrevista a RCN que los Estados Unidos nunca han permitido que sus tropas est\u00e9n bajo mando extranjero, ni siquiera en las misiones de Cascos Azules de la ONU. Con lo cual la afirmaci\u00f3n de que en sus nuevas bases en Colombia se someter\u00e1n a\u2026","rel":"","context":"En \u00abRevista de Prensa\u00bb","block_context":{"text":"Revista de Prensa","link":"https:\/\/moir.com.co\/web\/category\/prensa\/revista-de-prensa\/"},"img":{"alt_text":"","src":"","width":0,"height":0},"classes":[]}],"jetpack_sharing_enabled":true,"_links":{"self":[{"href":"https:\/\/moir.com.co\/web\/wp-json\/wp\/v2\/posts\/2811","targetHints":{"allow":["GET"]}}],"collection":[{"href":"https:\/\/moir.com.co\/web\/wp-json\/wp\/v2\/posts"}],"about":[{"href":"https:\/\/moir.com.co\/web\/wp-json\/wp\/v2\/types\/post"}],"author":[{"embeddable":true,"href":"https:\/\/moir.com.co\/web\/wp-json\/wp\/v2\/users\/1"}],"replies":[{"embeddable":true,"href":"https:\/\/moir.com.co\/web\/wp-json\/wp\/v2\/comments?post=2811"}],"version-history":[{"count":0,"href":"https:\/\/moir.com.co\/web\/wp-json\/wp\/v2\/posts\/2811\/revisions"}],"wp:attachment":[{"href":"https:\/\/moir.com.co\/web\/wp-json\/wp\/v2\/media?parent=2811"}],"wp:term":[{"taxonomy":"category","embeddable":true,"href":"https:\/\/moir.com.co\/web\/wp-json\/wp\/v2\/categories?post=2811"},{"taxonomy":"post_tag","embeddable":true,"href":"https:\/\/moir.com.co\/web\/wp-json\/wp\/v2\/tags?post=2811"}],"curies":[{"name":"wp","href":"https:\/\/api.w.org\/{rel}","templated":true}]}}