{"id":2806,"date":"2009-03-10T14:52:58","date_gmt":"2009-03-10T14:52:58","guid":{"rendered":"https:\/\/moir.org.co\/web\/declaracion-coyuntura-politica-nacional-e-internacional\/"},"modified":"2009-03-10T14:52:58","modified_gmt":"2009-03-10T14:52:58","slug":"declaracion-coyuntura-politica-nacional-e-internacional","status":"publish","type":"post","link":"https:\/\/moir.com.co\/web\/declaracion-coyuntura-politica-nacional-e-internacional\/","title":{"rendered":"DECLARACI\u00d3N COYUNTURA POL\u00cdTICA NACIONAL E INTERNACIONAL"},"content":{"rendered":"<p>I.<\/p>\n<p>En octubre de 2008 colaps\u00f3 la bolsa de Nueva York. Este derrumbe es la prueba del fracaso del modelo neoliberal y de la imposibilidad de que los mercados, sin ninguna intervenci\u00f3n del estado, regulen racionalmente el flujo de los actores econ\u00f3micos. Esta crisis, que ha puesto en entredicho todas las teor\u00edas sobre la globalizaci\u00f3n e internacionalizaci\u00f3n de la econom\u00eda, es la culminaci\u00f3n estrepitosa de las aventuras especulativas del capital financiero cuyos activos superan en m\u00e1s de cuatro veces el PIB mundial y en m\u00e1s de diez veces el PIB de los Estados Unidos. <\/p>\n<p>Al derrumbe de las bolsas sigui\u00f3 el del sector real de la econom\u00eda y el frenazo no ha tenido miramientos. Los signos de los tiempos son la insolvencia de millones de deudores hipotecarios, los despidos masivos de trabajadores, los descensos verticales en las importaciones por parte de los grandes consumidores, el derrumbe de los precios de las materias primas, minerales y bienes agr\u00edcolas y el aumento del paro laboral forzoso en todos los pa\u00edses desarrollados. Las superpotencias econ\u00f3micas se han declarado en recesi\u00f3n y el mundo capitalista reconoce, entre imp\u00e1vido e impotente, una crisis de larga duraci\u00f3n y cuyos efectos devastadores aun no se despliegan en forma plena.<\/p>\n<p>Los estados capitalistas han acudido a los denominados planes de salvamento para tratar de inyectar liquidez a la econom\u00eda acudiendo a los recursos de los contribuyentes. Es el socialismo de Wall Street que socializa las p\u00e9rdidas y privatiza las ganancias. Otra vez las nacionalizaciones de entidades en quiebra est\u00e1n al orden el d\u00eda y las pol\u00edticas proteccionistas surgen por doquier. El lema de \u201cCompra Americano\u201d, aun bajo la advertencia de que puede desatar una guerra comercial y m\u00faltiples demandas entre las grandes potencias, acaba de ser impuesto en Estados Unidos como condici\u00f3n para aprobar el \u00faltimo salvamento y la respuesta de las dem\u00e1s potencias ha sido similar. Por otro lado, la xenofobia y el racismo se han  exacerbado y las persecuciones violentas y arbitrarias detenciones contra inmigrantes son noticia cotidiana. <\/p>\n<p>II.<\/p>\n<p>En Colombia la crisis econ\u00f3mica ven\u00eda golpeando desde mucho antes que \u00e9sta se oficializara a nivel mundial. Sin embargo, de manera falaz, el uribismo propal\u00f3 a los cuatro vientos que gracias a sus pol\u00edticas la econom\u00eda colombiana estaba blindada. Al optimista y mentiroso anuncio sigui\u00f3 el estrepitoso derrumbe. Los signos del mismo han sido implacables: la vertiginosa revaluaci\u00f3n del d\u00f3lar, la ca\u00edda del \u00edndice de producci\u00f3n industrial a menos del 3%, la p\u00e9rdida de m\u00e1s de m\u00e1s de 600 mil puestos de trabajo, la recesi\u00f3n en el consumo, el aumento de la pobreza y la precarizaci\u00f3n laboral de los trabajadores, a los que se suma la ca\u00edda vertical de las remesas provocada por la precarizaci\u00f3n laboral de cuatro millones de compatriotas que viven en el extranjero.<\/p>\n<p>El neoliberalismo de Uribe V\u00e9lez condujo a la desnacionalizaci\u00f3n de la propiedad de las empresas nacionales emblem\u00e1ticas; a la regalona entrega a las multinacionales de nuestros recursos naturales; al montaje de los denominados megaproyectos aun a costa del medio ambiente, las comunidades campesinas y las minor\u00edas \u00e9tnicas y raciales; a la descarada privatizaci\u00f3n de los servicios p\u00fablicos domiciliarios, convertidos en jugoso fil\u00f3n de negocios para multinacionales gringas y europeas; a la ruina de la producci\u00f3n agropecuaria y a la consecuente p\u00e9rdida de la soberan\u00eda alimentaria; a la negaci\u00f3n del derecho universal a la salud y a la creciente privatizaci\u00f3n de la educaci\u00f3n; al aniquilamiento de los derechos sindicales de asociaci\u00f3n y contrataci\u00f3n colectiva para los trabajadores; a la persecuci\u00f3n y aniquilamiento de las organizaciones sindicales; a la semiesclavitud laboral con la tercerizaci\u00f3n del trabajo fomentada por las Cooperativas de Trabajo Asociado y a la conversi\u00f3n de nuestro pa\u00eds en una zona franca con todas las gabelas tributarias, arancelarias y cambiarias que lo convierten en un para\u00edso para las multinacionales y en un infierno para el pueblo y los trabajadores.  <\/p>\n<p>En medio del descalabro neoliberal, todos, salvo el r\u00e9gimen de Uribe V\u00e9lez, toman medidas para salvaguardar sus econom\u00edas. Junto al abierto proteccionismo de las grandes potencias, han resurgido los reg\u00edmenes de licencia previa para las importaciones y las alzas de aranceles a muchas posiciones comerciales, tal como lo hizo Ecuador, uno de nuestros mercados naturales. Entretanto, Uribe V\u00e9lez, fiel al fundamentalismo del mercado, se empecina en la r\u00e1pida firma de un TLC con la uni\u00f3n Europea que, en concesiones, va mucho m\u00e1s all\u00e1 de las liberalizaciones de nuestra econom\u00eda y las gabelas ya otorgadas en los TLC con Estados Unidos y Canad\u00e1.<\/p>\n<p>No hay forma de salirse de la crisis. Ni siquiera con los fantasiosos anuncios inversiones colosales en infraestructura, los que pasaron de 55 a 2.5 billones. Lo que si es real es la contracci\u00f3n de las exportaciones a los mercados hist\u00f3ricos de Estados Unidos, Venezuela y Ecuador, la ca\u00edda de las remesas de colombianos en el exterior, el deterioro de los t\u00e9rminos de intercambio de nuestras materias primas, el encarecimiento acelerado de las m\u00e1s de ocho millones de toneladas de alimentos que se tienen que importar, la recesi\u00f3n de la industria, la inflaci\u00f3n galopante que ya rompi\u00f3 las metas oficiales en 2008 y los \u00edndices de desempleo superiores al 14%, es decir, casi tres millones de personas, configuran un panorama desolador de crisis y dificultades para los trabajadores y el pueblo.<\/p>\n<p>III.<\/p>\n<p>Entretanto, asistimos a importantes acontecimientos en el orden pol\u00edtico. El uribismo, acosado por crecientes esc\u00e1ndalos, muestra signos de resquebrajamiento. Padece aislamiento internacional como r\u00e9gimen paradigm\u00e1tico en falsos positivos, violaci\u00f3n de derechos humanos y asesinato de sindicalistas. Sin haberse repuesto aun de la Yidispol\u00edtica y estando pendientes fallos trascendentales sobre el delito de cohecho cometido por funcionarios de la c\u00fapula, estalla el esc\u00e1ndalo del referendo para reformar nuevamente la Constituci\u00f3n Pol\u00edtica en provecho del Mes\u00edas del Ub\u00e9rrimo. Este referendo ha sido cuestionado no s\u00f3lo por sus miles de firmas dolosas, sino tambi\u00e9n por sus cuentas fraudulentas que violaron todos los topes legales de financiaci\u00f3n y por el curioso detalle de una pregunta formulada en t\u00e9rminos tales que la segunda reelecci\u00f3n de Uribe V\u00e9lez s\u00f3lo podr\u00eda darse en el a\u00f1o 2014. Se aprestan entonces a modificar su texto en el Congreso, al tiempo que el andamiaje de la coalici\u00f3n uribista cruje por la natural puja sucesoria y por las deserciones y rupturas. <\/p>\n<p>Por supuesto que el entorno internacional y nacional no favorece los prop\u00f3sitos reeleccionistas del uribismo. La crisis econ\u00f3mica internacional, la derrota de los republicanos en la casa blanca, el congelamiento del TLC con Estados Unidos, el grave deterioro de la situaci\u00f3n material de los colombianos, la esquiva y escasa Inversi\u00f3n Extranjera Directa, los millones de afectados por la reciente crisis de las pir\u00e1mides, las mismas que prosperaron con la abierta complicidad del gobierno y el auge creciente de la movilizaci\u00f3n y la protesta, configuran el duro escenario en el cual el uribismo habr\u00e1 de pretender su tercer mandato. <\/p>\n<p>Las nuevas circunstancias indican que el uribismo, en cabeza de Uribe V\u00e9lez  o alguno de sus v\u00e1lidos, no es inderrotable. Esta posibilidad real pasa, por concretar los llamados a la conformaci\u00f3n de un amplio frente de oposici\u00f3n, que cohesionado bajo un claro programa nacional y democr\u00e1tico y profundamente antineoliberal, logre el aglutinamiento de todos los colombianos realmente dispuestos a cambiar la faz de nuestro pa\u00eds y a ensayar para nuestro pueblo y naci\u00f3n un nuevo destino. <\/p>\n<p>En este sentido, la CUT atender\u00e1 los llamados para que junto con las dem\u00e1s centrales sindicales y nuestras organizaciones filiales, las personalidades y partidos pol\u00edticos de oposici\u00f3n, las organizaciones ind\u00edgenas, agrarias, comunales, estudiantiles, no gubernamentales, empresariales, y dem\u00e1s sectores de la sociedad colombiana, contribuyamos a la conformaci\u00f3n de ese amplio frente patri\u00f3tico. <\/p>\n<p>IV.<\/p>\n<p>La CUT, ha venido cumpliendo un destacado papel en la conducci\u00f3n de la lucha y la movilizaci\u00f3n social. Alentamos y dirigimos el heroico levantamiento del a\u00f1o pasado de los corteros de ca\u00f1a contra las Cooperativas de Trabajo Asociado y la tercerizaci\u00f3n del trabajo y por los derechos elementales que deben ser atinentes a los asalariados. Apoyamos con  decisi\u00f3n la justa batalla de los trabajadores de Asonal Judicial, convocamos y llevamos a cabo la grandiosa jornada de movilizaci\u00f3n del 23 de octubre. Adem\u00e1s, tuvimos papel protag\u00f3nico en las discusiones del salario m\u00ednimo, defendiendo el inter\u00e9s de los millones de trabajadores que dependen de este decreto para determinar sus ingresos y forzando las discusiones hasta el punto que gobierno y empresarios se retiraron de la mesa de concertaci\u00f3n. Esta es la raz\u00f3n por la cual hemos venido rechazando resueltamente la expedici\u00f3n unilateral del decreto por parte del gobierno y demandado la inconstitucionalidad del mismo ante el Consejo de Estado.<\/p>\n<p>Bajo la decisi\u00f3n indeclinable de desarrollar las conclusiones de nuestro V Congreso, seguiremos abogando por la construcci\u00f3n de los sindicatos de industria, continuaremos en la brega por suprimir la tercerizaci\u00f3n del trabajo y por la estabilidad laboral de los miles de trabajadores vinculados bajo la figura de provisionalidad, promoveremos la realizaci\u00f3n de un encuentro nacional de trabajadores tercerizados, continuaremos al frente y asumiremos como propia, la lucha por la defensa de contrataci\u00f3n colectiva de los servidores  p\u00fablicos y ahondaremos en la permanente denuncia al incumplimiento e inocuidad del acuerdo tripartito. <\/p>\n<p>La CUT hace parte del frente de colombianos que exige la culminaci\u00f3n pronta y cumplida de los procesos de verdad, justicia y reparaci\u00f3n de las v\u00edctimas, de tal forma que no se sume una frustraci\u00f3n m\u00e1s a la tragedia de los miles de deudos de la ordal\u00eda de violencia y una desgracia m\u00e1s al desplazamiento forzado que hoy padecen, ante la connivencia oficial, m\u00e1s de cuatro millones de colombianos. En la misma forma que somos partidarios y reclamamos la soluci\u00f3n pol\u00edtica negociada para el conflicto interno y el acuerdo humanitario, exigimos la liberaci\u00f3n inmediata y sin condiciones de todos los secuestrados.<\/p>\n<p>V.<\/p>\n<p>La central y las organizaciones de Derechos Humanos han venido denunciando el incremento de la violaci\u00f3n a los derechos humanos de los sindicalistas y los l\u00edderes sociales. En la medida que se ha dinamizado la protesta social se han multiplicado las amenazas de las \u201c\u00c1guilas Negras\u201d y otros grupos paramilitares con diferentes denominaciones, acciones consecuenciales a la permanente penalizaci\u00f3n de la protesta social y a la estigmatizaci\u00f3n contra el movimiento sindical y social que adelant\u00f3 el mismo presidente y altos funcionarios del estado. El movimiento sindical de la CUT ha continuado las denuncias y seguir\u00e1 moviliz\u00e1ndose contra el genocidio y la crisis humanitaria que viven las organizaciones sindicales y sus dirigentes, la cual se viene profundizando. <\/p>\n<p>Sin embargo, a pesar de todo esto, de manera ins\u00f3lita el Departamento de Estado Norteamericano difunde que en Colombia existen y han mejorado las plenas garant\u00edas para los derechos humanos de los colombianos. La afirmaci\u00f3n se sustenta en las falsas estad\u00edsticas entregadas por el propio gobierno, donde se se\u00f1ala que han descendido los asesinatos de sindicalistas en un 6.2% en el 2008. Esta informaci\u00f3n no refleja la verdadera realidad. Nuestros estudios y seguimientos a la victimizaci\u00f3n del movimiento sindical nos reportan que en el a\u00f1o 2008 fueron asesinados 49 afiliados y dirigentes sindicales en Colombia, los cuales, comparados con los 39 asesinados del a\u00f1o 2007, muestran un claro incremento del 25% en los homicidios. Esto, sin incluir las otras formas de violaci\u00f3n a los derechos humanos de sindicalistas como las amenazas, el desplazamiento forzado, la desaparici\u00f3n, la tortura, la detenci\u00f3n arbitraria, el desconocimiento de las organizaciones sindicales y los allanamientos ilegales, que para el 2008 significaron 564 casos, con un incremento de m\u00e1s del 20%.<\/p>\n","protected":false},"excerpt":{"rendered":"<p>I. En octubre de 2008 colaps\u00f3 la bolsa de Nueva York. Este derrumbe es la prueba del fracaso del modelo neoliberal y de la imposibilidad de que los mercados, sin ninguna intervenci\u00f3n del estado, regulen racionalmente el flujo de los actores econ\u00f3micos. Esta crisis, que ha puesto en entredicho todas las teor\u00edas sobre la globalizaci\u00f3n [&hellip;]<\/p>\n","protected":false},"author":1,"featured_media":0,"comment_status":"open","ping_status":"open","sticky":false,"template":"","format":"standard","meta":{"advanced_seo_description":"","jetpack_seo_html_title":"","jetpack_seo_noindex":false,"_jetpack_memberships_contains_paid_content":false,"footnotes":""},"categories":[7],"tags":[],"class_list":["post-2806","post","type-post","status-publish","format-standard","hentry","category-pronunciamientos-de-organizaciones-sociales"],"jetpack_featured_media_url":"","jetpack-related-posts":[{"id":20137,"url":"https:\/\/moir.com.co\/web\/el-crac-de-los-dragones-fin-de-un-modelo\/","url_meta":{"origin":2806,"position":0},"title":"EL CRAC DE LOS DRAGONES: FIN DE UN MODELO","author":"admin","date":"septiembre 18, 2004","format":false,"excerpt":"Libardo Botero En los \u00faltimos meses el fraude del modelo de desarrollo de los dragones asi\u00e1ticos, montado por los ide\u00f3logos de los grandes monopolios, ha quedado en evidencia y se desploma como un castillo de naipes. Durante los a\u00f1os ochenta se promocion\u00f3 la imagen del supuesto milagro econ\u00f3mico de Corea\u2026","rel":"","context":"En \u00abTribuna Roja N\u00ba 75; enero 26 de 1998\u00bb","block_context":{"text":"Tribuna Roja N\u00ba 75; enero 26 de 1998","link":"https:\/\/moir.com.co\/web\/category\/tribuna-roja\/ediciones-1995-1999\/tribuna-roja-no-75-enero-26-de-1998\/"},"img":{"alt_text":"","src":"","width":0,"height":0},"classes":[]},{"id":9706,"url":"https:\/\/moir.com.co\/web\/obamanomics\/","url_meta":{"origin":2806,"position":1},"title":"&#8216;Obamanomics&#8217;","author":"admin","date":"octubre 13, 2015","format":false,"excerpt":"EE. UU. empez\u00f3 a recoger los d\u00f3lares diseminados y sacudir\u00e1 las dem\u00e1s econom\u00edas, empezando por China. Muchos analistas, para explicar la desaceleraci\u00f3n econ\u00f3mica nacional, encuentran razones en los d\u00e9ficits recurrentes en cuentas externas y fiscales, en la ca\u00edda de la industria, de la miner\u00eda, de los hidrocarburos y del agro,\u2026","rel":"","context":"En \u00abAurelio Su\u00e1rez Montoya\u00bb","block_context":{"text":"Aurelio Su\u00e1rez Montoya","link":"https:\/\/moir.com.co\/web\/category\/bitacoras\/aurelio-suarez-montoya\/"},"img":{"alt_text":"","src":"","width":0,"height":0},"classes":[]},{"id":4651,"url":"https:\/\/moir.com.co\/web\/el-casino-mundial\/","url_meta":{"origin":2806,"position":2},"title":"El casino mundial","author":"admin","date":"agosto 16, 2010","format":false,"excerpt":"Para empezar, es bueno citar lo dicho por John Maynard Keynes en 1936: \u201cLos especuladores no causan ning\u00fan da\u00f1o si son burbujas en una tranquila corriente de empresas. Pero el asunto se vuelve serio cuando las empresas constituyen la burbuja en un torbellino de especulaci\u00f3n. Las cosas est\u00e1n muy mal\u2026","rel":"","context":"En \u00abRevista de Prensa\u00bb","block_context":{"text":"Revista de Prensa","link":"https:\/\/moir.com.co\/web\/category\/prensa\/revista-de-prensa\/"},"img":{"alt_text":"","src":"","width":0,"height":0},"classes":[]},{"id":3277,"url":"https:\/\/moir.com.co\/web\/se-derrumba-la-industria-textil-nacional\/","url_meta":{"origin":2806,"position":3},"title":"SE DERRUMBA LA INDUSTRIA TEXTIL NACIONAL","author":"admin","date":"julio 13, 2009","format":false,"excerpt":"Luego de la quiebra de Coltejer, contin\u00faa la agon\u00eda de la industria textil colombiana como consecuencia de las pol\u00edticas neoliberales. El nuevo golpe lo constituye la liquidaci\u00f3n de Textiles Espinal S.A. y C.I. Fatextol, empresas del Tolima. La medida deja sin trabajo a 750 trabajadores, agravando la situaci\u00f3n de desempleo\u2026","rel":"","context":"En \u00abJorge Enrique Robledo\u00bb","block_context":{"text":"Jorge Enrique Robledo","link":"https:\/\/moir.com.co\/web\/category\/jorge-enrique-robledo\/"},"img":{"alt_text":"","src":"","width":0,"height":0},"classes":[]},{"id":2744,"url":"https:\/\/moir.com.co\/web\/frente-a-la-crisis-economica-estados-unidos-rescate-financiero-colombia-derrumbe-productivo\/","url_meta":{"origin":2806,"position":4},"title":"Frente a la crisis econ\u00f3mica: Estados Unidos, \u201crescate financiero\u201d; Colombia, derrumbe productivo","author":"admin","date":"febrero 21, 2009","format":false,"excerpt":"\u201cDe todas las crisis que se han vivido, la que puede producirse en Estados Unidos como fruto de la recesi\u00f3n ser\u00eda, de hecho, la de mayor impacto pernicioso en todo el mundo\u201d. Estas palabras de H\u00e9ctor Valencia en 2001, entonces secretario general del MOIR, resultaron premonitorias. As\u00ed lo ratifican los\u2026","rel":"","context":"En \u00abTemas\u00bb","block_context":{"text":"Temas","link":"https:\/\/moir.com.co\/web\/category\/temas\/"},"img":{"alt_text":"","src":"","width":0,"height":0},"classes":[]},{"id":21348,"url":"https:\/\/moir.com.co\/web\/frente-a-la-crisis-economica-estados-unidos-rescate-financiero-colombia-derrumbe-productivo-2\/","url_meta":{"origin":2806,"position":5},"title":"Frente a la crisis econ\u00f3mica: Estados Unidos, \u201crescate financiero\u201d; Colombia, derrumbe productivo","author":"admin","date":"febrero 21, 2009","format":false,"excerpt":"\u201cDe todas las crisis que se han vivido, la que puede producirse en Estados Unidos como fruto de la recesi\u00f3n ser\u00eda, de hecho, la de mayor impacto pernicioso en todo el mundo\u201d. Estas palabras de H\u00e9ctor Valencia en 2001, entonces secretario general del MOIR, resultaron premonitorias. As\u00ed lo ratifican los\u2026","rel":"","context":"En \u00abTribuna Roja N\u00ba 107, febrero 19 de 2009\u00bb","block_context":{"text":"Tribuna Roja N\u00ba 107, febrero 19 de 2009","link":"https:\/\/moir.com.co\/web\/category\/tribuna-roja\/ediciones-2005-2009\/tribuna-roja-no-107-febrero-19-de-2009\/"},"img":{"alt_text":"","src":"","width":0,"height":0},"classes":[]}],"jetpack_sharing_enabled":true,"_links":{"self":[{"href":"https:\/\/moir.com.co\/web\/wp-json\/wp\/v2\/posts\/2806","targetHints":{"allow":["GET"]}}],"collection":[{"href":"https:\/\/moir.com.co\/web\/wp-json\/wp\/v2\/posts"}],"about":[{"href":"https:\/\/moir.com.co\/web\/wp-json\/wp\/v2\/types\/post"}],"author":[{"embeddable":true,"href":"https:\/\/moir.com.co\/web\/wp-json\/wp\/v2\/users\/1"}],"replies":[{"embeddable":true,"href":"https:\/\/moir.com.co\/web\/wp-json\/wp\/v2\/comments?post=2806"}],"version-history":[{"count":0,"href":"https:\/\/moir.com.co\/web\/wp-json\/wp\/v2\/posts\/2806\/revisions"}],"wp:attachment":[{"href":"https:\/\/moir.com.co\/web\/wp-json\/wp\/v2\/media?parent=2806"}],"wp:term":[{"taxonomy":"category","embeddable":true,"href":"https:\/\/moir.com.co\/web\/wp-json\/wp\/v2\/categories?post=2806"},{"taxonomy":"post_tag","embeddable":true,"href":"https:\/\/moir.com.co\/web\/wp-json\/wp\/v2\/tags?post=2806"}],"curies":[{"name":"wp","href":"https:\/\/api.w.org\/{rel}","templated":true}]}}