{"id":2615,"date":"2008-12-05T19:30:36","date_gmt":"2008-12-05T19:30:36","guid":{"rendered":"https:\/\/moir.org.co\/web\/la-situacion-social-puede-estallar-el-ano-entrante-tarsicio-mora\/"},"modified":"2008-12-05T19:30:36","modified_gmt":"2008-12-05T19:30:36","slug":"la-situacion-social-puede-estallar-el-ano-entrante-tarsicio-mora","status":"publish","type":"post","link":"https:\/\/moir.com.co\/web\/la-situacion-social-puede-estallar-el-ano-entrante-tarsicio-mora\/","title":{"rendered":"&#8216;La situaci\u00f3n social puede estallar el a\u00f1o entrante&#8217;: Tarsicio Mora"},"content":{"rendered":"<p><b>Entrevista a Tarcisio Mora, presidente de la CUT, Revista Cambio, Bogot\u00e1, diciembre 4 de 2008<\/b><\/p>\n<p>En entrevista con la revista Cambio, el presidente de la Central Unitaria de Trabajadores (CUT) explica porqu\u00e9 los trabajadores colombianos ganaron este a\u00f1o mucho menos que el a\u00f1o pasado. Habla del aumento salarial y acusa al ex ministro Carrasquilla de pensar m\u00e1s en los intereses del FMI y de &#8220;cambiar de overol en segundos&#8221; sin que nada pase.<\/p>\n<p> &#8220;El criterio no puede ser que los trabajadores aporten en \u00e9poca de vacas flacas y en \u00e9poca de vacas gordas la leche se la tomen los empresarios&#8221;, advierte.<\/p>\n<p>1. \u00bfPedir aumento del 15 por ciento del salario m\u00ednimo no es mucho, si se tiene en cuenta que este a\u00f1o fue de poco m\u00e1s del 6 por ciento?<\/p>\n<p>T.M.: Los empresarios siempre dir\u00e1n que lo que piden los trabajadores es desbordado, pero el m\u00ednimo perdi\u00f3 este a\u00f1o cerca del 18 por ciento en su valor adquisitivo. Es decir, el aumento ya fue absorbido por el costo de vida. En t\u00e9rminos reales, los trabajadores ganan menos este a\u00f1o que el a\u00f1o pasado.<\/p>\n<p>2. El ex ministro de Hacienda Alberto Carrasquilla dice que el m\u00ednimo debe ser rebajado&#8230;<\/p>\n<p>\u00c9l est\u00e1 pensando m\u00e1s en el Fondo Monetario Internacional que en Colombia. Todos esos funcionarios cambian de overol en segundos y no pasa nada. Esa es una vieja pretensi\u00f3n del FMI.<\/p>\n<p>3. Pero la realidad econ\u00f3mica mundial es de recesi\u00f3n y la crisis afecta a Colombia.<\/p>\n<p>Si hablamos de realidad tenemos que decir que los empresarios han sido desleales con los empleados. Es a los \u00fanicos que les ha ido bien y por eso est\u00e1n empe\u00f1ados en una segunda reelecci\u00f3n. Cuando hubo bonanza -en los \u00faltimos a\u00f1os el crecimiento promedio fue del 8 por ciento- nunca socializaron sus ganancias. Amasaron riqueza en detrimento de los trabajadores. La sola reforma laboral les produjo 2,5 billones de pesos por la eliminaci\u00f3n de cuatro horas extras nocturnas. Estamos hablando casi de enriquecimiento il\u00edcito, pues no crearon los 700.000 empleos que exig\u00eda la ley, y el Gobierno no hizo nada para hacerla cumplir. Est\u00e1n acostumbrados a socializar las p\u00e9rdidas y a privatizar las ganancias.<\/p>\n<p>4. Las centrales obreras no pueden desconocer la crisis global.<\/p>\n<p>El propio ministro de Hacienda ha dicho que la econom\u00eda nacional est\u00e1 blindada. Si es as\u00ed, \u00bfpor qu\u00e9 ponen el grito en el cielo a la hora de hablar del aumento salarial y de equidad social? El criterio no puede ser que los trabajadores aporten en \u00e9poca de vacas flacas y en \u00e9poca de vacas gordas la leche se la tomen los empresarios.<\/p>\n<p>5. \u00bfC\u00f3mo les ha ido a los trabajadores con Uribe?<\/p>\n<p>Mal. En los a\u00f1os de crecimiento de la econom\u00eda no hubo pol\u00edticas de desarrollo industrial, de sostenimiento del empleo, de bienestar para la poblaci\u00f3n. En Espa\u00f1a, el gobierno de Rodr\u00edguez Zapatero acaba de destinar 11.000 millones de euros para defender 300.000 empleos. En Inglaterra acaban de bajar el IVA del 17,5 por ciento a 15 por ciento. Mientras que en Colombia quieren rebajar el m\u00ednimo.<\/p>\n<p>6. \u00bfQu\u00e9 opina de los subsidios directos que entrega el Presidente por medio de programas como Familias en Acci\u00f3n?<\/p>\n<p>El Presidente reparte cheques con criterio pol\u00edtico, pero eso no desarrolla un modelo productivo sino que crea dependencia. La plata no hay que repartirla por repartirla, lo que pedimos es que haya pol\u00edticas de desarrollo.<\/p>\n<p>7. \u00bfPor qu\u00e9 da la impresi\u00f3n de que las centrales obreras solo aparecen en diciembre para discutir el salario m\u00ednimo?<\/p>\n<p>Porque el Gobierno no nos atiende, por eso queremos que la mesa de concertaci\u00f3n obedezca a una pol\u00edtica de Estado, que no se re\u00fana solo en diciembre y que tenga seguimiento mensual. Se necesita una mesa con agenda establecida para demostrar que los problemas pueden arreglarse de manera concertada entre empresarios, Gobierno y trabajadores. Si la mesa funciona, no habr\u00eda paros.<\/p>\n<p>8. \u00bfQu\u00e9 m\u00e1s van a pedir?<\/p>\n<p>El Gobierno ha dirigido el pa\u00eds con criterios de guerra en estos seis a\u00f1os y dice que derrot\u00f3 a las Farc y a los paramilitares, y que la Seguridad Democr\u00e1tica gener\u00f3 inversi\u00f3n. Si es as\u00ed, lo que viene debe ser inversi\u00f3n social. El Gobierno debe garantizar el cumplimiento del pago del salario m\u00ednimo, porque de ocho millones de trabajadores solo impacta a tres millones. Los dem\u00e1s ganan mucho menos.<\/p>\n<p>9. Parece muy pesimista.<\/p>\n<p>Con Uribe nos ha ido muy mal. Hoy en Colombia es m\u00e1s f\u00e1cil sacarle personer\u00eda jur\u00eddica a una \u2019pir\u00e1mide\u2019 que a un sindicato. No hay que olvidar que m\u00e1s de una vez nos han tildado de terroristas.<\/p>\n<p>10. \u00bfC\u00f3mo ve el a\u00f1o que viene?<\/p>\n<p>Debemos discutir los temas sociales con la idea de que todos ganemos. Si no es as\u00ed, la situaci\u00f3n social puede estallar como una bomba de tiempo. Por lo pronto, los ind\u00edgenas, los campesinos, los trabajadores y los estudiantes vamos a reunirnos en febrero de 2009 en La Mar\u00eda, Cauca, para organizarnos. No tenemos m\u00e1s armas que la protesta para luchar por un pa\u00eds que hoy est\u00e1 vendido, empe\u00f1ado y rifado.<\/p>\n","protected":false},"excerpt":{"rendered":"<p>Entrevista a Tarcisio Mora, presidente de la CUT, Revista Cambio, Bogot\u00e1, diciembre 4 de 2008 En entrevista con la revista Cambio, el presidente de la Central Unitaria de Trabajadores (CUT) explica porqu\u00e9 los trabajadores colombianos ganaron este a\u00f1o mucho menos que el a\u00f1o pasado. Habla del aumento salarial y acusa al ex ministro Carrasquilla de [&hellip;]<\/p>\n","protected":false},"author":1,"featured_media":0,"comment_status":"open","ping_status":"open","sticky":false,"template":"","format":"standard","meta":{"advanced_seo_description":"","jetpack_seo_html_title":"","jetpack_seo_noindex":false,"_jetpack_memberships_contains_paid_content":false,"footnotes":""},"categories":[7],"tags":[],"class_list":["post-2615","post","type-post","status-publish","format-standard","hentry","category-pronunciamientos-de-organizaciones-sociales"],"jetpack_featured_media_url":"","jetpack-related-posts":[{"id":20158,"url":"https:\/\/moir.com.co\/web\/entrevista-a-jose-amado-vicepresidente-de-acopi-santander-desesperada-situacion-de-la-pequena-industria\/","url_meta":{"origin":2615,"position":0},"title":"Entrevista a Jos\u00e9 Amado, vicepresidente de Acopi Santander: DESESPERADA SITUACI\u00d3N DE LA PEQUE\u00d1A INDUSTRIA","author":"admin","date":"septiembre 22, 2004","format":false,"excerpt":"(En la revista Deslinde, n\u00famero 24, mayo-junio de 1999, se publica la siguiente entrevista con el dirigente de la industria del calzado en Santander y uno de los principales promotores de la lucha de los peque\u00f1os y medianos empresarios). DESLINDE: \u00bfCu\u00e1les son las manifestaciones de la crisis de la peque\u00f1a\u2026","rel":"","context":"En \u00abTribuna Roja N\u00ba 77; junio 8 de 1999\u00bb","block_context":{"text":"Tribuna Roja N\u00ba 77; junio 8 de 1999","link":"https:\/\/moir.com.co\/web\/category\/tribuna-roja\/ediciones-1995-1999\/tribuna-roja-no-77-junio-8-de-1999\/"},"img":{"alt_text":"","src":"","width":0,"height":0},"classes":[]},{"id":4450,"url":"https:\/\/moir.com.co\/web\/gobierno-de-colombia-acepto-sancion-en-la-oit-reconocio-la-grave-situacion-de-las-libertades-sindicales-en-colombia\/","url_meta":{"origin":2615,"position":1},"title":"Gobierno de Colombia acept\u00f3 sanci\u00f3n en la OIT: Reconoci\u00f3 la grave situaci\u00f3n de las libertades sindicales en Colombia","author":"admin","date":"junio 7, 2010","format":false,"excerpt":"Para evitar un debate este a\u00f1o en la Comisi\u00f3n de Normas de la OIT, el gobierno colombiano acept\u00f3 una sanci\u00f3n que consiste en recibir una Misi\u00f3n Tripartita de Alto Nivel de la OIT, reconociendo con ello que la situaci\u00f3n de las libertades sindicales en Colombia no ha mejorado. Como se\u2026","rel":"","context":"En \u00abPronunciamientos de Organizaciones Sociales\u00bb","block_context":{"text":"Pronunciamientos de Organizaciones Sociales","link":"https:\/\/moir.com.co\/web\/category\/pronunciamientos-de-organizaciones-sociales\/"},"img":{"alt_text":"","src":"","width":0,"height":0},"classes":[]},{"id":3022,"url":"https:\/\/moir.com.co\/web\/conflicto-laboral-en-uraba-entrevista-a-guillermo-rivera-presidente-de-sintrainagro\/","url_meta":{"origin":2615,"position":2},"title":"Conflicto laboral en Urab\u00e1: Entrevista a Guillermo Rivera, Presidente de SINTRAINAGRO","author":"admin","date":"abril 26, 2009","format":false,"excerpt":"Entre hoy y el 4 de mayo podr\u00eda declararse la hora cero para el inicio de la huelga en la zona bananera de Urab\u00e1, luego de que el pasado mi\u00e9rcoles la votaran por unanimidad m\u00e1s de 14 mil trabajadores que acudieron a las urnas en las 280 fincas de la\u2026","rel":"","context":"En \u00abPronunciamientos de Organizaciones Sociales\u00bb","block_context":{"text":"Pronunciamientos de Organizaciones Sociales","link":"https:\/\/moir.com.co\/web\/category\/pronunciamientos-de-organizaciones-sociales\/"},"img":{"alt_text":"","src":"","width":0,"height":0},"classes":[]},{"id":2592,"url":"https:\/\/moir.com.co\/web\/el-gobierno-sigue-en-las-mismas-pese-al-cambio-del-panorama-petrolero-afirmo-robledo\/","url_meta":{"origin":2615,"position":3},"title":"EL GOBIERNO SIGUE EN LAS MISMAS PESE AL CAMBIO DEL PANORAMA PETROLERO, AFIRM\u00d3 ROBLEDO","author":"admin","date":"noviembre 18, 2008","format":false,"excerpt":"Oficina de Prensa Senador Jorge Enrique Robledo, Bogot\u00e1, 18 de noviembre de 2008 El pa\u00eds est\u00e1 perdiendo la autosuficiencia petrolera, al pasar de 1.632 millones de barriles en 2002 a 1.358 millones en la actualidad, prueba irrefutable de lo desacertado de la pol\u00edtica oficial, dijo hoy el senador Jorge Enrique\u2026","rel":"","context":"En \u00abJorge Enrique Robledo\u00bb","block_context":{"text":"Jorge Enrique Robledo","link":"https:\/\/moir.com.co\/web\/category\/jorge-enrique-robledo\/"},"img":{"alt_text":"","src":"","width":0,"height":0},"classes":[]},{"id":2506,"url":"https:\/\/moir.com.co\/web\/la-cut-respalda-paro-de-los-corteros-de-cana\/","url_meta":{"origin":2615,"position":4},"title":"LA CUT RESPALDA PARO DE LOS CORTEROS DE CA\u00d1A","author":"admin","date":"septiembre 15, 2008","format":false,"excerpt":"Central Unitaria de Trabajadores, CUT, Bogot\u00e1, septiembre 15 de 2008 Cerca de 10 mil trabajadores de siembra, campo, cosecha y f\u00e1brica al servicio de la industria azucarera de los Departamento del Valle del Cauca, Risaralda y Cauca, iniciaron un PARO indefinido de actividades, el 15 de septiembre de 2008, solicitando\u2026","rel":"","context":"En \u00abPronunciamientos de Organizaciones Sociales\u00bb","block_context":{"text":"Pronunciamientos de Organizaciones Sociales","link":"https:\/\/moir.com.co\/web\/category\/pronunciamientos-de-organizaciones-sociales\/"},"img":{"alt_text":"","src":"","width":0,"height":0},"classes":[]},{"id":7936,"url":"https:\/\/moir.com.co\/web\/por-la-defensa-de-los-trabajadores-y-el-pueblo\/","url_meta":{"origin":2615,"position":5},"title":"Por la defensa de los trabajadores y el pueblo","author":"admin","date":"septiembre 25, 2013","format":false,"excerpt":"Cofundador de la Central Unitaria de Trabajadores (CUT) en 1986, Luis Alejandro Pedraza ha tenido un pensamiento y una praxis que registran la porfiaba convicci\u00f3n de que el movimiento obrero debe actuar m\u00e1s all\u00e1 del convenio colectivo, all\u00ed donde el corporativismo sindical se encapsula y se esconde de la sociedad.\u2026","rel":"","context":"En \u00abPronunciamientos de Organizaciones Sociales\u00bb","block_context":{"text":"Pronunciamientos de Organizaciones Sociales","link":"https:\/\/moir.com.co\/web\/category\/pronunciamientos-de-organizaciones-sociales\/"},"img":{"alt_text":"","src":"","width":0,"height":0},"classes":[]}],"jetpack_sharing_enabled":true,"_links":{"self":[{"href":"https:\/\/moir.com.co\/web\/wp-json\/wp\/v2\/posts\/2615","targetHints":{"allow":["GET"]}}],"collection":[{"href":"https:\/\/moir.com.co\/web\/wp-json\/wp\/v2\/posts"}],"about":[{"href":"https:\/\/moir.com.co\/web\/wp-json\/wp\/v2\/types\/post"}],"author":[{"embeddable":true,"href":"https:\/\/moir.com.co\/web\/wp-json\/wp\/v2\/users\/1"}],"replies":[{"embeddable":true,"href":"https:\/\/moir.com.co\/web\/wp-json\/wp\/v2\/comments?post=2615"}],"version-history":[{"count":0,"href":"https:\/\/moir.com.co\/web\/wp-json\/wp\/v2\/posts\/2615\/revisions"}],"wp:attachment":[{"href":"https:\/\/moir.com.co\/web\/wp-json\/wp\/v2\/media?parent=2615"}],"wp:term":[{"taxonomy":"category","embeddable":true,"href":"https:\/\/moir.com.co\/web\/wp-json\/wp\/v2\/categories?post=2615"},{"taxonomy":"post_tag","embeddable":true,"href":"https:\/\/moir.com.co\/web\/wp-json\/wp\/v2\/tags?post=2615"}],"curies":[{"name":"wp","href":"https:\/\/api.w.org\/{rel}","templated":true}]}}