{"id":2611,"date":"2008-12-04T15:56:13","date_gmt":"2008-12-04T15:56:13","guid":{"rendered":"https:\/\/moir.org.co\/web\/exitosa-inauguracion-de-la-escuela-de-formacion-sindical-y-politica-raul-eduardo-mahecha\/"},"modified":"2008-12-04T15:56:13","modified_gmt":"2008-12-04T15:56:13","slug":"exitosa-inauguracion-de-la-escuela-de-formacion-sindical-y-politica-raul-eduardo-mahecha","status":"publish","type":"post","link":"https:\/\/moir.com.co\/web\/exitosa-inauguracion-de-la-escuela-de-formacion-sindical-y-politica-raul-eduardo-mahecha\/","title":{"rendered":"EXITOSA INAUGURACI\u00d3N DE LA ESCUELA DE FORMACI\u00d3N SINDICAL Y POL\u00cdTICA \u201cRA\u00daL EDUARDO MAHECHA\u201d"},"content":{"rendered":"<p><b>Bogot\u00e1, noviembre 4 de 2008<\/b><\/p>\n<p>Con la asistencia de m\u00e1s de dos centenares de invitados se inaugur\u00f3 ayer oficialmente en Bogot\u00e1 la Escuela de Formaci\u00f3n Sindical y Pol\u00edtica \u201cRa\u00fal Eduardo Mahecha\u201d, creada por iniciativa de un grupo de dirigentes sindicales de organizaciones nacionales y regionales con asiento en la capital, en asocio con profesionales del derecho, acad\u00e9micos e intelectuales, con el prop\u00f3sito de contribuir al examen cient\u00edfico de los sucesos que ata\u00f1en a la vida de los trabajadores y de toda la sociedad en su conjunto, e impulsar la formaci\u00f3n y capacitaci\u00f3n en torno del papel revolucionario, las circunstancias y el rumbo hist\u00f3rico de la clase obrera, a trav\u00e9s de programas acad\u00e9micos que ser\u00e1n ofrecidos a las organizaciones sindicales y sociales interesadas en proporcionar a sus dirigentes y militantes el bagaje de conocimientos que requieren para contribuir en mejor forma a las tareas hist\u00f3ricas de transformaci\u00f3n profunda de nuestra sociedad.<\/p>\n<p>El acto de inauguraci\u00f3n estuvo encabezado por una Mesa de Honor integrada por el abogado Manuel Sarmiento, presidente de la Junta Directiva de la Escuela, el senador Jorge Enrique Robledo, el exmagistrado del Consejo de Estado Jaime Moreno Garc\u00eda, el exsenador y directivo de la Universidad Libre Alfonso Santos Montero, la presidenta de SINTIES Claudia Camacho, la dirigente sindical Luz Mar\u00eda Correal, la dirigente Mar\u00eda Tila Uribe de Trujillo, el presidente de ASPROUL Francisco Lafont y el periodista Gabriel Fonnegra<\/p>\n<p>Entre los asistentes se cont\u00f3 con la presencia de los abogados Graciela de Moreno, Jaime Cer\u00f3n, Rafael Ball\u00e9n, Juan Camilo Castellanos, Ram\u00f3n Paba, Edgar Pi\u00f1eros; los dirigentes sindicales Luis Alejandro Pedraza, Ra\u00fal Arroyave y Di\u00f3genes Orjuela de la CUT, El\u00edas Fonseca y \u00c1lvaro Morales de FECODE, Germ\u00e1n Osman y Julio D\u00edaz de la USO, Sa\u00fal Acevedo de Sintratel\u00e9fonos, Edgar Aldana de Sintraprevi, Luis Alfredo S\u00e1nchez de ACEB, Mar\u00eda Eva Villate de Sintradefensor\u00eda, Marta Castilla de la CTC y COMUANDE, Marco Antonio Garc\u00eda de Sintraomnitempus, Lola Jaramillo de Sintracor, Mauricio Urrego del sindicato del Centro Colombo-Americano, Luis Eduardo D\u00edaz y Uriel Angulo de Sintraemsdes; el director de FESCOL Miguel Eduardo C\u00e1rdenas, el Asesor sindical Jorge Villada, el exconcejal de Bogot\u00e1 Bruno D\u00edaz y muchas otras personas cercanas al mundo sindical y acad\u00e9mico. <\/p>\n<p>La presentaci\u00f3n del acto estuvo a cargo de Winston Petro, miembro del Comit\u00e9 Ejecutivo de la CUT Bogot\u00e1 y Fiscal de la Junta Directiva de la reci\u00e9n nacida escuela sindical, quien en medio de una caracterizaci\u00f3n del momento pol\u00edtico y sindical que se vive en Colombia, expuso los motivos que llevaron a los fundadores a cristalizar el proyecto y puso a disposici\u00f3n de los asistentes los servicios de la nueva instituci\u00f3n. Destac\u00f3 la importancia que reviste el nombre que se dio a la escuela, en homenaje a uno de los m\u00e1s importantes dirigentes de los obreros colombianos en los albores del movimiento sindical y de las luchas pol\u00edticas con contenido de clase, Ra\u00fal Eduardo Mahecha, quien contribuy\u00f3 tambi\u00e9n a la organizaci\u00f3n y lucha de los trabajadores bananeros y fue uno de los denunciantes m\u00e1s agudos de la masacre que el gobierno y el ej\u00e9rcito colombiano, coludidos con la empresa norteamericana United Fruit Company, perpetraron contra los obreros de esa multinacional hace 80 a\u00f1os.<\/p>\n<p>Precisamente sobre la lucha heroica de esos trabajadores y la masacre ejecutada contra ellos vers\u00f3 la muy documentada exposici\u00f3n central del evento, que estuvo a cargo del periodista Gabriel Fonnegra. Momentos emotivos se vivieron en el acto de inauguraci\u00f3n de la Escuela con el testimonio de Mar\u00eda Tila Uribe de Trujillo, hija del dirigente Tom\u00e1s Uribe M\u00e1rquez, compa\u00f1ero de luchas de Ra\u00fal Eduardo Mahecha y de Mar\u00eda Cano M\u00e1rquez, de quien el primero era primo hermano. En breve intervenci\u00f3n, Mar\u00eda Tila narr\u00f3 experiencias que alcanz\u00f3 a vivir, cuando en su ni\u00f1ez fue testigo de excepci\u00f3n de la febril actividad revolucionaria que desarrollaba su padre, al lado de sus compa\u00f1eros de mil batallas. Un corto video alusivo a la masacre de las bananeras y varias piezas musicales interpretadas por el grupo Pentagrama, le proporcionaron un adecuado marco cultural a este evento.<\/p>\n","protected":false},"excerpt":{"rendered":"<p>Bogot\u00e1, noviembre 4 de 2008 Con la asistencia de m\u00e1s de dos centenares de invitados se inaugur\u00f3 ayer oficialmente en Bogot\u00e1 la Escuela de Formaci\u00f3n Sindical y Pol\u00edtica \u201cRa\u00fal Eduardo Mahecha\u201d, creada por iniciativa de un grupo de dirigentes sindicales de organizaciones nacionales y regionales con asiento en la capital, en asocio con profesionales del [&hellip;]<\/p>\n","protected":false},"author":1,"featured_media":0,"comment_status":"open","ping_status":"open","sticky":false,"template":"","format":"standard","meta":{"advanced_seo_description":"","jetpack_seo_html_title":"","jetpack_seo_noindex":false,"_jetpack_memberships_contains_paid_content":false,"footnotes":""},"categories":[7],"tags":[],"class_list":["post-2611","post","type-post","status-publish","format-standard","hentry","category-pronunciamientos-de-organizaciones-sociales"],"jetpack_featured_media_url":"","jetpack-related-posts":[{"id":4684,"url":"https:\/\/moir.com.co\/web\/el-senador-jorge-enrique-robledo-y-maria-antonieta-cano-en-la-primera-conferencia-del-cursillo-sindical-para-maestros-que-la-escuela-sindical-raul-eduardo-mahecha-ha-programado-en-bogota\/","url_meta":{"origin":2611,"position":0},"title":"El senador Jorge Enrique Robledo y Mar\u00eda Antonieta Cano en la primera conferencia del cursillo sindical para maestros que la Escuela Sindical Ra\u00fal Eduardo Mahecha ha programado en Bogot\u00e1","author":"admin","date":"agosto 21, 2010","format":false,"excerpt":"","rel":"","context":"En \u00abGaler\u00edas\u00bb","block_context":{"text":"Galer\u00edas","link":"https:\/\/moir.com.co\/web\/category\/multimedia\/galerias\/"},"img":{"alt_text":"","src":"","width":0,"height":0},"classes":[]},{"id":3370,"url":"https:\/\/moir.com.co\/web\/se-posesiono-el-diputado-jorge-alberto-gomez-gallego\/","url_meta":{"origin":2611,"position":1},"title":"SE POSESION\u00d3 EL DIPUTADO JORGE ALBERTO G\u00d3MEZ GALLEGO","author":"admin","date":"agosto 9, 2009","format":false,"excerpt":"El d\u00eda jueves 6 de agosto tom\u00f3 posesi\u00f3n del cargo de Diputado el dirigente nacional y departamental del POLO DEMOCR\u00c1TICO ALTERNATIVO, Jorge Alberto G\u00f3mez Gallego, en reemplazo de Gabriel Manrique, quien renunci\u00f3 para aspirar a una curul en la C\u00e1mara de Representantes. El nuevo diputado es fundador del POLO, ha\u2026","rel":"","context":"En \u00abPolo Democr\u00e1tico Alternativo\u00bb","block_context":{"text":"Polo Democr\u00e1tico Alternativo","link":"https:\/\/moir.com.co\/web\/category\/polo-democratico-alternativo\/"},"img":{"alt_text":"","src":"","width":0,"height":0},"classes":[]},{"id":2815,"url":"https:\/\/moir.com.co\/web\/decreto-53509-una-mas-al-estilo-uribista\/","url_meta":{"origin":2611,"position":2},"title":"DECRETO 535\/09: UNA M\u00c1S AL ESTILO URIBISTA","author":"admin","date":"marzo 13, 2009","format":false,"excerpt":"Luego de m\u00e1s de un a\u00f1o largo durante el cual el Ministerio de la Protecci\u00f3n Social habl\u00f3 de que se encontraba \u201ccasi listo\u201d el decreto reglamentario de la negociaci\u00f3n colectiva para los empleados p\u00fablicos, el gobierno, invocando el Convenio 151 de OIT que estipula esa negociaci\u00f3n especial, acaba de expedir\u2026","rel":"","context":"En \u00abTemas\u00bb","block_context":{"text":"Temas","link":"https:\/\/moir.com.co\/web\/category\/temas\/"},"img":{"alt_text":"","src":"","width":0,"height":0},"classes":[]},{"id":5218,"url":"https:\/\/moir.com.co\/web\/a-modo-de-elegia-en-la-muerte-de-raul-arroyave\/","url_meta":{"origin":2611,"position":3},"title":"A modo de eleg\u00eda: En la muerte de Ra\u00fal Arroyave","author":"admin","date":"enero 27, 2011","format":false,"excerpt":"C\u00f3mo te vas en este momento Ra\u00fal. No te pod\u00edas haber ido ahora. Era aqu\u00ed cuando m\u00e1s te necesit\u00e1bamos. Hac\u00edas parte del Ejecutivo Central. Dirig\u00edas la Comisi\u00f3n Obrera. Ocupabas la secretar\u00eda internacional de la CUT. Trabajabas conmigo en la Escuela. Te necesitaba el Polo y te necesitaba Bogot\u00e1. Hab\u00edamos comenzado\u2026","rel":"","context":"En \u00abJos\u00e9 Fernando Ocampo\u00bb","block_context":{"text":"Jos\u00e9 Fernando Ocampo","link":"https:\/\/moir.com.co\/web\/category\/bitacoras\/jose-fernando-ocampo\/"},"img":{"alt_text":"","src":"","width":0,"height":0},"classes":[]},{"id":22814,"url":"https:\/\/moir.com.co\/web\/cien-anos-de-la-uso-el-sindicato-de-los-trabajadores-petroleros-que-abrio-el-camino-en-colombia\/","url_meta":{"origin":2611,"position":4},"title":"Cien a\u00f1os de la USO, el sindicato de los trabajadores petroleros que abri\u00f3 el camino en Colombia","author":"admin","date":"marzo 22, 2023","format":false,"excerpt":"Cien a\u00f1os de la USO, el sindicato de los trabajadores petroleros que abri\u00f3 el camino en Colombia Compartir publicaci\u00f3n Imagen tomada de Las Dos OrillasRosa Chamorro, tomado de Las Dos OrillasNaci\u00f3 clandestinamente en 1923 en Barrancabermeja y ha marcado la lucha sindical en Colombia tal como cuenta Gustavo Triana, uno\u2026","rel":"","context":"En \u00abGustavo Triana\u00bb","block_context":{"text":"Gustavo Triana","link":"https:\/\/moir.com.co\/web\/category\/bitacoras\/gustavo-triana\/"},"img":{"alt_text":"","src":"https:\/\/i0.wp.com\/moir.com.co\/web\/wp-content\/uploads\/2023\/03\/USO.webp?fit=1200%2C630&ssl=1&resize=350%2C200","width":350,"height":200,"srcset":"https:\/\/i0.wp.com\/moir.com.co\/web\/wp-content\/uploads\/2023\/03\/USO.webp?fit=1200%2C630&ssl=1&resize=350%2C200 1x, https:\/\/i0.wp.com\/moir.com.co\/web\/wp-content\/uploads\/2023\/03\/USO.webp?fit=1200%2C630&ssl=1&resize=525%2C300 1.5x, https:\/\/i0.wp.com\/moir.com.co\/web\/wp-content\/uploads\/2023\/03\/USO.webp?fit=1200%2C630&ssl=1&resize=700%2C400 2x, https:\/\/i0.wp.com\/moir.com.co\/web\/wp-content\/uploads\/2023\/03\/USO.webp?fit=1200%2C630&ssl=1&resize=1050%2C600 3x"},"classes":[]},{"id":5668,"url":"https:\/\/moir.com.co\/web\/carta-abierta-sobre-el-plan-de-accion-para-el-tlc-con-estados-unidos\/","url_meta":{"origin":2611,"position":5},"title":"Carta abierta sobre el Plan de Acci\u00f3n para el TLC con Estados Unidos","author":"admin","date":"junio 1, 2011","format":false,"excerpt":"Se\u00f1or Presidente Juan Manuel Santos Ciudad Se\u00f1or Presidente: Las organizaciones que componen la Red Colombiana de Acci\u00f3n frente al Libre Comercio RECALCA[1], expresamos a usted p\u00fablicamente que estamos convencidos y tenemos argumentos sobre que el TLC firmado con Estados Unidos no permite avanzar en la consolidaci\u00f3n de la econom\u00eda colombiana,\u2026","rel":"","context":"En \u00ab\u00a1No a los TLC y al ALCA!\u00bb","block_context":{"text":"\u00a1No a los TLC y al ALCA!","link":"https:\/\/moir.com.co\/web\/category\/temas\/no-a-los-tlc-y-al-alca\/"},"img":{"alt_text":"","src":"","width":0,"height":0},"classes":[]}],"jetpack_sharing_enabled":true,"_links":{"self":[{"href":"https:\/\/moir.com.co\/web\/wp-json\/wp\/v2\/posts\/2611","targetHints":{"allow":["GET"]}}],"collection":[{"href":"https:\/\/moir.com.co\/web\/wp-json\/wp\/v2\/posts"}],"about":[{"href":"https:\/\/moir.com.co\/web\/wp-json\/wp\/v2\/types\/post"}],"author":[{"embeddable":true,"href":"https:\/\/moir.com.co\/web\/wp-json\/wp\/v2\/users\/1"}],"replies":[{"embeddable":true,"href":"https:\/\/moir.com.co\/web\/wp-json\/wp\/v2\/comments?post=2611"}],"version-history":[{"count":0,"href":"https:\/\/moir.com.co\/web\/wp-json\/wp\/v2\/posts\/2611\/revisions"}],"wp:attachment":[{"href":"https:\/\/moir.com.co\/web\/wp-json\/wp\/v2\/media?parent=2611"}],"wp:term":[{"taxonomy":"category","embeddable":true,"href":"https:\/\/moir.com.co\/web\/wp-json\/wp\/v2\/categories?post=2611"},{"taxonomy":"post_tag","embeddable":true,"href":"https:\/\/moir.com.co\/web\/wp-json\/wp\/v2\/tags?post=2611"}],"curies":[{"name":"wp","href":"https:\/\/api.w.org\/{rel}","templated":true}]}}