{"id":2594,"date":"2008-11-19T22:06:38","date_gmt":"2008-11-19T22:06:38","guid":{"rendered":"https:\/\/moir.org.co\/web\/carta-de-respuesta-de-la-cut-a-las-propuestas-del-periodista-leon-valencia-sobre-el-tlc\/"},"modified":"2008-11-19T22:06:38","modified_gmt":"2008-11-19T22:06:38","slug":"carta-de-respuesta-de-la-cut-a-las-propuestas-del-periodista-leon-valencia-sobre-el-tlc","status":"publish","type":"post","link":"https:\/\/moir.com.co\/web\/carta-de-respuesta-de-la-cut-a-las-propuestas-del-periodista-leon-valencia-sobre-el-tlc\/","title":{"rendered":"CARTA DE  RESPUESTA DE LA CUT A LAS PROPUESTAS DEL PERIODISTA LE\u00d3N VALENCIA SOBRE EL TLC"},"content":{"rendered":"<p><b>Central Unitaria de Trabajadores, CUT, Bogot\u00e1, noviembre 18 de 2008<\/b><\/p>\n<p>Doctor:<br \/>\nAndr\u00e9s Mompotes<br \/>\nJefe de Redacci\u00f3n<br \/>\nDiario \u201cEl Tiempo\u201d<br \/>\nE.S.D.<\/p>\n<p>Asunto: Derecho a r\u00e9plica columna \u201cCarta a los presidentes de las Centrales Obreras\u201d del s\u00e1bado 15 de noviembre escrita por Le\u00f3n Valencia<\/p>\n<p>Respetado Doctor:<\/p>\n<p>Las Centrales Obreras tenemos plena convicci\u00f3n, y as\u00ed lo hemos reiterado en nuestros pronunciamientos, que el asunto principal en las discusiones sobre los tratados de libre comercio es la defensa del mercado interno, los recursos naturales y el trabajo nacional.<\/p>\n<p>Las posibilidades de que nuestras fuerzas productivas alcancen un verdadero desarrollo, y con ello el mejoramiento del nivel de vida de los colombianos, est\u00e1n estrechamente ligadas al prop\u00f3sito de abastecer nuestro mercado interno con mercanc\u00edas, productos y servicios de origen nacional y a que la capacidad de compra de los trabajadores les permita satisfacer sus m\u00e1s elementales necesidades. Partir de premisas distintas al momento de opinar sobre el libre comercio y la globalizaci\u00f3n, conduce al equ\u00edvoco de negar la disparidad existente entre las econom\u00edas gringa y europea y la nuestra y a soslayar el inter\u00e9s marcado de esas potencias por inundar nuestro mercado con sus mercanc\u00edas, capitales y servicios, golpeando a\u00fan m\u00e1s nuestra ya mermada capacidad productiva.<\/p>\n<p>No se trata solamente de firmar un cap\u00edtulo garantista en materia de derechos laborales y libertades ciudadanas, que por supuesto est\u00e1n harto maltrechas por imposici\u00f3n de esas potencias; se trata de defender las riquezas naturales, la producci\u00f3n y el trabajo nacionales, que es en \u00faltimas el derecho a desarrollarnos como naci\u00f3n independiente, tal como lo intentan hacer Bolivia, Ecuador y Venezuela, entre otras.<\/p>\n<p>Al movimiento sindical, antes que pensar en conciliar y alcahuetear los desmanes que se cometen contra la naci\u00f3n colombiana y su poblaci\u00f3n, le corresponde continuar dando la batalla contra la aprobaci\u00f3n del TLC con Estados Unidos y denunciar ante el mundo el car\u00e1cter autoritario y dictatorial del presidente \u00c1lvaro Uribe y la manera como el gran empresariado colombiano lo secunda en tal desprop\u00f3sito.<\/p>\n<p>Respecto al triunfo electoral de Barack Obama, lo consideramos un rechazo del pueblo norteamericano a la pol\u00edtica econ\u00f3mica y guerrerista de Bush, sin olvidar que los intereses de la potencia imperialista son bien distintos de los nuestros y que la globalizaci\u00f3n y el neoliberalismo que impulsa corresponden a pol\u00edticas bipartidistas de Estado que comprometen en Estados Unidos tanto a Dem\u00f3cratas como Republicanos.<\/p>\n<p>Finalmente, los intransigentes y renuentes a reconocer los derechos de asociaci\u00f3n y negociaci\u00f3n de los trabajadores han sido precisamente los gobiernos de turno y con mucho el de Uribe V\u00e9lez aupado por los grandes \u201cCacaos\u201d de la Andi y del sector financiero. \u00bfO en qu\u00e9 pa\u00eds cree usted que ocurrieron los recientes paros de los corteros de ca\u00f1a, de la Rama Judicial, el magisterio, la Registradur\u00eda, la DIAN y el ICBF, entre otros? Lamentable y rechazable su insinuaci\u00f3n coincidente con el uribismo sobre la instrumentalizaci\u00f3n del sindicalismo por parte de los grupos ilegales. Seguimos estando de la orilla de los trabajadores, de la democracia y de la Naci\u00f3n.<\/p>\n<p>La valiente y justa lucha de los ind\u00edgenas, que merece el apoyo decidido de todos los colombianos de bien, muestra con meridiana claridad que los problemas de Colombia y su gente son mucho m\u00e1s graves que los que usted parece considerar en su columna y en sus propuestas. No es simple coincidencia que en los puntos que orientan la Minga Ind\u00edgena se consigne el rechazo total al TLC que el gobierno de Uribe V\u00e9lez hizo aprobar de su Congreso y que suplican a voz en cuello que se les ratifique en el\u00a0 de los Estados Unidos.<\/p>\n<p>COMIT\u00c9 EJECUTIVO CENTRAL UNITARIA DE TRABAJADORES, CUT\u00a0<\/p>\n<p>TARSICIO MORA<br \/>\nPresidente<\/p>\n<p>DOMINGO TOVAR<br \/>\nSecretario General<br \/>\n\u00a0<br \/>\nCc Le\u00f3n Valencia Columnista El Tiempo.<\/p>\n","protected":false},"excerpt":{"rendered":"<p>Central Unitaria de Trabajadores, CUT, Bogot\u00e1, noviembre 18 de 2008 Doctor: Andr\u00e9s Mompotes Jefe de Redacci\u00f3n Diario \u201cEl Tiempo\u201d E.S.D. Asunto: Derecho a r\u00e9plica columna \u201cCarta a los presidentes de las Centrales Obreras\u201d del s\u00e1bado 15 de noviembre escrita por Le\u00f3n Valencia Respetado Doctor: Las Centrales Obreras tenemos plena convicci\u00f3n, y as\u00ed lo hemos reiterado [&hellip;]<\/p>\n","protected":false},"author":1,"featured_media":0,"comment_status":"open","ping_status":"open","sticky":false,"template":"","format":"standard","meta":{"advanced_seo_description":"","jetpack_seo_html_title":"","jetpack_seo_noindex":false,"_jetpack_memberships_contains_paid_content":false,"footnotes":""},"categories":[7],"tags":[],"class_list":["post-2594","post","type-post","status-publish","format-standard","hentry","category-pronunciamientos-de-organizaciones-sociales"],"jetpack_featured_media_url":"","jetpack-related-posts":[{"id":5657,"url":"https:\/\/moir.com.co\/web\/pronunciamiento-de-la-cut-frente-a-la-carta-acuerdo-laboral\/","url_meta":{"origin":2594,"position":0},"title":"Pronunciamiento de la CUT frente a la Carta Acuerdo Laboral","author":"admin","date":"mayo 28, 2011","format":false,"excerpt":"La Central Unitaria de Trabajadores de Colombia, CUT, informa y comunica a los trabajadores, sectores sociales y opini\u00f3n p\u00fablica nacional e internacional, que nunca ha negado el di\u00e1logo y la concertaci\u00f3n, siempre y cuando, \u00e9sta sea fruto del entendimiento entre las partes y no a conveniencia de las pol\u00edticas gubernamentales,\u2026","rel":"","context":"En \u00abPronunciamientos de Organizaciones Sociales\u00bb","block_context":{"text":"Pronunciamientos de Organizaciones Sociales","link":"https:\/\/moir.com.co\/web\/category\/pronunciamientos-de-organizaciones-sociales\/"},"img":{"alt_text":"","src":"","width":0,"height":0},"classes":[]},{"id":21154,"url":"https:\/\/moir.com.co\/web\/v-congreso-de-la-cut-por-la-independencia-y-el-caracter-clasista-de-la-central-sindical\/","url_meta":{"origin":2594,"position":1},"title":"V Congreso de la CUT: POR LA INDEPENDENCIA Y EL CAR\u00c1CTER CLASISTA DE LA CENTRAL SINDICAL","author":"admin","date":"agosto 21, 2005","format":false,"excerpt":"Por Gustavo Triana Para los d\u00edas 16, 17, 18 y 19 de noviembre de 2005, ha sido convocado en Bogot\u00e1 el V Congreso Ordinario de la Central Unitaria de Trabajadores, CUT. El evento reviste gran importancia para los trabajadores, toda vez que la principal confederaci\u00f3n obrera de Colombia debe tomar\u2026","rel":"","context":"En \u00abGustavo Triana\u00bb","block_context":{"text":"Gustavo Triana","link":"https:\/\/moir.com.co\/web\/category\/bitacoras\/gustavo-triana\/"},"img":{"alt_text":"","src":"","width":0,"height":0},"classes":[]},{"id":452,"url":"https:\/\/moir.com.co\/web\/sobre-el-nuevo-comite-ejecutivo-de-la-cut\/","url_meta":{"origin":2594,"position":2},"title":"SOBRE EL NUEVO COMIT\u00c9 EJECUTIVO DE  LA CUT","author":"admin","date":"agosto 9, 2004","format":false,"excerpt":"Bogot\u00e1, noviembre 12 de 2002 Durante 16 a\u00f1os, en la CUT ha predominado, no sin tropiezos, la democracia sindical, siendo uno de los pilares de su consolidaci\u00f3n y desarrollo que la han convertido en una de las centrales obreras m\u00e1s importantes de Am\u00e9rica Latina, respetada por el movimiento sindical internacional\u2026","rel":"","context":"En \u00abPronunciamientos de Organizaciones Sociales\u00bb","block_context":{"text":"Pronunciamientos de Organizaciones Sociales","link":"https:\/\/moir.com.co\/web\/category\/pronunciamientos-de-organizaciones-sociales\/"},"img":{"alt_text":"","src":"","width":0,"height":0},"classes":[]},{"id":6134,"url":"https:\/\/moir.com.co\/web\/apoyamos-huelga-en-prodeco-glencore\/","url_meta":{"origin":2594,"position":3},"title":"Apoyamos huelga en Prodeco-Glencore","author":"admin","date":"noviembre 23, 2011","format":false,"excerpt":"El jueves 17 de noviembre m\u00e1s de 1.600 trabajadores del carb\u00f3n de C.I. Prodeco iniciaron la huelga en la mina situada en el municipio de la Jagua de Ibirico, Cesar, al no alcanzar ning\u00fan acuerdo en las negociaciones del pliego de peticiones con la empresa que es filial de la\u2026","rel":"","context":"En \u00abPronunciamientos de Organizaciones Sociales\u00bb","block_context":{"text":"Pronunciamientos de Organizaciones Sociales","link":"https:\/\/moir.com.co\/web\/category\/pronunciamientos-de-organizaciones-sociales\/"},"img":{"alt_text":"","src":"","width":0,"height":0},"classes":[]},{"id":632,"url":"https:\/\/moir.com.co\/web\/resolucion-de-la-cut-antioquia-contra-los-nefastos-contratos-sindicales\/","url_meta":{"origin":2594,"position":4},"title":"RESOLUCI\u00d3N DE LA CUT ANTIOQUIA CONTRA LOS NEFASTOS &#8220;CONTRATOS SINDICALES&#8221;","author":"admin","date":"agosto 11, 2004","format":false,"excerpt":"Central Unitaria de Trabajadores -CUT- Antioquia, Medell\u00edn, marzo 6 de 2004. RESOLUCI\u00d3N La Junta Departamental de Antioquia de la Subdirectiva CUT reunida en Medell\u00edn los d\u00edas 3, 4, 5 y 6 de Marzo de 2004. CONSIDERANDO: 1. Que la pol\u00edtica neoliberal del gobierno de Uribe V\u00e9lez comprometida con la OMC\u2026","rel":"","context":"En \u00abPronunciamientos de Organizaciones Sociales\u00bb","block_context":{"text":"Pronunciamientos de Organizaciones Sociales","link":"https:\/\/moir.com.co\/web\/category\/pronunciamientos-de-organizaciones-sociales\/"},"img":{"alt_text":"","src":"","width":0,"height":0},"classes":[]},{"id":649,"url":"https:\/\/moir.com.co\/web\/agresion-a-la-democracia\/","url_meta":{"origin":2594,"position":5},"title":"AGRESI\u00d3N A LA DEMOCRACIA","author":"admin","date":"agosto 11, 2004","format":false,"excerpt":"La Central Unitaria de Trabajadores, CUT, denuncia ante la opini\u00f3n p\u00fablica nacional e internacional que en el d\u00eda de hoy durante la protesta contra el inicio de la conversaciones de la Comunidad Andina con los Estados Unidos para el Tratado del Libre Comercio en la ciudad de Cartagena, el gobierno\u2026","rel":"","context":"En \u00abPronunciamientos de Organizaciones Sociales\u00bb","block_context":{"text":"Pronunciamientos de Organizaciones Sociales","link":"https:\/\/moir.com.co\/web\/category\/pronunciamientos-de-organizaciones-sociales\/"},"img":{"alt_text":"","src":"","width":0,"height":0},"classes":[]}],"jetpack_sharing_enabled":true,"_links":{"self":[{"href":"https:\/\/moir.com.co\/web\/wp-json\/wp\/v2\/posts\/2594","targetHints":{"allow":["GET"]}}],"collection":[{"href":"https:\/\/moir.com.co\/web\/wp-json\/wp\/v2\/posts"}],"about":[{"href":"https:\/\/moir.com.co\/web\/wp-json\/wp\/v2\/types\/post"}],"author":[{"embeddable":true,"href":"https:\/\/moir.com.co\/web\/wp-json\/wp\/v2\/users\/1"}],"replies":[{"embeddable":true,"href":"https:\/\/moir.com.co\/web\/wp-json\/wp\/v2\/comments?post=2594"}],"version-history":[{"count":0,"href":"https:\/\/moir.com.co\/web\/wp-json\/wp\/v2\/posts\/2594\/revisions"}],"wp:attachment":[{"href":"https:\/\/moir.com.co\/web\/wp-json\/wp\/v2\/media?parent=2594"}],"wp:term":[{"taxonomy":"category","embeddable":true,"href":"https:\/\/moir.com.co\/web\/wp-json\/wp\/v2\/categories?post=2594"},{"taxonomy":"post_tag","embeddable":true,"href":"https:\/\/moir.com.co\/web\/wp-json\/wp\/v2\/tags?post=2594"}],"curies":[{"name":"wp","href":"https:\/\/api.w.org\/{rel}","templated":true}]}}