{"id":2587,"date":"2008-11-17T16:46:12","date_gmt":"2008-11-17T16:46:12","guid":{"rendered":"https:\/\/moir.org.co\/web\/movilizacion-80-anos-de-la-huelga-y-rechazo-a-la-masacre-en-las-bananeras-del-magdalena\/"},"modified":"2008-11-17T16:46:12","modified_gmt":"2008-11-17T16:46:12","slug":"movilizacion-80-anos-de-la-huelga-y-rechazo-a-la-masacre-en-las-bananeras-del-magdalena","status":"publish","type":"post","link":"https:\/\/moir.com.co\/web\/movilizacion-80-anos-de-la-huelga-y-rechazo-a-la-masacre-en-las-bananeras-del-magdalena\/","title":{"rendered":"MOVILIZACION: 80 A\u00d1OS DE LA HUELGA Y RECHAZO A LA MASACRE EN LAS BANANERAS DEL MAGDALENA"},"content":{"rendered":"<p><b>Programa conjunto Alcald\u00eda de Ci\u00e9naga &#8211; Comit\u00e9 de Impulso Intersindical y de organizaciones sociales. Circularan dos libros. Gran marcha y concentraci\u00f3n en Monumento de Rodrigo Arenas Betancourt a los m\u00e1rtires de las bananeras<\/b><\/p>\n<p>En la semana del 1 al 6 de diciembre se realizar\u00e9 en Ci\u00e9naga Magdalena una gran movilizaci\u00f3n nacional e internacional conmemorativa de los 80 a\u00f1os de la huelga y de rechazo a la masacre en las bananeras perpetrada por el Gobierno Colombiano en defensa de los intereses de la multinacional  United Fruit Company, (hoy Chiquita Brands Continental Co.) y en condena a las pol\u00edticas del Gobierno de \u00c1lvaro Uribe V\u00e9lez contra los derechos laborales y la vida de los  trabajadores y el pueblo Colombiano y en contra de la insistencia  de su Gobierno en la aprobaci\u00f3n del TLC impuesto por E.U. en beneficio de sus multinacionales saqueadoras de la riqueza, producci\u00f3n y trabajo nacionales.<\/p>\n<p>Se realizar\u00e1n actos religiosos, conferencias, foros, presentaciones musicales, veladas, exposiciones pict\u00f3ricas y f\u00edlmicas y difusi\u00f3n de los libros: 80 a\u00f1os de la huelga y masacre de las bananeras y Memoria de una epopeya. Un Foro Internacional de las Centrales Sindicales CUT, CGT, CTC , de E.U. y otros pa\u00edses invitados, un pleno nacional de Juntas Directivas de Fecode, el d\u00eda 5 de diciembre y grandes marcha desde la Frutera y el Templete al Parque y Monumento de los M\u00e1rtires, el s\u00e1bado 6 de diciembre desde las 8 a.m. Culmina con una Gran Concentracion en la Plaza de los M\u00e1rtires.  <\/p>\n<p>Se har\u00e1 presente la dirigencia nacional de la Gran Coalici\u00f3n Democr\u00e1tica, el Polo Demor\u00e1tico Alternativo, el Partido Liberal, Centrales Obreras, organizaciones sociales locales, regionales, nacionales e internacionales y un nutrido n\u00famero de invitados especiales, as\u00ed como miles de trabajadores del Magdalena, la Costa Atl\u00e1ntica y delegaciones del resto de departamentos de toda Colombia.<\/p>\n<p>En la ultima semana de noviembre se realizan los siguientes eventos, con entrada libre para todos los interesados :<\/p>\n<p>Lunes 24 de Noviembre desde las 4 pm en el Liceo Celed\u00f3n de Santa Marta: Conferencia del Profesor Alcides Cuello sobre los 80 a\u00f1os de la huelga y masacre en las bananeras del Magdalena.  Presentaci\u00f3n del  libro sobre el mismo tema por parte de su editor el Profesor Hern\u00e1n P\u00e9rez Zapata..<\/p>\n<p>Mi\u00e9rcoles 26 de Noviembre desde las 6 pm en la Logia Mas\u00f3nica de Ci\u00e9naga: Conversatorio sobre la Huelga y la Masacre en las bananeras.<\/p>\n<p>Jueves 27 de Noviembre desde las 4 pm: Foro en Edumag Santa Marta sobre la crisis econ\u00f3mica global y los 80 a\u00f1os de la huelga y masacre en las bananeras. Ponentes: Profesores Guillermo de la Hoz Carbon\u00f3 y Carlos Payares Gonz\u00e1lez. Convoca Edumag y la Comisi\u00f3n de Comunicaciones del Comit\u00e9 de Impulso a los actos conmemorativos de los 80 a\u00f1os de la huelga y de rechazo a la masacre en las bananeras. Invitados: Juntas Directivas CUT, CGT y CTC del Magdalena y sus organizacioens filiales, la prensa samaria, educadores y dem\u00e1s interesados en el tema.<\/p>\n<p>Se programan para el fin de semana, Conferencias y Foros sobre los 80 a\u00f1os de la huelga y masacre en las bananeras, en Aracataca y otras 10 poblaciones del Eje Bananero del Magdalena.<\/p>\n<p>Durante la semana del 1 al 6 de diciembre se cumplir\u00e1 en Ci\u00e9naga el siguiente programa unificado por parte de la Alcald\u00eda y el Comit\u00e9 de Impulso de la conmemoraci\u00f3n de los 80 a\u00f1os de la huelga y masacre en las bananeras del Magdalena.<\/p>\n<p>LUNES 1 de diciembre<\/p>\n<p>10:00 a.m. Misa en la Iglesia San Juan Bautista.<\/p>\n<p> 5:00 p.m. Lanzamiento y tertulia sobre el libro Memoria de una epopeya con el editor Carlos Payares Gonz\u00e1lez. Teatro Municipal. Responsable Alcald\u00eda Ci\u00e9naga.<\/p>\n<p>MARTES 2 de diciembre<\/p>\n<p>9:00 a.m. Conferencia \u201cLegado hist\u00f3rico sobre la masacre bananera\u201d del Profesor Aurelio Su\u00e1rez Montoya. Teatro Municipal. Responsable Leonel Juvinao Cruz, Asociaci\u00f3n por la Salvaci\u00f3n Agropecuaria del Magdalena.<\/p>\n<p>5:00 p.m. Concierto y lanzamiento de CD del grupo musical \u201cLos Selectos\u201d en homenaje a los m\u00e1rtires de las bananeras. Plaza del Centenario. Responsable Jorge Agudelo,  Fundaci\u00f3n Unidos por el Magdalena.<\/p>\n<p>MI\u00c9RCOLES 3 de diciembre<\/p>\n<p>8:00 a.m. Conferencia \u201cAspectos hist\u00f3ricos, pol\u00edticos y jur\u00eddicos de la huelga en las bananeras del Magdalena\u201d, del Doctor Pedro Bonnet Locarno. Conversatorio y declamaciones. Teatro Municipal. Responsable Biblioteca P\u00fablica Fundaci\u00f3n Caribe y Corporaci\u00f3n Estudios T\u00e9cnicos, CTEC.<\/p>\n<p>6:30 p.m. Conferencia \u201cAspectos socioecon\u00f3micos y pol\u00edticos de la Zona Bananera\u201d en la Sala M\u00faltiple del INFOTEP. Responsables Alcald\u00eda e INFOTEP.<\/p>\n<p>JUEVES  4 de diciembre<\/p>\n<p>9:00 a.m. Concurso y Exposici\u00f3n de Pintura al Parque sobre las Bananeras. Plaza del Centenario. Responsable Adolfo Rocha, Ludoteca y Alcald\u00eda Ci\u00e9naga.<\/p>\n<p>Tarde: Presentaci\u00f3n de recopilaci\u00f3n f\u00edlmica sobre la masacre en las bananeras. Teatro Municipal. Responsables: Fundaci\u00f3n 6 de diciembre y Comunicaciones Alcald\u00eda Ci\u00e9naga.<\/p>\n<p>VIERNES 5 de diciembre<\/p>\n<p>8:00 a.m. a 1:00 p.m. Foro Internacional \u201cEntorno pol\u00edtico, econ\u00f3mico y social, antes, durante y despues de la huelga en las bananeras\u201d. Participan organizaciones obreras de Colombia y E.U. Teatro Municipal. Responsables CUT, CGT, CTC.<\/p>\n<p>3:00 p.m. a 6:00 p.m. Coloquio Internacional 80 a\u00f1os de las bananeras. Participantes invitados por la Universidad del Magdalena en el Teatro Municipal de Ci\u00e9naga. Caminata con faroles desde el Teatro Municipal a la Plazoleta de los M\u00e1rtires Bananeros (Monumento del Maestro Rodrigo Arenas Betancourt) desde las 6:00 p.m.<\/p>\n<p>7:00 p.m. Vigilia. Misa en la Plazoleta de los M\u00e1rtires Bananeros. Demostraciones teatrales, canciones y muestras folcl\u00f3ricas hasta las 6:00 a.m. del s\u00e1bado 6 de diciembre. Responsable Alcald\u00eda de Ci\u00e9naga, Direcci\u00f3n de Cultura.<\/p>\n<p>S\u00c1BADO 6 de diciembre<\/p>\n<p>7: 00 a.m. Marchas desde la Frutera y el Templete hasta la Plaza de los M\u00e1rtires.<\/p>\n<p>8:30 a.m. Gran Concentraci\u00f3n en la Plazoleta de los M\u00e1rtires Bananeros frente al Monumento del Maestro Rodrigo Arenas Betancourt. Intervenciones del Alcalde Luis Gastelbondo Garc\u00eda, del Presidente del Polo Democr\u00e1tico Alternativo, Carlos Gaviria D\u00edaz, voceros del Partido Liberal,  CUT, CGT, CTC, Sintrainagro, Fecode y otros invitados especiales.<\/p>\n<p>! VIVA Colombia libre y democrAtica !<br \/>\n\u00a1 GLORIA ETERNA A LOS MARTIRES BANANEROS ! <\/p>\n<p>INFORMATIVO No. 2.  Comisi\u00f3n Comunicaciones del Comit\u00e9 de Impulso 80 a\u00f1os de la Huelga y rechazo a la masacre  en las bananeras del Magdalena. Samuel Antonio Arenas Saravia, Coordinador. Carlos Payares Gonz\u00e1lez, Tomas Munive, Hern\u00e1n P\u00e9rez Zapata. Ci\u00e9naga, noviembre 18 al 21 de 2008.<\/p>\n","protected":false},"excerpt":{"rendered":"<p>Programa conjunto Alcald\u00eda de Ci\u00e9naga &#8211; Comit\u00e9 de Impulso Intersindical y de organizaciones sociales. Circularan dos libros. Gran marcha y concentraci\u00f3n en Monumento de Rodrigo Arenas Betancourt a los m\u00e1rtires de las bananeras En la semana del 1 al 6 de diciembre se realizar\u00e9 en Ci\u00e9naga Magdalena una gran movilizaci\u00f3n nacional e internacional conmemorativa de [&hellip;]<\/p>\n","protected":false},"author":1,"featured_media":0,"comment_status":"open","ping_status":"open","sticky":false,"template":"","format":"standard","meta":{"advanced_seo_description":"","jetpack_seo_html_title":"","jetpack_seo_noindex":false,"_jetpack_memberships_contains_paid_content":false,"footnotes":""},"categories":[7],"tags":[],"class_list":["post-2587","post","type-post","status-publish","format-standard","hentry","category-pronunciamientos-de-organizaciones-sociales"],"jetpack_featured_media_url":"","jetpack-related-posts":[{"id":611,"url":"https:\/\/moir.com.co\/web\/exitoso-acto-por-una-colombia-libre-en-cienaga-magdalena\/","url_meta":{"origin":2587,"position":0},"title":"\u00a1EXITOSO ACTO POR UNA COLOMBIA LIBRE EN CI\u00c9NAGA, MAGDALENA!","author":"admin","date":"agosto 11, 2004","format":false,"excerpt":"Comando Regional Unitario de Trabajadores y Organizaciones Sociales, Santa Marta, diciembre 10 de 2003 Organizado por el Comando Regional Unitario de Trabajadores y Organizaciones Sociales del Magdalena y la Secretar\u00eda de Cultura Municipal se cumpli\u00f3 en Ci\u00e9naga, Magdalena, el acto de homenaje a los m\u00e1rtires de las bananeras asesinados el\u2026","rel":"","context":"En \u00abPronunciamientos de Organizaciones Sociales\u00bb","block_context":{"text":"Pronunciamientos de Organizaciones Sociales","link":"https:\/\/moir.com.co\/web\/category\/pronunciamientos-de-organizaciones-sociales\/"},"img":{"alt_text":"","src":"","width":0,"height":0},"classes":[]},{"id":600,"url":"https:\/\/moir.com.co\/web\/homenaje-a-los-obreros-de-las-bananeras-75-anos-despues\/","url_meta":{"origin":2587,"position":1},"title":"\u00a1HOMENAJE A LOS OBREROS DE LAS BANANERAS 75 A\u00d1OS DESPU\u00c9S !","author":"admin","date":"agosto 11, 2004","format":false,"excerpt":"En las primeras d\u00e9cadas del siglo XX se sucedieron hechos que marcaron la \u00e9poca y dejaron profundas huellas. La p\u00e9rdida del istmo de Panam\u00e1 auspiciada por Estados Unidos, pa\u00eds que inauguraba su asunci\u00f3n a la condici\u00f3n de potencia imperialista. Al mismo tiempo la compa\u00f1\u00eda United Fruit Company establec\u00eda un enclave\u2026","rel":"","context":"En \u00abPronunciamientos de Organizaciones Sociales\u00bb","block_context":{"text":"Pronunciamientos de Organizaciones Sociales","link":"https:\/\/moir.com.co\/web\/category\/pronunciamientos-de-organizaciones-sociales\/"},"img":{"alt_text":"","src":"","width":0,"height":0},"classes":[]},{"id":2595,"url":"https:\/\/moir.com.co\/web\/en-conmemoracion-de-los-80-anos-de-la-gloriosa-huelga-de-las-bananeras\/","url_meta":{"origin":2587,"position":2},"title":"EN CONMEMORACION DE LOS 80 A\u00d1OS DE LA GLORIOSA HUELGA DE LAS BANANERAS","author":"admin","date":"noviembre 19, 2008","format":false,"excerpt":"Ci\u00e9naga, Magdalena, noviembre 19 de 2008 El 12 de noviembre de 1928, hace exactamente, 80 a\u00f1os y 5 d\u00edas, se dio inicio a la heroica, patri\u00f3tica y antiimperialista huelga de las bananeras contra el enclave colonial que representaba la empresa norteamericana United Fruit Company en nuestra patria. Esta multinacional del\u2026","rel":"","context":"En \u00abTemas\u00bb","block_context":{"text":"Temas","link":"https:\/\/moir.com.co\/web\/category\/temas\/"},"img":{"alt_text":"","src":"","width":0,"height":0},"classes":[]},{"id":639,"url":"https:\/\/moir.com.co\/web\/masiva-movilizacion-contra-el-tlc-y-el-alca\/","url_meta":{"origin":2587,"position":3},"title":"MASIVA MOVILIZACI\u00d3N CONTRA EL TLC Y EL ALCA","author":"admin","date":"agosto 11, 2004","format":false,"excerpt":"En el sitio La Frutera, situado en la estrat\u00e9gica Troncal del Caribe a un kil\u00f3metro del casco urbano de Ci\u00e9naga, Magdalena, a las ocho de la ma\u00f1ana del 15 de abril confluyeron las delegaciones de trabajadores, maestros, campesinos, estudiantes, pescadores, productores de banano, caf\u00e9, frutas y pensionados, quienes proven\u00edan de\u2026","rel":"","context":"En \u00abPronunciamientos de Organizaciones Sociales\u00bb","block_context":{"text":"Pronunciamientos de Organizaciones Sociales","link":"https:\/\/moir.com.co\/web\/category\/pronunciamientos-de-organizaciones-sociales\/"},"img":{"alt_text":"","src":"","width":0,"height":0},"classes":[]},{"id":21285,"url":"https:\/\/moir.com.co\/web\/cincuentenario-de-las-bananeras-revolucionaria-conmemoracion-en-cienaga\/","url_meta":{"origin":2587,"position":4},"title":"Cincuentenario de las bananeras: REVOLUCIONARIA CONMEMORACI\u00d3N EN CI\u00c9NAGA","author":"admin","date":"febrero 16, 2009","format":false,"excerpt":"Desde el pasado 6 de diciembre, en la Plaza de los M\u00e1rtires de Ci\u00e9naga, en el mismo sitio donde cincuenta a\u00f1os atr\u00e1s el gobierno olig\u00e1rquico de Miguel Abad\u00eda M\u00e9ndez masacrara m\u00e1s de mil trabajadores bananeros, se yergue ahora, proyectado hacia el cielo por una estructura de seis metros de altura,\u2026","rel":"","context":"En \u00abTribuna Roja N\u00ba 33, Bogot\u00e1; febrero-marzo de 1979\u00bb","block_context":{"text":"Tribuna Roja N\u00ba 33, Bogot\u00e1; febrero-marzo de 1979","link":"https:\/\/moir.com.co\/web\/category\/tribuna-roja\/ediciones-1975-1979\/tribuna-roja-n-33-bogota-febrero-marzo-de-1979\/"},"img":{"alt_text":"","src":"","width":0,"height":0},"classes":[]},{"id":7070,"url":"https:\/\/moir.com.co\/web\/polo-democratico-del-atlantico-rindio-homenaje-a-los-martires-de-las-bananeras\/","url_meta":{"origin":2587,"position":5},"title":"Polo Democr\u00e1tico del Atl\u00e1ntico rindi\u00f3 homenaje a los m\u00e1rtires de las bananeras","author":"admin","date":"diciembre 6, 2012","format":false,"excerpt":"Se cumplen 84 a\u00f1os de una de las m\u00e1s grandes ignominias contra el pueblo colombiano como lo fue la Masacre de las Bananeras ocurrida el 6 de diciembre de 1928, cuando m\u00e1s de treinta mil obreros que trabajaban en el enclave colonial que ten\u00eda la United Fruit Company en Ci\u00e9naga\u2026","rel":"","context":"En \u00abPolo Democr\u00e1tico Alternativo\u00bb","block_context":{"text":"Polo Democr\u00e1tico Alternativo","link":"https:\/\/moir.com.co\/web\/category\/polo-democratico-alternativo\/"},"img":{"alt_text":"","src":"","width":0,"height":0},"classes":[]}],"jetpack_sharing_enabled":true,"_links":{"self":[{"href":"https:\/\/moir.com.co\/web\/wp-json\/wp\/v2\/posts\/2587","targetHints":{"allow":["GET"]}}],"collection":[{"href":"https:\/\/moir.com.co\/web\/wp-json\/wp\/v2\/posts"}],"about":[{"href":"https:\/\/moir.com.co\/web\/wp-json\/wp\/v2\/types\/post"}],"author":[{"embeddable":true,"href":"https:\/\/moir.com.co\/web\/wp-json\/wp\/v2\/users\/1"}],"replies":[{"embeddable":true,"href":"https:\/\/moir.com.co\/web\/wp-json\/wp\/v2\/comments?post=2587"}],"version-history":[{"count":0,"href":"https:\/\/moir.com.co\/web\/wp-json\/wp\/v2\/posts\/2587\/revisions"}],"wp:attachment":[{"href":"https:\/\/moir.com.co\/web\/wp-json\/wp\/v2\/media?parent=2587"}],"wp:term":[{"taxonomy":"category","embeddable":true,"href":"https:\/\/moir.com.co\/web\/wp-json\/wp\/v2\/categories?post=2587"},{"taxonomy":"post_tag","embeddable":true,"href":"https:\/\/moir.com.co\/web\/wp-json\/wp\/v2\/tags?post=2587"}],"curies":[{"name":"wp","href":"https:\/\/api.w.org\/{rel}","templated":true}]}}